{"id":650427,"date":"2026-01-08T23:06:12","date_gmt":"2026-01-08T23:06:12","guid":{"rendered":"https:\/\/www.europesays.com\/fr\/650427\/"},"modified":"2026-01-08T23:06:12","modified_gmt":"2026-01-08T23:06:12","slug":"hokkaido-jour-16-epilogue","status":"publish","type":"post","link":"https:\/\/www.europesays.com\/fr\/650427\/","title":{"rendered":"Hokkaido jour 16 : \u00e9pilogue"},"content":{"rendered":"<p><b>\u00ab\u00a0Jour 16 \u00e9pilogue\u00a0\u00bb, mais c&rsquo;\u00e9tait pas cens\u00e9 \u00eatre 17?<\/b> oui, mais finalement, le 17eme jour se sera transform\u00e9 en une \u00e9tape de transition vers l&rsquo;a\u00e9roport de Sapporo pour le retour vers Tokyo puis la France, sans \u00e9v\u00e9nement notable m\u00e9ritant que j&rsquo;y consacre un article.<\/p>\n<p>En ce 16\u00e8me jour, le ciel bleu et la douceur reprennent encore une fois le dessus : ca restera la petite frustration de ce voyage, le nombre de journ\u00e9es de beau temps, de ciel bleu, alors que je privil\u00e9gie clairement les ambiances incroyables qu&rsquo;offrent les blizzard d&rsquo;Hokkaido. Mais bon, c&rsquo;est ainsi, nul ne contr\u00f4le la m\u00e9t\u00e9o, et surtout cela ne m&rsquo;a pas emp\u00each\u00e9 de trouver photographiquement ce que j&rsquo;\u00e9tais venu chercher (sans savoir ce que je cherchais \u00e9videmment). C&rsquo;\u00e9tait une exp\u00e9rience rare et puissante que de se consacrer exclusivement \u00e0 la photo pendant plusieurs semaines. Un luxe \u00e9puisant pour \u00eatre franc, mais extraordinaire.<\/p>\n<p>Au d\u00e9but du trip, je pensais na\u00efvement pouvoir boucler mon arc Hokkaido, revenir avec suffisamment de mati\u00e8re pour apaiser mon obsession. Mais j&rsquo;aime trop cet endroit, et chaque visite ne fait qu&rsquo;ouvrir de nouvelles voies d&rsquo;exploration, de nouvelles s\u00e9ries qui exigent d&rsquo;\u00eatre poursuivies.<br \/>En repartant,\u00a0 je sais d\u00e9j\u00e0 que je serai de retour en\u00a0 2026.<\/p>\n<p>Juin 2025 : mes billets sont r\u00e9serv\u00e9s. Ce sera donc du 8 au 30 janvier 2026, 2 semaines plus t\u00f4t pour essayer de mettre les temp\u00eates de janvier et le froid de mon cot\u00e9. Ah ben tiens, quelle coincidence alors : <b>le 8 janvier 2026, c&rsquo;est aujourd&rsquo;hui<\/b>. Je poste cet article de conclusion d&rsquo;Hokkaido 2025 depuis l&rsquo;a\u00e9roport du G\u00e9n\u00e9ral en attendant d&#8217;embarquer dans le bus volant pour un peu plus de 13 heures.\u00a0<\/p>\n<p>La boucle est boucl\u00e9e, un nouveau cycle commence. Demain soir, je dors \u00e0 Sapporo.\u00a0<b>Hokkaido 2026. <\/b>(surement des choses \u00e0 suivre sur <a href=\"https:\/\/www.instagram.com\/guillaumelahure\" style=\"\" target=\"_blank\" rel=\"noopener\">instagram.com\/guillaumelahure<\/a> )<\/p>\n<p>                        <script async src=\"\/\/www.instagram.com\/embed.js\"><\/script><\/p>\n","protected":false},"excerpt":{"rendered":"\u00ab\u00a0Jour 16 \u00e9pilogue\u00a0\u00bb, mais c&rsquo;\u00e9tait pas cens\u00e9 \u00eatre 17? oui, mais finalement, le 17eme jour se sera transform\u00e9&hellip;\n","protected":false},"author":2,"featured_media":650428,"comment_status":"","ping_status":"","sticky":false,"template":"","format":"standard","meta":{"footnotes":""},"categories":[1358],"tags":[1348,1384,1385,1386,58,59,1011,27],"class_list":{"0":"post-650427","1":"post","2":"type-post","3":"status-publish","4":"format-standard","5":"has-post-thumbnail","7":"category-arts-et-design","8":"tag-arts","9":"tag-arts-and-design","10":"tag-arts-et-design","11":"tag-design","12":"tag-divertissement","13":"tag-entertainment","14":"tag-fr","15":"tag-france"},"share_on_mastodon":{"url":"https:\/\/pubeurope.com\/@fr\/115861991314547015","error":""},"_links":{"self":[{"href":"https:\/\/www.europesays.com\/fr\/wp-json\/wp\/v2\/posts\/650427","targetHints":{"allow":["GET"]}}],"collection":[{"href":"https:\/\/www.europesays.com\/fr\/wp-json\/wp\/v2\/posts"}],"about":[{"href":"https:\/\/www.europesays.com\/fr\/wp-json\/wp\/v2\/types\/post"}],"author":[{"embeddable":true,"href":"https:\/\/www.europesays.com\/fr\/wp-json\/wp\/v2\/users\/2"}],"replies":[{"embeddable":true,"href":"https:\/\/www.europesays.com\/fr\/wp-json\/wp\/v2\/comments?post=650427"}],"version-history":[{"count":0,"href":"https:\/\/www.europesays.com\/fr\/wp-json\/wp\/v2\/posts\/650427\/revisions"}],"wp:featuredmedia":[{"embeddable":true,"href":"https:\/\/www.europesays.com\/fr\/wp-json\/wp\/v2\/media\/650428"}],"wp:attachment":[{"href":"https:\/\/www.europesays.com\/fr\/wp-json\/wp\/v2\/media?parent=650427"}],"wp:term":[{"taxonomy":"category","embeddable":true,"href":"https:\/\/www.europesays.com\/fr\/wp-json\/wp\/v2\/categories?post=650427"},{"taxonomy":"post_tag","embeddable":true,"href":"https:\/\/www.europesays.com\/fr\/wp-json\/wp\/v2\/tags?post=650427"}],"curies":[{"name":"wp","href":"https:\/\/api.w.org\/{rel}","templated":true}]}}