{"id":650450,"date":"2026-01-08T23:19:36","date_gmt":"2026-01-08T23:19:36","guid":{"rendered":"https:\/\/www.europesays.com\/fr\/650450\/"},"modified":"2026-01-08T23:19:36","modified_gmt":"2026-01-08T23:19:36","slug":"can-tensions-a-saint-etienne-apres-la-victoire-de-lalgerie","status":"publish","type":"post","link":"https:\/\/www.europesays.com\/fr\/650450\/","title":{"rendered":"CAN : tensions \u00e0 Saint-Etienne apr\u00e8s la victoire de l\u2019Alg\u00e9rie"},"content":{"rendered":"<p>Mardi soir, \u00e0 Saint-\u00c9tienne, la qualification de l\u2019\u00e9quipe nationale alg\u00e9rienne pour les quarts de finale de la Coupe d\u2019Afrique des Nations (CAN) a donn\u00e9 lieu \u00e0 des d\u00e9bordements en centre-ville. Pr\u00e8s d\u2019une centaine de supporters se sont rassembl\u00e9s spontan\u00e9ment aux abords du Palais de justice, entra\u00eenant l\u2019intervention des forces de l\u2019ordre.<\/p>\n<p>Ce rassemblement festif apr\u00e8s la victoire de l&rsquo;Alg\u00e9rie a rapidement d\u00e9g\u00e9n\u00e9r\u00e9 \u00e0 Saint-Etienne. Les policiers pr\u00e9sents sur place ont \u00e9t\u00e9 vis\u00e9s par des tirs de feux d\u2019artifice et des jets de projectiles. 4 personnes ont \u00e9t\u00e9 interpell\u00e9es dans la soir\u00e9e. 2 d\u2019entre elles ont \u00e9t\u00e9 plac\u00e9es en garde \u00e0 vue pour d\u00e9gradations volontaires et actes de r\u00e9bellion.<\/p>\n<p><strong>Un prochain match sous surveillance<\/strong><\/p>\n<p>L\u2019Alg\u00e9rie doit d\u00e9sormais affronter le Nig\u00e9ria ce samedi \u00e0 17h en quarts de finale. En pr\u00e9vision de nouveaux rassemblements,\u00a0les autorit\u00e9s appellent au respect de l\u2019ordre public et annoncent un renforcement des mesures de s\u00e9curit\u00e9, avec notamment des rues ferm\u00e9es \u00e0 la circulation automobile en centre-ville de Saint-Etienne.\u00a0<\/p>\n<p>ZF<\/p>\n","protected":false},"excerpt":{"rendered":"Mardi soir, \u00e0 Saint-\u00c9tienne, la qualification de l\u2019\u00e9quipe nationale alg\u00e9rienne pour les quarts de finale de la Coupe&hellip;\n","protected":false},"author":2,"featured_media":650451,"comment_status":"","ping_status":"","sticky":false,"template":"","format":"standard","meta":{"footnotes":""},"categories":[9653],"tags":[1111,11,2430,1777,674,1011,27,12,25,4001],"class_list":{"0":"post-650450","1":"post","2":"type-post","3":"status-publish","4":"format-standard","5":"has-post-thumbnail","7":"category-saint-etienne","8":"tag-actu","9":"tag-actualites","10":"tag-auvergne-rhone-alpes","11":"tag-eu","12":"tag-europe","13":"tag-fr","14":"tag-france","15":"tag-news","16":"tag-republique-francaise","17":"tag-saint-etienne"},"share_on_mastodon":{"url":"https:\/\/pubeurope.com\/@fr\/115862042374798264","error":""},"_links":{"self":[{"href":"https:\/\/www.europesays.com\/fr\/wp-json\/wp\/v2\/posts\/650450","targetHints":{"allow":["GET"]}}],"collection":[{"href":"https:\/\/www.europesays.com\/fr\/wp-json\/wp\/v2\/posts"}],"about":[{"href":"https:\/\/www.europesays.com\/fr\/wp-json\/wp\/v2\/types\/post"}],"author":[{"embeddable":true,"href":"https:\/\/www.europesays.com\/fr\/wp-json\/wp\/v2\/users\/2"}],"replies":[{"embeddable":true,"href":"https:\/\/www.europesays.com\/fr\/wp-json\/wp\/v2\/comments?post=650450"}],"version-history":[{"count":0,"href":"https:\/\/www.europesays.com\/fr\/wp-json\/wp\/v2\/posts\/650450\/revisions"}],"wp:featuredmedia":[{"embeddable":true,"href":"https:\/\/www.europesays.com\/fr\/wp-json\/wp\/v2\/media\/650451"}],"wp:attachment":[{"href":"https:\/\/www.europesays.com\/fr\/wp-json\/wp\/v2\/media?parent=650450"}],"wp:term":[{"taxonomy":"category","embeddable":true,"href":"https:\/\/www.europesays.com\/fr\/wp-json\/wp\/v2\/categories?post=650450"},{"taxonomy":"post_tag","embeddable":true,"href":"https:\/\/www.europesays.com\/fr\/wp-json\/wp\/v2\/tags?post=650450"}],"curies":[{"name":"wp","href":"https:\/\/api.w.org\/{rel}","templated":true}]}}