{"id":650452,"date":"2026-01-08T23:20:28","date_gmt":"2026-01-08T23:20:28","guid":{"rendered":"https:\/\/www.europesays.com\/fr\/650452\/"},"modified":"2026-01-08T23:20:28","modified_gmt":"2026-01-08T23:20:28","slug":"benoit-ragazzini-recruteur-pour-les-vertes","status":"publish","type":"post","link":"https:\/\/www.europesays.com\/fr\/650452\/","title":{"rendered":"Beno\u00eet Ragazzini, recruteur pour les Vertes"},"content":{"rendered":"<p>Les Vertes se renforcent avec l\u2019arriv\u00e9e de Beno\u00eet Ragazzini au poste de recruteur. Ancien joueur de Brives-la-Gaillarde o\u00f9 il a \u00e9t\u00e9 form\u00e9 et avec qui il a connu jusqu&rsquo;au National 2, Beno\u00eet Ragazzini met un terme \u00e0 sa carri\u00e8re de joueur en 2002. \u00c0 partir de 2006, il entra\u00eene pendant pr\u00e8s de 10 ans au niveau r\u00e9gional masculin, et op\u00e8re \u00e9galement en tant que scout sur le territoire fran\u00e7ais pour l\u2019AC Milan (2020-2022). En 2022, Patrice Lair qui l&rsquo;avait entra\u00een\u00e9 \u00e0 Brives l&rsquo;int\u00e8gre au staff professionnel des Girondines de Bordeaux d\u2019abord en tant qu\u2019entra\u00eeneur adjoint charg\u00e9 de la vid\u00e9o, puis en tant que recruteur. L&rsquo;exp\u00e9rience tourne court en raison du d\u00e9p\u00f4t de bilan.<\/p>\n<p>Apr\u00e8s son passage en Gironde, Beno\u00eet Ragazzini fait le choix de poursuivre dans le domaine du recrutement, en collaborant pendant plus d\u2019un an avec des agents de joueuses, en France et \u00e0 l\u2019international. Il cultive ainsi son expertise sp\u00e9cifique du football f\u00e9minin. Durant cette p\u00e9riode, il a notamment l\u2019occasion de travailler avec l\u2019AS Saint-\u00c9tienne. D\u00e9sormais recruteur des Vertes, ce b\u00e2tisseur int\u00e9ress\u00e9 par le projet \u00e0 long terme propos\u00e9 par l&rsquo;AS Saint-\u00c9tienne s\u2019est ainsi constitu\u00e9 progressivement un r\u00e9seau solide, en France comme \u00e0 l\u2019\u00e9tranger.<\/p>\n<p><strong>Beno\u00eet Ragazzini :<\/strong> \u00ab Je suis tr\u00e8s heureux de rejoindre un club sain, aux personnes sinc\u00e8res et port\u00e9 par une forte ferveur. J\u2019ai \u00e9t\u00e9 tr\u00e8s bien accueilli par l\u2019ensemble des personnes, je me sens d\u00e9j\u00e0 pleinement int\u00e9gr\u00e9, tr\u00e8s motiv\u00e9 et d\u00e9termin\u00e9 \u00e0 m\u2019investir dans ce projet. Je suis convaincu que le d\u00e9veloppement d\u2019un club f\u00e9minin passe par une cellule de recrutement. De plus en plus de clubs fran\u00e7ais s\u2019appuient sur cette strat\u00e9gie, ce qui leur permet de franchir un cap, d\u2019attirer des joueuses \u00e0 fort potentiel et d\u2019\u00e9lever le niveau du championnat dans son ensemble. \u00bb<\/p>\n<p><strong>Jean-Marc Barsotti, pr\u00e9sident de l\u2019association AS Saint-\u00c9tienne :\u00a0<\/strong>\u00ab Le club, dans sa volont\u00e9 de faire progresser sa section f\u00e9minine, est tr\u00e8s heureux de l\u2019arriv\u00e9e de Beno\u00eet. Son analyse, sa compr\u00e9hension et son exp\u00e9rience du football f\u00e9minin sont de r\u00e9els atouts sur lesquels nous pourrons nous appuyer pour continuer \u00e0 grandir. \u00bb<\/p>\n","protected":false},"excerpt":{"rendered":"Les Vertes se renforcent avec l\u2019arriv\u00e9e de Beno\u00eet Ragazzini au poste de recruteur. Ancien joueur de Brives-la-Gaillarde o\u00f9&hellip;\n","protected":false},"author":2,"featured_media":650453,"comment_status":"","ping_status":"","sticky":false,"template":"","format":"standard","meta":{"footnotes":""},"categories":[9653],"tags":[1111,11,2430,1777,674,1011,27,12,25,4001],"class_list":{"0":"post-650452","1":"post","2":"type-post","3":"status-publish","4":"format-standard","5":"has-post-thumbnail","7":"category-saint-etienne","8":"tag-actu","9":"tag-actualites","10":"tag-auvergne-rhone-alpes","11":"tag-eu","12":"tag-europe","13":"tag-fr","14":"tag-france","15":"tag-news","16":"tag-republique-francaise","17":"tag-saint-etienne"},"share_on_mastodon":{"url":"https:\/\/pubeurope.com\/@fr\/115862046387913856","error":""},"_links":{"self":[{"href":"https:\/\/www.europesays.com\/fr\/wp-json\/wp\/v2\/posts\/650452","targetHints":{"allow":["GET"]}}],"collection":[{"href":"https:\/\/www.europesays.com\/fr\/wp-json\/wp\/v2\/posts"}],"about":[{"href":"https:\/\/www.europesays.com\/fr\/wp-json\/wp\/v2\/types\/post"}],"author":[{"embeddable":true,"href":"https:\/\/www.europesays.com\/fr\/wp-json\/wp\/v2\/users\/2"}],"replies":[{"embeddable":true,"href":"https:\/\/www.europesays.com\/fr\/wp-json\/wp\/v2\/comments?post=650452"}],"version-history":[{"count":0,"href":"https:\/\/www.europesays.com\/fr\/wp-json\/wp\/v2\/posts\/650452\/revisions"}],"wp:featuredmedia":[{"embeddable":true,"href":"https:\/\/www.europesays.com\/fr\/wp-json\/wp\/v2\/media\/650453"}],"wp:attachment":[{"href":"https:\/\/www.europesays.com\/fr\/wp-json\/wp\/v2\/media?parent=650452"}],"wp:term":[{"taxonomy":"category","embeddable":true,"href":"https:\/\/www.europesays.com\/fr\/wp-json\/wp\/v2\/categories?post=650452"},{"taxonomy":"post_tag","embeddable":true,"href":"https:\/\/www.europesays.com\/fr\/wp-json\/wp\/v2\/tags?post=650452"}],"curies":[{"name":"wp","href":"https:\/\/api.w.org\/{rel}","templated":true}]}}