{"id":650464,"date":"2026-01-08T23:28:28","date_gmt":"2026-01-08T23:28:28","guid":{"rendered":"https:\/\/www.europesays.com\/fr\/650464\/"},"modified":"2026-01-08T23:28:28","modified_gmt":"2026-01-08T23:28:28","slug":"la-haye-du-puits-quand-des-medecins-viennent-combler-le-vide","status":"publish","type":"post","link":"https:\/\/www.europesays.com\/fr\/650464\/","title":{"rendered":"La Haye-du-Puits. Quand des m\u00e9decins viennent combler le vide !"},"content":{"rendered":"<p>\t\t\t\t\t\t\tSant\u00e9.<\/p>\n<p>\t\t\t\t\tSt\u00e9phane Bord, \u00e2g\u00e9 de 66 ans, m\u00e9decin g\u00e9n\u00e9raliste en cumul emploi-retraite, consulte au P\u00f4le sant\u00e9 2 jours par mois.\t\t\t\t<\/p>\n<p>\t\t\t\t\t\t\t\t<img decoding=\"async\" class=\"media illustration\" src=\"https:\/\/www.europesays.com\/fr\/wp-content\/uploads\/2026\/01\/1767914908_18_.jpeg\" width=\"1200\" height=\"578\" loading=\"eager\" fetchpriority=\"high\" alt=\"La Haye-du-Puits. Quand des m\u00e9decins viennent combler le vide !\"\/><\/p>\n<p>\t\t\t\t\t\t\t\t\t\t\t\t\t\t\tSt\u00e9phane Bord, un m\u00e9decin en cumul emploi-retraite, est heureux de rendre service<br \/>\n\u00e0 la population locale en coordination avec la Communaut\u00e9 de communes. &#8211; Yvon Kervella<\/p>\n","protected":false},"excerpt":{"rendered":"Sant\u00e9. St\u00e9phane Bord, \u00e2g\u00e9 de 66 ans, m\u00e9decin g\u00e9n\u00e9raliste en cumul emploi-retraite, consulte au P\u00f4le sant\u00e9 2 jours&hellip;\n","protected":false},"author":2,"featured_media":650465,"comment_status":"","ping_status":"","sticky":false,"template":"","format":"standard","meta":{"footnotes":""},"categories":[9587],"tags":[1111,11,1777,674,1011,27,12,5161,25,9590],"class_list":{"0":"post-650464","1":"post","2":"type-post","3":"status-publish","4":"format-standard","5":"has-post-thumbnail","7":"category-rouen","8":"tag-actu","9":"tag-actualites","10":"tag-eu","11":"tag-europe","12":"tag-fr","13":"tag-france","14":"tag-news","15":"tag-normandie","16":"tag-republique-francaise","17":"tag-rouen"},"share_on_mastodon":{"url":"https:\/\/pubeurope.com\/@fr\/115862077730042682","error":""},"_links":{"self":[{"href":"https:\/\/www.europesays.com\/fr\/wp-json\/wp\/v2\/posts\/650464","targetHints":{"allow":["GET"]}}],"collection":[{"href":"https:\/\/www.europesays.com\/fr\/wp-json\/wp\/v2\/posts"}],"about":[{"href":"https:\/\/www.europesays.com\/fr\/wp-json\/wp\/v2\/types\/post"}],"author":[{"embeddable":true,"href":"https:\/\/www.europesays.com\/fr\/wp-json\/wp\/v2\/users\/2"}],"replies":[{"embeddable":true,"href":"https:\/\/www.europesays.com\/fr\/wp-json\/wp\/v2\/comments?post=650464"}],"version-history":[{"count":0,"href":"https:\/\/www.europesays.com\/fr\/wp-json\/wp\/v2\/posts\/650464\/revisions"}],"wp:featuredmedia":[{"embeddable":true,"href":"https:\/\/www.europesays.com\/fr\/wp-json\/wp\/v2\/media\/650465"}],"wp:attachment":[{"href":"https:\/\/www.europesays.com\/fr\/wp-json\/wp\/v2\/media?parent=650464"}],"wp:term":[{"taxonomy":"category","embeddable":true,"href":"https:\/\/www.europesays.com\/fr\/wp-json\/wp\/v2\/categories?post=650464"},{"taxonomy":"post_tag","embeddable":true,"href":"https:\/\/www.europesays.com\/fr\/wp-json\/wp\/v2\/tags?post=650464"}],"curies":[{"name":"wp","href":"https:\/\/api.w.org\/{rel}","templated":true}]}}