{"id":650470,"date":"2026-01-08T23:34:33","date_gmt":"2026-01-08T23:34:33","guid":{"rendered":"https:\/\/www.europesays.com\/fr\/650470\/"},"modified":"2026-01-08T23:34:33","modified_gmt":"2026-01-08T23:34:33","slug":"un-cadeau-de-fin-dannee-le-departement-dille-et-vilaine-finance-lachat-de-100-kg-de-poissons-pour-repeupler-cet-etang","status":"publish","type":"post","link":"https:\/\/www.europesays.com\/fr\/650470\/","title":{"rendered":"\u00ab Un cadeau de fin d\u2019ann\u00e9e \u00bb : le d\u00e9partement d\u2019Ille-et-Vilaine finance l\u2019achat de 100\u00a0kg de poissons pour repeupler cet \u00e9tang"},"content":{"rendered":"<p>Lundi 22 d\u00e9cembre 2025, des sandres ont \u00e9t\u00e9 d\u00e9vers\u00e9s dans l\u2019\u00e9tang de Ch\u00e2tillon-en-Vendelais, au sud de Foug\u00e8res. Une mesure financ\u00e9e par le d\u00e9partement d\u2019Ille-et-Vilaine visant \u00e0 compenser la mort de dizaines de poissons en juillet 2025, suite \u00e0 la baisse drastique du niveau de l\u2019eau de l\u2019\u00e9tang. Malgr\u00e9 les alertes des p\u00eacheurs, le D\u00e9partement, propri\u00e9taire du plan d\u2019eau, avait tard\u00e9 \u00e0 r\u00e9agir pour r\u00e9soudre la panne de la sonde de surveillance.<\/p>\n<p>\u00ab Un douloureux \u00e9pisode \u00bb<\/p>\n<p>Cet incident avait \u00e9t\u00e9 v\u00e9cu par les p\u00eacheurs comme un \u00ab douloureux \u00e9pisode \u00bb, selon J\u00e9r\u00e9my Grandi\u00e8re, pr\u00e9sident de la f\u00e9d\u00e9ration de p\u00eache d\u2019Ille-et-Vilaine. M\u00eame si celui ci pr\u00e9cise que \u00ab tout s\u2019est bien pass\u00e9 \u00bb dans la r\u00e9solution du probl\u00e8me, et que cela a permis de mieux consid\u00e9rer la place des p\u00eacheurs. \u00ab On a demand\u00e9 plus de consid\u00e9ration d\u00e8s qu\u2019on passe une alerte \u00bb, expose-t-il.<\/p>\n<p>Le conseil d\u00e9partemental s\u2019\u00e9tait engag\u00e9 \u00e0 corriger son erreur et \u00e0 financer le d\u00e9versement de 100 kg de sandres dans l\u2019\u00e9tang, pour un co\u00fbt de 2 532 euros.<\/p>\n<p>La reproduction assur\u00e9e<\/p>\n<p>Les sp\u00e9cimens plac\u00e9s dans l\u2019\u00e9tang sont des poissons maill\u00e9s, c\u2019est-\u00e0-dire qu\u2019ils d\u00e9passent la taille de 50 centim\u00e8tres, en dessous de laquelle la capture est interdite. Bien que la p\u00eache soit ouverte jusqu\u2019\u00e0 fin janvier, J\u00e9r\u00e9my Grandi\u00e8re explique qu\u2019\u00ab il n\u2019y a pas de facilit\u00e9 de prise sur ces poissons \u00bb, et se montre confiant pour l\u2019avenir de l\u2019esp\u00e8ce sur le site : \u00ab Le sandre peut avoir environ 200 000 \u0153ufs par kg, donc on esp\u00e8re une belle reproduction sur l\u2019\u00e9tang. \u00bb<\/p>\n<p>En tout cas, l\u2019op\u00e9ration a \u00e9t\u00e9 \u00ab tr\u00e8s bien per\u00e7ue \u00bb par les p\u00eacheurs. \u00ab C\u2019\u00e9tait un peu le cadeau de fin d\u2019ann\u00e9e \u00bb, estime J\u00e9r\u00e9my Grandi\u00e8re. \u00ab Nous sommes heureux et fiers d\u2019avoir \u00e9t\u00e9 identifi\u00e9s comme des acteurs importants par le d\u00e9partement \u00bb.<\/p>\n","protected":false},"excerpt":{"rendered":"Lundi 22 d\u00e9cembre 2025, des sandres ont \u00e9t\u00e9 d\u00e9vers\u00e9s dans l\u2019\u00e9tang de Ch\u00e2tillon-en-Vendelais, au sud de Foug\u00e8res. Une&hellip;\n","protected":false},"author":2,"featured_media":650471,"comment_status":"","ping_status":"","sticky":false,"template":"","format":"standard","meta":{"footnotes":""},"categories":[2821],"tags":[1111,11,829,1777,674,1011,27,848,12,584,25],"class_list":{"0":"post-650470","1":"post","2":"type-post","3":"status-publish","4":"format-standard","5":"has-post-thumbnail","7":"category-rennes","8":"tag-actu","9":"tag-actualites","10":"tag-bretagne","11":"tag-eu","12":"tag-europe","13":"tag-fr","14":"tag-france","15":"tag-ille-et-vilaine","16":"tag-news","17":"tag-rennes","18":"tag-republique-francaise"},"share_on_mastodon":{"url":"https:\/\/pubeurope.com\/@fr\/115862101388652353","error":""},"_links":{"self":[{"href":"https:\/\/www.europesays.com\/fr\/wp-json\/wp\/v2\/posts\/650470","targetHints":{"allow":["GET"]}}],"collection":[{"href":"https:\/\/www.europesays.com\/fr\/wp-json\/wp\/v2\/posts"}],"about":[{"href":"https:\/\/www.europesays.com\/fr\/wp-json\/wp\/v2\/types\/post"}],"author":[{"embeddable":true,"href":"https:\/\/www.europesays.com\/fr\/wp-json\/wp\/v2\/users\/2"}],"replies":[{"embeddable":true,"href":"https:\/\/www.europesays.com\/fr\/wp-json\/wp\/v2\/comments?post=650470"}],"version-history":[{"count":0,"href":"https:\/\/www.europesays.com\/fr\/wp-json\/wp\/v2\/posts\/650470\/revisions"}],"wp:featuredmedia":[{"embeddable":true,"href":"https:\/\/www.europesays.com\/fr\/wp-json\/wp\/v2\/media\/650471"}],"wp:attachment":[{"href":"https:\/\/www.europesays.com\/fr\/wp-json\/wp\/v2\/media?parent=650470"}],"wp:term":[{"taxonomy":"category","embeddable":true,"href":"https:\/\/www.europesays.com\/fr\/wp-json\/wp\/v2\/categories?post=650470"},{"taxonomy":"post_tag","embeddable":true,"href":"https:\/\/www.europesays.com\/fr\/wp-json\/wp\/v2\/tags?post=650470"}],"curies":[{"name":"wp","href":"https:\/\/api.w.org\/{rel}","templated":true}]}}