{"id":650492,"date":"2026-01-08T23:45:17","date_gmt":"2026-01-08T23:45:17","guid":{"rendered":"https:\/\/www.europesays.com\/fr\/650492\/"},"modified":"2026-01-08T23:45:17","modified_gmt":"2026-01-08T23:45:17","slug":"violent-feu-dappartement-a-toulouse-de-degats-mais-pas-de-blesse","status":"publish","type":"post","link":"https:\/\/www.europesays.com\/fr\/650492\/","title":{"rendered":"Violent feu d\u2019appartement \u00e0 Toulouse, de d\u00e9g\u00e2ts mais pas de bless\u00e9"},"content":{"rendered":"<p>\n                                                                    l&rsquo;essentiel<br \/>\n                                                                Les pompiers ont d\u00fb intervenir ce jeudi apr\u00e8s-midi pour stopper la progression d\u2019un feu, dans le logement d\u2019une r\u00e9sidence du nord de Toulouse.\n                            <\/p>\n<p>D\u00e9but d\u2019apr\u00e8s-midi agit\u00e9 ce jeudi rue Dulong, \u00e0 proximit\u00e9 de l\u2019avenue des \u00c9tats-Unis dans le nord de Toulouse. Les secours ont \u00e9t\u00e9 alert\u00e9s \u00e0 14\u00a0h\u00a046 pour un feu qui progressait dans un appartement situ\u00e9 au 2e \u00e9tage d\u2019une r\u00e9sidence de quatre \u00e9tages.<\/p>\n<p>Sur place, la premi\u00e8re \u00e9quipe de secours a \u00e9t\u00e9 confront\u00e9e \u00e0 un feu d\u00e9crit comme \u00ab\u00a0violent\u00a0\u00bb avec, selon les pompiers, \u00ab\u00a0des risques de propagation importants\u00a0\u00bb.<\/p>\n<p>L\u2019activation rapide d\u2019une lance \u00e0 eau a permis aux sapeurs de stopper la progression des flammes et de prot\u00e9ger les \u00e9tages situ\u00e9s au-dessus du logement en feu. L\u2019incendie a \u00e9t\u00e9 vite ma\u00eetris\u00e9.<\/p>\n<p>Dix-neuf pompiers engag\u00e9s<\/p>\n<p>Pas de bless\u00e9 mais des d\u00e9g\u00e2ts avec la n\u00e9cessit\u00e9 de r\u00e9aliser des op\u00e9rations de ventilation de l\u2019ensemble des locaux.<\/p>\n<p>Une enqu\u00eate a \u00e9t\u00e9 ouverte sous l\u2019autorit\u00e9 du parquet pour d\u00e9terminer l\u2019origine de cet incendie. La th\u00e8se accidentelle \u00e9tait, ce jeudi soir, privil\u00e9gi\u00e9e.<\/p>\n<p>Dix-neuf pompiers, et cinq engins, des centres de secours de Delrieu et Atlanta, ont \u00e9t\u00e9 engag\u00e9s sur cette op\u00e9ration.<\/p>\n","protected":false},"excerpt":{"rendered":"l&rsquo;essentiel Les pompiers ont d\u00fb intervenir ce jeudi apr\u00e8s-midi pour stopper la progression d\u2019un feu, dans le logement&hellip;\n","protected":false},"author":2,"featured_media":650493,"comment_status":"","ping_status":"","sticky":false,"template":"","format":"standard","meta":{"footnotes":""},"categories":[2816],"tags":[1111,11,1777,674,118,1011,27,2722,12,2680,25,2312],"class_list":{"0":"post-650492","1":"post","2":"type-post","3":"status-publish","4":"format-standard","5":"has-post-thumbnail","7":"category-toulouse","8":"tag-actu","9":"tag-actualites","10":"tag-eu","11":"tag-europe","12":"tag-faits-divers","13":"tag-fr","14":"tag-france","15":"tag-haute-garonne","16":"tag-news","17":"tag-occitanie","18":"tag-republique-francaise","19":"tag-toulouse"},"share_on_mastodon":{"url":"https:\/\/pubeurope.com\/@fr\/115862144555779316","error":""},"_links":{"self":[{"href":"https:\/\/www.europesays.com\/fr\/wp-json\/wp\/v2\/posts\/650492","targetHints":{"allow":["GET"]}}],"collection":[{"href":"https:\/\/www.europesays.com\/fr\/wp-json\/wp\/v2\/posts"}],"about":[{"href":"https:\/\/www.europesays.com\/fr\/wp-json\/wp\/v2\/types\/post"}],"author":[{"embeddable":true,"href":"https:\/\/www.europesays.com\/fr\/wp-json\/wp\/v2\/users\/2"}],"replies":[{"embeddable":true,"href":"https:\/\/www.europesays.com\/fr\/wp-json\/wp\/v2\/comments?post=650492"}],"version-history":[{"count":0,"href":"https:\/\/www.europesays.com\/fr\/wp-json\/wp\/v2\/posts\/650492\/revisions"}],"wp:featuredmedia":[{"embeddable":true,"href":"https:\/\/www.europesays.com\/fr\/wp-json\/wp\/v2\/media\/650493"}],"wp:attachment":[{"href":"https:\/\/www.europesays.com\/fr\/wp-json\/wp\/v2\/media?parent=650492"}],"wp:term":[{"taxonomy":"category","embeddable":true,"href":"https:\/\/www.europesays.com\/fr\/wp-json\/wp\/v2\/categories?post=650492"},{"taxonomy":"post_tag","embeddable":true,"href":"https:\/\/www.europesays.com\/fr\/wp-json\/wp\/v2\/tags?post=650492"}],"curies":[{"name":"wp","href":"https:\/\/api.w.org\/{rel}","templated":true}]}}