{"id":650496,"date":"2026-01-08T23:47:27","date_gmt":"2026-01-08T23:47:27","guid":{"rendered":"https:\/\/www.europesays.com\/fr\/650496\/"},"modified":"2026-01-08T23:47:27","modified_gmt":"2026-01-08T23:47:27","slug":"grandplace-pietonne-info-commercants-actualites","status":"publish","type":"post","link":"https:\/\/www.europesays.com\/fr\/650496\/","title":{"rendered":"Grand&rsquo;Place pi\u00e9tonne : info commer\u00e7ants \/ Actualit\u00e9s"},"content":{"rendered":"<p>La Grand&rsquo;Place de Lille sera pi\u00e9tonne le 12 janvier 2026. Commer\u00e7ants lillois, on vous explique tout !<\/p>\n<p>            <img loading=\"lazy\" decoding=\"async\" src=\"\/var\/www\/storage\/images\/mediatheque\/mairie-de-lille\/actualites\/images\/2026\/janvier-2026\/grand-place-terrasse\/3918014-1-fre-FR\/Grand-Place-terrasse_news_image_top.jpg\" width=\"779\" height=\"518\" alt=\"\"\/><br \/>\n    \tGrand&rsquo;Place de Lille : pi\u00e9tonnisation le 12 janvier 2026.<\/p>\n<p>La Grand&rsquo;Place de Lille sera pi\u00e9tonne le 12 janvier 2026. <a href=\"https:\/\/www.lille.fr\/Vivre-a-Lille\/Me-deplacer\/A-pied2\/Pietonnisation-du-centre-ville-et-acces-des-riverains2\" target=\"_self\" class=\"lien_interne\" rel=\"noopener\">Retrouvez toutes les infos utiles ici<\/a>.<\/p>\n<p>Cette d\u00e9cision vise \u00e0 rendre l\u2019espace plus agr\u00e9able, plus s\u00e9curis\u00e9 et mieux partag\u00e9. Le nouveau p\u00e9rim\u00e8tre pi\u00e9ton garantira toujours l\u2019acc\u00e8s aux riverains, commerces et les services essentiels.<\/p>\n<p><strong>Voici les informations destin\u00e9es aux commer\u00e7ants lillois.<\/strong><\/p>\n<p>Comment \u00e7a marche ?<\/p>\n<p>Des <strong>bornes de contr\u00f4le<\/strong> r\u00e9guleront l\u2019acc\u00e8s au centre-ville :<\/p>\n<ul class=\"listPuce\">\n<li>Elles reconna\u00eetront automatiquement les plaques d\u2019immatriculation des commer\u00e7ants disposant d\u2019un garage.<\/li>\n<li>Elles permettront d\u2019entrer dans la zone aux autres usagers autoris\u00e9s, notamment aux services de livraison.<\/li>\n<\/ul>\n<p><strong>Le parking de la Grand\u2019Place<\/strong> (depuis la rue Nationale) et les parkings alentours resteront accessibles.<\/p>\n<p>Les <strong>v\u00e9los et trottinettes sont autoris\u00e9s \u00e0 traverser la Grand\u2019Place, en roulant au pas<\/strong>. Les pi\u00e9tons restent prioritaires.<\/p>\n<p>            <img src-full=\"\/var\/www\/storage\/images\/mediatheque\/mairie-de-lille\/n1\/vivre-a-lille\/me-deplacer\/images\/parkings-payants-autour-de-l-aire-pietonne-lille-centre\/3904507-1-fre-FR\/Parkings-payants-autour-de-l-aire-pietonne-Lille-Centre.png\" data-caption-full=\"Parkings payants autour de l'aire pi\u00e9tonne, Lille-Centre\" width=\"313\" height=\"250\" alt=\"Parkings payants autour de l'aire pi\u00e9tonne, Lille-Centre\" title=\"Parkings payants autour de l'aire pi\u00e9tonne, Lille-Centre\" class=\"align-\"\/>\n    <\/p>\n<p>Qui peut acc\u00e9der \u00e0 la zone pi\u00e9tonne en v\u00e9hicule ?<\/p>\n<p><strong>J\u2019ai un garage dans la zone pi\u00e9tonne<\/strong> : j\u2019ai un acc\u00e8s permanent<\/p>\n<p><strong>Je ne dispose pas d\u2019un garage dans la zone pi\u00e9tonne<\/strong> : j\u2019y ai acc\u00e8s tous les jours, de 7h \u00e0 11h<\/p>\n<p><strong>J\u2019attends une livraison<\/strong> : mon livreur a un acc\u00e8s tous les jours, de 7h \u00e0 11h<\/p>\n<p><strong>J\u2019ai besoin d\u2019un acc\u00e8s temporaire pour un d\u00e9m\u00e9nagement ou des travaux<\/strong> : je contacte la ville au moins 10 jours avant la date pr\u00e9vue \u00e0 autorisations.temporaires[at]mairie-lille.fr. Je re\u00e7ois ensuite l\u2019arr\u00eat\u00e9 d\u2019occupation de l\u2019espace public et un code d\u2019acc\u00e8s temporaire.<\/p>\n<p><strong>J\u2019ai un besoin sp\u00e9cifique<\/strong> (sant\u00e9, d\u00e9pannage urgent&#8230;) : je contacte le 03 20 10 42 56<\/p>\n<p><strong>Les v\u00e9hicules de secours<\/strong> gardent un acc\u00e8s permanent \u00e0 la zone.<\/p>\n<p><strong>Les prestataires de collecte des d\u00e9chets<\/strong>, y compris pour les gros volumes, conservent \u00e9galement leur acc\u00e8s \u00e0 la zone.<\/p>\n<p>Comment enregistrer mon v\u00e9hicule ?<\/p>\n<ol class=\"listOrdonnees \">\n<li><strong>Je suis d\u00e9j\u00e0 enregistr\u00e9 dans le cadre de la pi\u00e9tonnisation du week-en<\/strong>d : rien \u00e0 faire ! Mon v\u00e9hicule est automatiquement autoris\u00e9 par les services de la Ville.<\/li>\n<li><strong>Je poss\u00e8de un garage mais ne suis pas encore enregistr\u00e9<\/strong>\u00a0: j\u2019envoie une pi\u00e8ce d\u2019identit\u00e9, la copie de ma carte grise et un justificatif de domicile \u00e0\u00a0: pietonnisation[at]mairie-lille.fr<\/li>\n<\/ol>\n<p>La Ville vous accompagne<\/p>\n<p>Une question\u00a0? Besoin d\u2019aide\u00a0? Nos \u00e9quipes sont \u00e0 votre \u00e9coute.<\/p>\n<ul class=\"listPuce\">\n<li>Par mail grandplace[at]mairie-lille.fr<\/li>\n<li>En mairie de quartier. Mairie de quartier de Lille-Centre, 31 rue des Foss\u00e9s ; mairie de quartier du Vieux-Lille, 13 rue de la Halle<\/li>\n<li>Nous vous accompagnons si besoin dans vos demandes d\u2019acc\u00e8s.<\/li>\n<\/ul>\n<p><strong>Besoin d&rsquo;un coup de main pour votre logistique ?<\/strong> Gr\u00e2ce au <a href=\"https:\/\/www.lille.fr\/Actualites\/Artisans-Marguerite-deploie-ses-solutions\" target=\"_self\" class=\"lien_interne\" rel=\"noopener\">programme Marguerite<\/a>, partenaire de la Ville, testez gratuitement des solutions durables et adapt\u00e9es \u00e0 votre activit\u00e9 : livraisons, stockage ou gestion de vos d\u00e9chets<\/p>\n","protected":false},"excerpt":{"rendered":"La Grand&rsquo;Place de Lille sera pi\u00e9tonne le 12 janvier 2026. Commer\u00e7ants lillois, on vous explique tout ! Grand&rsquo;Place&hellip;\n","protected":false},"author":2,"featured_media":650497,"comment_status":"","ping_status":"","sticky":false,"template":"","format":"standard","meta":{"footnotes":""},"categories":[2815],"tags":[1111,11,4763,1777,674,1011,27,811,1307,5415,12,25],"class_list":{"0":"post-650496","1":"post","2":"type-post","3":"status-publish","4":"format-standard","5":"has-post-thumbnail","7":"category-lille","8":"tag-actu","9":"tag-actualites","10":"tag-agenda","11":"tag-eu","12":"tag-europe","13":"tag-fr","14":"tag-france","15":"tag-hauts-de-france","16":"tag-lille","17":"tag-mairie","18":"tag-news","19":"tag-republique-francaise"},"share_on_mastodon":{"url":"https:\/\/pubeurope.com\/@fr\/115862152439672758","error":""},"_links":{"self":[{"href":"https:\/\/www.europesays.com\/fr\/wp-json\/wp\/v2\/posts\/650496","targetHints":{"allow":["GET"]}}],"collection":[{"href":"https:\/\/www.europesays.com\/fr\/wp-json\/wp\/v2\/posts"}],"about":[{"href":"https:\/\/www.europesays.com\/fr\/wp-json\/wp\/v2\/types\/post"}],"author":[{"embeddable":true,"href":"https:\/\/www.europesays.com\/fr\/wp-json\/wp\/v2\/users\/2"}],"replies":[{"embeddable":true,"href":"https:\/\/www.europesays.com\/fr\/wp-json\/wp\/v2\/comments?post=650496"}],"version-history":[{"count":0,"href":"https:\/\/www.europesays.com\/fr\/wp-json\/wp\/v2\/posts\/650496\/revisions"}],"wp:featuredmedia":[{"embeddable":true,"href":"https:\/\/www.europesays.com\/fr\/wp-json\/wp\/v2\/media\/650497"}],"wp:attachment":[{"href":"https:\/\/www.europesays.com\/fr\/wp-json\/wp\/v2\/media?parent=650496"}],"wp:term":[{"taxonomy":"category","embeddable":true,"href":"https:\/\/www.europesays.com\/fr\/wp-json\/wp\/v2\/categories?post=650496"},{"taxonomy":"post_tag","embeddable":true,"href":"https:\/\/www.europesays.com\/fr\/wp-json\/wp\/v2\/tags?post=650496"}],"curies":[{"name":"wp","href":"https:\/\/api.w.org\/{rel}","templated":true}]}}