{"id":650498,"date":"2026-01-08T23:48:11","date_gmt":"2026-01-08T23:48:11","guid":{"rendered":"https:\/\/www.europesays.com\/fr\/650498\/"},"modified":"2026-01-08T23:48:11","modified_gmt":"2026-01-08T23:48:11","slug":"2ieme-salon-des-animaux-de-compagnie-et-leur-bien-etre-a-marseille-du-10-01-2026-au-11-01-2026-marseille","status":"publish","type":"post","link":"https:\/\/www.europesays.com\/fr\/650498\/","title":{"rendered":"2i\u00e8me Salon des animaux de compagnie et leur bien-\u00eatre \u00e0 Marseille &#8211; Du 10\/01\/2026 au 11\/01\/2026 &#8211; Marseille"},"content":{"rendered":"<p>Quel animal convient le mieux \u00e0 mon style de vie ? o\u00f9 se le procurer ? comment le soigner ? le conna\u00eetre ? le nourrir ? l\u2019\u00e9duquer ? ou tout simplement l\u2019aimer ?<br \/>De nombreux \u00e9leveurs et sp\u00e9cialistes y r\u00e9pondront !<\/p>\n<p>&#13;<\/p>\n<p>Eleveurs naisseurs fran\u00e7ais, \u00e9ducateurs canins, comportementalistes, communicatrice animale, entreprises et marques sp\u00e9cialis\u00e9es seront pr\u00e9sents pour exposer tout ce qui concerne l\u2019animal de compagnie : nouveaut\u00e9s alimentations, accessoires \u00ab tendance \u00bb, jouets, objets connect\u00e9s, friandises, produits d\u2019hygi\u00e8ne et soins.<\/p>\n<p>&#13;<\/p>\n<p>Pendant deux jours, venez d\u00e9couvrir les derni\u00e8res nouveaut\u00e9s destin\u00e9es aux animaux de compagnie et admirer des centaines d\u2019animaux : chats, chiens, rongeurs, reptiles, oiseaux et poissons!<\/p>\n","protected":false},"excerpt":{"rendered":"Quel animal convient le mieux \u00e0 mon style de vie ? o\u00f9 se le procurer ? comment le&hellip;\n","protected":false},"author":2,"featured_media":650499,"comment_status":"","ping_status":"","sticky":false,"template":"","format":"standard","meta":{"footnotes":""},"categories":[2814],"tags":[1111,11,1777,674,1011,27,884,12,882,25],"class_list":{"0":"post-650498","1":"post","2":"type-post","3":"status-publish","4":"format-standard","5":"has-post-thumbnail","7":"category-marseille","8":"tag-actu","9":"tag-actualites","10":"tag-eu","11":"tag-europe","12":"tag-fr","13":"tag-france","14":"tag-marseille","15":"tag-news","16":"tag-provence-alpes-cote-dazur","17":"tag-republique-francaise"},"share_on_mastodon":{"url":"https:\/\/pubeurope.com\/@fr\/115862156401023352","error":""},"_links":{"self":[{"href":"https:\/\/www.europesays.com\/fr\/wp-json\/wp\/v2\/posts\/650498","targetHints":{"allow":["GET"]}}],"collection":[{"href":"https:\/\/www.europesays.com\/fr\/wp-json\/wp\/v2\/posts"}],"about":[{"href":"https:\/\/www.europesays.com\/fr\/wp-json\/wp\/v2\/types\/post"}],"author":[{"embeddable":true,"href":"https:\/\/www.europesays.com\/fr\/wp-json\/wp\/v2\/users\/2"}],"replies":[{"embeddable":true,"href":"https:\/\/www.europesays.com\/fr\/wp-json\/wp\/v2\/comments?post=650498"}],"version-history":[{"count":0,"href":"https:\/\/www.europesays.com\/fr\/wp-json\/wp\/v2\/posts\/650498\/revisions"}],"wp:featuredmedia":[{"embeddable":true,"href":"https:\/\/www.europesays.com\/fr\/wp-json\/wp\/v2\/media\/650499"}],"wp:attachment":[{"href":"https:\/\/www.europesays.com\/fr\/wp-json\/wp\/v2\/media?parent=650498"}],"wp:term":[{"taxonomy":"category","embeddable":true,"href":"https:\/\/www.europesays.com\/fr\/wp-json\/wp\/v2\/categories?post=650498"},{"taxonomy":"post_tag","embeddable":true,"href":"https:\/\/www.europesays.com\/fr\/wp-json\/wp\/v2\/tags?post=650498"}],"curies":[{"name":"wp","href":"https:\/\/api.w.org\/{rel}","templated":true}]}}