{"id":650502,"date":"2026-01-08T23:50:09","date_gmt":"2026-01-08T23:50:09","guid":{"rendered":"https:\/\/www.europesays.com\/fr\/650502\/"},"modified":"2026-01-08T23:50:09","modified_gmt":"2026-01-08T23:50:09","slug":"un-cadavre-retrouve-dans-un-etang-pres-de-lyon-un-suspect-place-en-garde-en-vue","status":"publish","type":"post","link":"https:\/\/www.europesays.com\/fr\/650502\/","title":{"rendered":"Un cadavre retrouv\u00e9 dans un \u00e9tang pr\u00e8s de Lyon, un suspect plac\u00e9 en garde en vue"},"content":{"rendered":"<p>Une information judiciaire du chef de meurtre commis en raison de la race, l&rsquo;ethnie, la nation ou la religion a \u00e9t\u00e9 ouverte ce jeudi apr\u00e8s la d\u00e9couverte d&rsquo;un corps d&rsquo;un homme d&rsquo;origine maghr\u00e9bine dans un \u00e9tang pr\u00e8s de Lyon.<\/p>\n<p>Le cadavre d&rsquo;un homme maghr\u00e9bin de 20 ans a \u00e9t\u00e9 d\u00e9couvert dans un \u00e9tang pr\u00e8s de Lyon et un suspect plac\u00e9 en garde \u00e0 vue dans une enqu\u00eate pour meurtre \u00ab\u00a0en raison de la race, l&rsquo;ethnie, la nation ou la religion\u00a0\u00bb, a annonc\u00e9 le parquet ce jeudi 8 janvier. Il n&rsquo;a livr\u00e9 aucun d\u00e9tail sur les identit\u00e9s ou nationalit\u00e9s du suspect et de la victime, sinon que cette derni\u00e8re \u00e9tait un \u00ab\u00a0Maghr\u00e9bin\u00a0\u00bb.<\/p>\n<p>Le m\u00eame jour que la d\u00e9couverte macabre, \u00ab\u00a0un homme \u00e2g\u00e9 de 21 ans a \u00e9t\u00e9 plac\u00e9 en garde \u00e0 vue\u00a0\u00bb, a confirm\u00e9 jeudi le parquet, sans plus de d\u00e9tail sur ce suspect.<\/p>\n<p>\u00ab\u00a0Une information judiciaire du chef de meurtre commis en raison de la race, l&rsquo;ethnie, la nation ou la religion\u00a0\u00bb a \u00e9t\u00e9 ouverte jeudi et l&rsquo;homme en garde \u00e0 vue \u00ab\u00a0sera pr\u00e9sent\u00e9 \u00e0 un juge d&rsquo;instruction\u00a0\u00bb, conclut le parquet qui entend requ\u00e9rir son \u00ab\u00a0placement en d\u00e9tention provisoire\u00a0\u00bb.<\/p>\n","protected":false},"excerpt":{"rendered":"Une information judiciaire du chef de meurtre commis en raison de la race, l&rsquo;ethnie, la nation ou la&hellip;\n","protected":false},"author":2,"featured_media":6695,"comment_status":"","ping_status":"","sticky":false,"template":"","format":"standard","meta":{"footnotes":""},"categories":[1889],"tags":[1111,11,2430,1777,674,1011,27,2428,12,25],"class_list":{"0":"post-650502","1":"post","2":"type-post","3":"status-publish","4":"format-standard","5":"has-post-thumbnail","7":"category-lyon","8":"tag-actu","9":"tag-actualites","10":"tag-auvergne-rhone-alpes","11":"tag-eu","12":"tag-europe","13":"tag-fr","14":"tag-france","15":"tag-lyon","16":"tag-news","17":"tag-republique-francaise"},"share_on_mastodon":{"url":"https:\/\/pubeurope.com\/@fr\/115862164473267908","error":""},"_links":{"self":[{"href":"https:\/\/www.europesays.com\/fr\/wp-json\/wp\/v2\/posts\/650502","targetHints":{"allow":["GET"]}}],"collection":[{"href":"https:\/\/www.europesays.com\/fr\/wp-json\/wp\/v2\/posts"}],"about":[{"href":"https:\/\/www.europesays.com\/fr\/wp-json\/wp\/v2\/types\/post"}],"author":[{"embeddable":true,"href":"https:\/\/www.europesays.com\/fr\/wp-json\/wp\/v2\/users\/2"}],"replies":[{"embeddable":true,"href":"https:\/\/www.europesays.com\/fr\/wp-json\/wp\/v2\/comments?post=650502"}],"version-history":[{"count":0,"href":"https:\/\/www.europesays.com\/fr\/wp-json\/wp\/v2\/posts\/650502\/revisions"}],"wp:featuredmedia":[{"embeddable":true,"href":"https:\/\/www.europesays.com\/fr\/wp-json\/wp\/v2\/media\/6695"}],"wp:attachment":[{"href":"https:\/\/www.europesays.com\/fr\/wp-json\/wp\/v2\/media?parent=650502"}],"wp:term":[{"taxonomy":"category","embeddable":true,"href":"https:\/\/www.europesays.com\/fr\/wp-json\/wp\/v2\/categories?post=650502"},{"taxonomy":"post_tag","embeddable":true,"href":"https:\/\/www.europesays.com\/fr\/wp-json\/wp\/v2\/tags?post=650502"}],"curies":[{"name":"wp","href":"https:\/\/api.w.org\/{rel}","templated":true}]}}