{"id":650507,"date":"2026-01-08T23:54:11","date_gmt":"2026-01-08T23:54:11","guid":{"rendered":"https:\/\/www.europesays.com\/fr\/650507\/"},"modified":"2026-01-08T23:54:11","modified_gmt":"2026-01-08T23:54:11","slug":"jodies-mood-project-jass-club-paris","status":"publish","type":"post","link":"https:\/\/www.europesays.com\/fr\/650507\/","title":{"rendered":"Jodie&rsquo;s Mood Project \/ JASS CLUB PARIS"},"content":{"rendered":"<p>\n  Quand la saxophoniste Jeanne Michard peint l\u2019\u00e2me d\u2019une femme imaginaire, le jazz devient miroir intime.\n<\/p>\n<p>\n  Adepte des clubs de jazz et des jam sessions, Jeanne Michard rencontre rapidement la fine fleur du jazz parisien lors de ses premi\u00e8res sorties il y a environs 7 ans. Elle finit par jouer r\u00e9guli\u00e8rement avec entre autres, les musiciens du Zoot Collectif et des Paris Jazz Sessions.\n<\/p>\n<p>\n  Entour\u00e9e de tous ces musiciens et musiciennes de talent, c&rsquo;est \u00e0 ce moment-l\u00e0 que lui vient l&rsquo;envie d&rsquo;\u00e9crire pour moyenne formation. D\u00e9but 2023 elle se lance dans l&rsquo;\u00e9criture d&rsquo;un album qu&rsquo;elle enregistre au Zoot Studio autour du personnage de Jodie\u00a0: chaque \u00eatre humain est sans cesse travers\u00e9 par des \u00e9motions, la joie, la tristesse, la m\u00e9lancolie, l&rsquo;ennui, l&rsquo;amour\u2026 Jodi est un personnage imaginaire auquel chacun\u00b7e est libre de s&rsquo;identifier, pr\u00e9texte po\u00e9tique pour tenter de raconter ces \u00e9tats d&rsquo;\u00e2mes \u00e0 travers les diff\u00e9rents morceaux qui composent cet album.\n<\/p>\n<p>\n  Olga Amelchenko \/ saxophone alto\n<\/p>\n<p>\n  Thomas Gomez \/ saxophone alto\n<\/p>\n<p>\n  Jeanne Michard \/ saxophone t\u00e9nor\n<\/p>\n<p>\n  Neil Saidi \/ saxophone t\u00e9nor et baryton\n<\/p>\n<p>\n  Fran\u00e7ois Morin \/ trombone\n<\/p>\n<p>\n  Nicholas Thomas \/ vibraphone\n<\/p>\n<p>\n  Damien Varaillon \/ contrebasse<\/p>\n","protected":false},"excerpt":{"rendered":"Quand la saxophoniste Jeanne Michard peint l\u2019\u00e2me d\u2019une femme imaginaire, le jazz devient miroir intime. Adepte des clubs&hellip;\n","protected":false},"author":2,"featured_media":650508,"comment_status":"","ping_status":"","sticky":false,"template":"","format":"standard","meta":{"footnotes":""},"categories":[1888],"tags":[1111,1928,11,1927,1777,674,1011,27,12,1926,626,1925,25],"class_list":{"0":"post-650507","1":"post","2":"type-post","3":"status-publish","4":"format-standard","5":"has-post-thumbnail","7":"category-paris","8":"tag-actu","9":"tag-actu-paris","10":"tag-actualites","11":"tag-actualites-paris","12":"tag-eu","13":"tag-europe","14":"tag-fr","15":"tag-france","16":"tag-news","17":"tag-news-paris","18":"tag-paris","19":"tag-paris-news","20":"tag-republique-francaise"},"share_on_mastodon":{"url":"https:\/\/pubeurope.com\/@fr\/115862179897993704","error":""},"_links":{"self":[{"href":"https:\/\/www.europesays.com\/fr\/wp-json\/wp\/v2\/posts\/650507","targetHints":{"allow":["GET"]}}],"collection":[{"href":"https:\/\/www.europesays.com\/fr\/wp-json\/wp\/v2\/posts"}],"about":[{"href":"https:\/\/www.europesays.com\/fr\/wp-json\/wp\/v2\/types\/post"}],"author":[{"embeddable":true,"href":"https:\/\/www.europesays.com\/fr\/wp-json\/wp\/v2\/users\/2"}],"replies":[{"embeddable":true,"href":"https:\/\/www.europesays.com\/fr\/wp-json\/wp\/v2\/comments?post=650507"}],"version-history":[{"count":0,"href":"https:\/\/www.europesays.com\/fr\/wp-json\/wp\/v2\/posts\/650507\/revisions"}],"wp:featuredmedia":[{"embeddable":true,"href":"https:\/\/www.europesays.com\/fr\/wp-json\/wp\/v2\/media\/650508"}],"wp:attachment":[{"href":"https:\/\/www.europesays.com\/fr\/wp-json\/wp\/v2\/media?parent=650507"}],"wp:term":[{"taxonomy":"category","embeddable":true,"href":"https:\/\/www.europesays.com\/fr\/wp-json\/wp\/v2\/categories?post=650507"},{"taxonomy":"post_tag","embeddable":true,"href":"https:\/\/www.europesays.com\/fr\/wp-json\/wp\/v2\/tags?post=650507"}],"curies":[{"name":"wp","href":"https:\/\/api.w.org\/{rel}","templated":true}]}}