{"id":650509,"date":"2026-01-08T23:55:22","date_gmt":"2026-01-08T23:55:22","guid":{"rendered":"https:\/\/www.europesays.com\/fr\/650509\/"},"modified":"2026-01-08T23:55:22","modified_gmt":"2026-01-08T23:55:22","slug":"paris-fc-f-mateo-prolonge-jusquen-2029-sports","status":"publish","type":"post","link":"https:\/\/www.europesays.com\/fr\/650509\/","title":{"rendered":"Paris FC (F) : Mateo prolonge jusqu&rsquo;en 2029 : Sports"},"content":{"rendered":"<p class=\"date\">\n                                                            Axel Allag, Media365, publi\u00e9 le jeudi 08 janvier 2026 \u00e0 17h07\n                                                    <\/p>\n<p>Ce jeudi, le Paris FC a annonc\u00e9 la prolongation de sa capitaine, Clara Mateo, jusqu&rsquo;en 2029.<\/p>\n<p>Trois ann\u00e9es de plus au Paris FC pour Clara Mateo, qui a prolong\u00e9 officiellement l&rsquo;aventure avec le club francilien, ce jeudi. L&rsquo;internationale aux 44 s\u00e9lections, capitaine du Paris FC, est d\u00e9sormais li\u00e9e au PFC jusqu&rsquo;en 2029. Arriv\u00e9e en 2016 en provenance de La Roche-sur-Yon, l&rsquo;attaquante est rapidement devenue indispensable, et continue toujours de l&rsquo;\u00eatre encore actuellement.<\/p>\n<p>Thiney : \u00ab Clara est une joueuse majeure de notre projet \u00bb<\/p>\n<p>\u00ab Cette signature vient couronner une saison 2024-2025 historique. Sur le plan collectif, Clara Mateo a \u00e9t\u00e9 l&rsquo;une des grandes architectes du sacre historique en Coupe de France, un troph\u00e9e qui vient r\u00e9compenser la progression constante du groupe. Cette r\u00e9ussite collective a mis en lumi\u00e8re des performances individuelles d&rsquo;exception, conclues par les titres de meilleure buteuse et de meilleure joueuse d&rsquo;Arkema Premi\u00e8re Ligue. Ces distinctions lui ont ouvert les portes de l&rsquo;Euro avec l&rsquo;\u00c9quipe de France et lui ont permis de clore l&rsquo;ann\u00e9e par une remarquable 27\u1d49 place au classement du Ballon d&rsquo;Or \u00bb, peut-on lire sur le communiqu\u00e9 du Paris FC en lien avec cette prolongation de contrat.<\/p>\n<p>Dans le dossier de cette prolongation, la directrice sportive de la section f\u00e9minine du Paris FC, Ga\u00ebtane Thiney, s&rsquo;est bien s\u00fbr f\u00e9licit\u00e9e de la bonne nouvelle : \u00ab Clara est une joueuse majeure de notre projet. Elle incarne pleinement les valeurs d&rsquo;excellence du Paris FC, aussi bien sur le terrain qu&rsquo;en dehors. Internationale fran\u00e7aise confirm\u00e9e, elle a fait le choix de poursuivre son parcours au Paris FC dans un environnement ambitieux et comp\u00e9titif, pens\u00e9 pour performer et continuer \u00e0 progresser au plus haut niveau. Sa constance, son professionnalisme et son impact sur le collectif tirent l&rsquo;\u00e9quipe vers le haut au quotidien. Notre ambition est claire : construire avec elle une \u00e9quipe capable de s&rsquo;installer durablement parmi les meilleures, en France comme en Europe. Cette prolongation jusqu&rsquo;en 2029 symbolise la continuit\u00e9 et l&rsquo;ambition collective que nous portons pour les saisons \u00e0 venir \u00bb.<\/p>\n","protected":false},"excerpt":{"rendered":"Axel Allag, Media365, publi\u00e9 le jeudi 08 janvier 2026 \u00e0 17h07 Ce jeudi, le Paris FC a annonc\u00e9&hellip;\n","protected":false},"author":2,"featured_media":650510,"comment_status":"","ping_status":"","sticky":false,"template":"","format":"standard","meta":{"footnotes":""},"categories":[1888],"tags":[1111,1928,11,1927,1777,674,1011,27,12,1926,626,1925,25],"class_list":{"0":"post-650509","1":"post","2":"type-post","3":"status-publish","4":"format-standard","5":"has-post-thumbnail","7":"category-paris","8":"tag-actu","9":"tag-actu-paris","10":"tag-actualites","11":"tag-actualites-paris","12":"tag-eu","13":"tag-europe","14":"tag-fr","15":"tag-france","16":"tag-news","17":"tag-news-paris","18":"tag-paris","19":"tag-paris-news","20":"tag-republique-francaise"},"share_on_mastodon":{"url":"https:\/\/pubeurope.com\/@fr\/115862183974466181","error":""},"_links":{"self":[{"href":"https:\/\/www.europesays.com\/fr\/wp-json\/wp\/v2\/posts\/650509","targetHints":{"allow":["GET"]}}],"collection":[{"href":"https:\/\/www.europesays.com\/fr\/wp-json\/wp\/v2\/posts"}],"about":[{"href":"https:\/\/www.europesays.com\/fr\/wp-json\/wp\/v2\/types\/post"}],"author":[{"embeddable":true,"href":"https:\/\/www.europesays.com\/fr\/wp-json\/wp\/v2\/users\/2"}],"replies":[{"embeddable":true,"href":"https:\/\/www.europesays.com\/fr\/wp-json\/wp\/v2\/comments?post=650509"}],"version-history":[{"count":0,"href":"https:\/\/www.europesays.com\/fr\/wp-json\/wp\/v2\/posts\/650509\/revisions"}],"wp:featuredmedia":[{"embeddable":true,"href":"https:\/\/www.europesays.com\/fr\/wp-json\/wp\/v2\/media\/650510"}],"wp:attachment":[{"href":"https:\/\/www.europesays.com\/fr\/wp-json\/wp\/v2\/media?parent=650509"}],"wp:term":[{"taxonomy":"category","embeddable":true,"href":"https:\/\/www.europesays.com\/fr\/wp-json\/wp\/v2\/categories?post=650509"},{"taxonomy":"post_tag","embeddable":true,"href":"https:\/\/www.europesays.com\/fr\/wp-json\/wp\/v2\/tags?post=650509"}],"curies":[{"name":"wp","href":"https:\/\/api.w.org\/{rel}","templated":true}]}}