{"id":650517,"date":"2026-01-08T23:59:15","date_gmt":"2026-01-08T23:59:15","guid":{"rendered":"https:\/\/www.europesays.com\/fr\/650517\/"},"modified":"2026-01-08T23:59:15","modified_gmt":"2026-01-08T23:59:15","slug":"macron-fait-le-point-devant-les-chefs-des-partis","status":"publish","type":"post","link":"https:\/\/www.europesays.com\/fr\/650517\/","title":{"rendered":"Macron fait le point devant les chefs des partis"},"content":{"rendered":"<p>\n    Le chef de l\u2019\u00c9tat a re\u00e7u jeudi les responsables des diverses forces politiques ainsi que les pr\u00e9sidents des chambres parlementaires, deux jours apr\u00e8s une r\u00e9union de la \u00abcoalition des volontaires\u00bb sur les garanties de s\u00e9curit\u00e9 apport\u00e9es \u00e0 l\u2019Ukraine.<\/p>\n<p class=\"fig-paragraph\">Emmanuel Macron a r\u00e9uni jeudi en fin de journ\u00e9e les responsables des forces politiques repr\u00e9sent\u00e9es au Parlement pour faire un point sur la situation en Ukraine et leur pr\u00e9senter les \u00abgaranties de s\u00e9curit\u00e9\u00bb promises par les Europ\u00e9ens \u00e0 l\u2019Ukraine en cas de cessez-le-feu. Parmi les sujets au c\u0153ur des discussions\u00a0: le possible d\u00e9ploiement par la France, dans le cadre d\u2019une force multinationale, de \u00abplusieurs milliers d\u2019hommes\u00bb, comme l\u2019a esquiss\u00e9 le chef de l\u2019\u00c9tat mardi\u00a0<a href=\"http:\/\/www.lefigaro.fr\/international\/ukraine-americains-et-europeens-s-entendent-pour-offrir-des-garanties-de-securite-20260106\" data-fig-type=\"Article\" data-gtm-custom-categorie=\"navigation\" data-gtm-custom-action=\"crossclick\" data-gtm-custom-label=\"Contextuel\" data-gtm-event=\"customEventSPE\" data-fig-domain=\"LEFIGARO\" target=\"_blank\" rel=\"noopener\">\u00e0 l\u2019issue d\u2019une r\u00e9union de la \u00abcoalition des volontaires\u00bb<\/a>.<\/p>\n<p class=\"fig-paragraph\">Cette r\u00e9union en \u00abformat Saint-Denis\u00bb &#8211; d\u00e9j\u00e0 utilis\u00e9 par le pr\u00e9sident de la R\u00e9publique par le pass\u00e9 &#8211; \u00e9tait pr\u00e9sent\u00e9e par l\u2019\u00c9lys\u00e9e comme une mani\u00e8re d\u2019associer les diverses forces politiques, y compris le Rassemblement national et La France insoumise, aux discussions en cours sur l\u2019avenir de l\u2019Ukraine et de la s\u00e9curit\u00e9 europ\u00e9enne. Emmanuel Macron a surtout relat\u00e9 \u00e0 ses invit\u00e9s les avanc\u00e9es du sommet de mardi. \u00abIl n\u2019a rien dit qui n\u2019\u00e9tait pas d\u00e9j\u00e0 sur la place publique\u00bb, remarque un participant.<\/p>\n<p>                                            <a class=\"fig-a11y-skip\" href=\"#fig-a11y-skip-main-inarticle\" data-module=\"a11y-skip\" data-context=\"was @visible\"><br \/>\n    Passer la publicit\u00e9<br \/>\n<\/a>            <\/p>\n<p>                                            Vers un d\u00e9bat parlementaire\u00a0?<\/p>\n<p class=\"fig-paragraph\">Le pr\u00e9sident du S\u00e9nat, G\u00e9rard Larcher &#8211; convi\u00e9 comme son homologue de l\u2019Assembl\u00e9e Ya\u00ebl Braun-Pivet &#8211; a r\u00e9clam\u00e9 au chef de l\u2019\u00c9tat un d\u00e9bat au Parlement en vertu de l\u2019article 50-1 de la Constitution, alors que la question d\u2019un vote sur l\u2019engagement de troupes pourrait se poser le moment venu.<\/p>\n<p class=\"fig-paragraph\">Marine Le Pen, patronne des d\u00e9put\u00e9s RN pr\u00e9sente aux c\u00f4t\u00e9s du pr\u00e9sident du parti, Jordan Bardella, a demand\u00e9 des pr\u00e9cisions sur le degr\u00e9 d\u2019engagement de Donald Trump, qui souffle le chaud et le froid sur le soutien \u00e0 l\u2019Ukraine, m\u00eame si des \u00e9missaires du pr\u00e9sident am\u00e9ricain ont promis mardi un \u00absoutien\u00bb \u00e0 la force multinationale.<\/p>\n<p class=\"fig-paragraph\">Mathilde Panot, patronne des d\u00e9put\u00e9s LFI, a vertement reproch\u00e9 \u00e0 Emmanuel Macron de n\u2019avoir pas condamn\u00e9 ni critiqu\u00e9, dans sa premi\u00e8re r\u00e9action, la capture du pr\u00e9sident v\u00e9n\u00e9zu\u00e9lien Nicol\u00e1s Maduro par l\u2019arm\u00e9e am\u00e9ricaine. Elle a aussi fait un d\u00e9gagement sur le Mercosur, en rappelant que tous les groupes au Parlement rejetaient cet accord commercial auquel le chef de l\u2019\u00c9tat\u00a0<a href=\"http:\/\/www.lefigaro.fr\/politique\/face-a-la-menace-de-censure-emmanuel-macron-votera-contre-le-mercosur-a-bruxelles-20260108\" data-fig-type=\"Article\" data-gtm-custom-categorie=\"navigation\" data-gtm-custom-action=\"crossclick\" data-gtm-custom-label=\"Contextuel\" data-gtm-event=\"customEventSPE\" data-fig-domain=\"LEFIGARO\" target=\"_blank\" rel=\"noopener\">pr\u00e9voit de s\u2019opposer vendredi au niveau europ\u00e9en<\/a>, sans cons\u00e9quence sur sa signature.<\/p>\n<p class=\"fig-paragraph\">\u00c0 l\u2019issue de la r\u00e9union, l\u2019\u00e9lue du Val-de-Marne a fait savoir que les Insoumis ne sont \u00abpas d\u2019accord (pour) que des soldats fran\u00e7ais puissent \u00eatre d\u00e9ploy\u00e9s dans ces conditions\u00bb et r\u00e9clamera un \u00abmandat de l\u2019ONU\u00bb lorsque la question se posera. \u00abIl n\u2019y a aucune raison de faire confiance \u00e0 Donald Trump\u00bb, a-t-elle ajout\u00e9 au sujet du soutien militaire des \u00c9tats-Unis \u00e0 ces troupes, rejoignant la ligne de la patronne des \u00c9cologistes, Marine Tondelier. \u00abIl ne faudrait avoir aucune na\u00efvet\u00e9 dans les paroles (du pr\u00e9sident am\u00e9ricain) qui a une versatilit\u00e9 qui est quand m\u00eame assez \u00e0 ses records\u00bb, a-t-elle indiqu\u00e9.<\/p>\n<p class=\"fig-paragraph\">Plusieurs figures politiques \u00e9taient absentes de la r\u00e9union, retenues par d\u2019autres obligations\u00a0: le patron des d\u00e9put\u00e9s Les R\u00e9publicains Laurent Wauquiez, le pr\u00e9sident du MoDem Fran\u00e7ois Bayrou, le pr\u00e9sident de l\u2019UDI Herv\u00e9 Marseille, ou encore Edouard Philippe, bloqu\u00e9 au Havre par la temp\u00eate qui frappe les c\u00f4tes normandes.<\/p>\n","protected":false},"excerpt":{"rendered":"Le chef de l\u2019\u00c9tat a re\u00e7u jeudi les responsables des diverses forces politiques ainsi que les pr\u00e9sidents des&hellip;\n","protected":false},"author":2,"featured_media":650518,"comment_status":"","ping_status":"","sticky":false,"template":"","format":"standard","meta":{"footnotes":""},"categories":[1590],"tags":[11,1073,1777,674,12,220],"class_list":{"0":"post-650517","1":"post","2":"type-post","3":"status-publish","4":"format-standard","5":"has-post-thumbnail","7":"category-ukraine","8":"tag-actualites","9":"tag-emmanuel-macron","10":"tag-eu","11":"tag-europe","12":"tag-news","13":"tag-ukraine"},"share_on_mastodon":{"url":"https:\/\/pubeurope.com\/@fr\/115862199846783853","error":""},"_links":{"self":[{"href":"https:\/\/www.europesays.com\/fr\/wp-json\/wp\/v2\/posts\/650517","targetHints":{"allow":["GET"]}}],"collection":[{"href":"https:\/\/www.europesays.com\/fr\/wp-json\/wp\/v2\/posts"}],"about":[{"href":"https:\/\/www.europesays.com\/fr\/wp-json\/wp\/v2\/types\/post"}],"author":[{"embeddable":true,"href":"https:\/\/www.europesays.com\/fr\/wp-json\/wp\/v2\/users\/2"}],"replies":[{"embeddable":true,"href":"https:\/\/www.europesays.com\/fr\/wp-json\/wp\/v2\/comments?post=650517"}],"version-history":[{"count":0,"href":"https:\/\/www.europesays.com\/fr\/wp-json\/wp\/v2\/posts\/650517\/revisions"}],"wp:featuredmedia":[{"embeddable":true,"href":"https:\/\/www.europesays.com\/fr\/wp-json\/wp\/v2\/media\/650518"}],"wp:attachment":[{"href":"https:\/\/www.europesays.com\/fr\/wp-json\/wp\/v2\/media?parent=650517"}],"wp:term":[{"taxonomy":"category","embeddable":true,"href":"https:\/\/www.europesays.com\/fr\/wp-json\/wp\/v2\/categories?post=650517"},{"taxonomy":"post_tag","embeddable":true,"href":"https:\/\/www.europesays.com\/fr\/wp-json\/wp\/v2\/tags?post=650517"}],"curies":[{"name":"wp","href":"https:\/\/api.w.org\/{rel}","templated":true}]}}