{"id":650519,"date":"2026-01-09T00:00:13","date_gmt":"2026-01-09T00:00:13","guid":{"rendered":"https:\/\/www.europesays.com\/fr\/650519\/"},"modified":"2026-01-09T00:00:13","modified_gmt":"2026-01-09T00:00:13","slug":"kate-middleton-bientot-aux-etats-unis-avec-william-tous-les-voyants-sont-au-vert","status":"publish","type":"post","link":"https:\/\/www.europesays.com\/fr\/650519\/","title":{"rendered":"Kate Middleton bient\u00f4t aux \u00c9tats-Unis avec William ? Tous les voyants sont au vert"},"content":{"rendered":"<p>                                    <img decoding=\"async\" src=\"https:\/\/www.europesays.com\/fr\/wp-content\/uploads\/2026\/01\/93bf52cdcb1a4f76f2fa129f2f121a8c839512cb03bf2a01026d03a69a98b23f.jpg\" alt=\"Kate Middleton\u00a0: famille, enfance, sant\u00e9\u2026 Ce qu\u2019il faut conna\u00eetre\" class=\"a11y-hidden\" fetchpriority=\"high\"\/><\/p>\n<p class=\"fig-standfirst\">\n    Comme le rapporte le Daily Mail, ce 7 janvier, Kate Middleton et le prince William pourraient peut-\u00eatre aller aux \u00c9tats-Unis pour am\u00e9liorer les relations diplomatiques du pays avec le Royaume-Uni, \u00e0 l\u2019occasion d\u2019une date importante au beau milieu de l\u2019\u00e9t\u00e9.<\/p>\n<p class=\"fig-paragraph\">Apr\u00e8s la deuxi\u00e8me visite d\u2019\u00c9tat de Donald Trump au Royaume-Uni, r\u00e9alis\u00e9e en septembre dernier, ce sera prochainement au tour du roi Charles III de se rendre aux \u00c9tats-Unis.<a href=\"https:\/\/www.gala.fr\/royautes\/charles-iii-kate-middleton-william-ce-spectacle-embarrassant-qui-devrait-ternir-cette-annee-2026-20260107\" target=\"_blank\" data-fig-type=\"Article\" rel=\"sponsored noopener\" data-gtm-custom-categorie=\"navigation\" data-gtm-custom-action=\"crossclick\" data-gtm-custom-label=\"Contextuel\" data-gtm-event=\"customEventSPE\" data-fig-domain=\"GALA\">\u00a0Le monarque anglais<\/a>\u00a0a\u00a0<a href=\"https:\/\/www.gala.fr\/royautes\/charles-iii-bientot-recu-aux-etats-unis-par-donald-trump-si-la-sante-du-monarque-lui-permet-de-voyager-20251123\" target=\"_blank\" data-fig-type=\"Article\" rel=\"sponsored noopener\" data-gtm-custom-categorie=\"navigation\" data-gtm-custom-action=\"crossclick\" data-gtm-custom-label=\"Contextuel\" data-gtm-event=\"customEventSPE\" data-fig-domain=\"GALA\">pr\u00e9vu un voyage officiel\u00a0<\/a>en avril prochain. De quoi permettre\u00a0<a href=\"https:\/\/www.gala.fr\/royautes\/entre-harry-et-charles-iii-un-vrai-rapprochement-est-possible-a-une-seule-condition-20260105\" target=\"_blank\" data-fig-type=\"Article\" rel=\"sponsored noopener\" data-gtm-custom-categorie=\"navigation\" data-gtm-custom-action=\"crossclick\" data-gtm-custom-label=\"Contextuel\" data-gtm-event=\"customEventSPE\" data-fig-domain=\"GALA\">de renforcer les relations\u00a0<\/a>entre les deux pays, mais aussi de relancer l\u2019accord commercial mis en suspens, pr\u00e9cise le\u00a0<a href=\"https:\/\/www.dailymail.co.uk\/news\/article-15438093\/Kate-join-William-landmark-visit-US-Donald-Trump.html\" target=\"_blank\" rel=\"sponsored noopener\" data-gtm-custom-categorie=\"navigation\" data-gtm-custom-action=\"crossclick\" data-gtm-custom-label=\"Contextuel\" data-gtm-event=\"customEventSPE\">Daily Mail<\/a> \u00a0ce 7 janvier. Pour l\u2019heure, il n\u2019a pas \u00e9t\u00e9 annonc\u00e9 que Kate Middleton\u00a0<a href=\"https:\/\/www.gala.fr\/royautes\/le-roi-charles-iii-et-son-fils-william-bientot-aux-etats-unis-ils-ont-une-idee-bien-precise-derriere-la-tete-20251229\" target=\"_blank\" data-fig-type=\"Article\" rel=\"sponsored noopener\" data-gtm-custom-categorie=\"navigation\" data-gtm-custom-action=\"crossclick\" data-gtm-custom-label=\"Contextuel\" data-gtm-event=\"customEventSPE\" data-fig-domain=\"GALA\">et le prince William le rejoindraient\u00a0<\/a>pour ce d\u00e9placement outre-Atlantique, ni qu\u2019ils organiseraient leur propre s\u00e9jour sur place dans l\u2019ann\u00e9e.<\/p>\n<p class=\"fig-paragraph\">En revanche, l\u2019\u00e9ventualit\u00e9 semble de plus en plus probable. La princesse de Galles\u00a0<a href=\"https:\/\/www.gala.fr\/royautes\/kate-middleton-et-william-plus-heureux-que-jamais-apres-les-epreuves-le-temps-de-la-lune-de-miel-est-revenu-20251219\" target=\"_blank\" data-fig-type=\"Article\" rel=\"sponsored noopener\" data-gtm-custom-categorie=\"navigation\" data-gtm-custom-action=\"crossclick\" data-gtm-custom-label=\"Contextuel\" data-gtm-event=\"customEventSPE\" data-fig-domain=\"GALA\">ayant combattu le cancer\u00a0<\/a>qu\u2019elle avait r\u00e9v\u00e9l\u00e9 en 2024, elle peut enfin reprendre ses engagements publics. Et visiblement, elle est plus heureuse que jamais de pouvoir retrouver ses fonctions royales, apr\u00e8s avoir d\u00fb s\u2019occuper uniquement de sa sant\u00e9 pendant plus d\u2019un an. De plus, le dernier voyage important du couple remonte \u00e0 2022, lorsqu\u2019ils se sont rendus aux Cara\u00efbes, puis \u00e0 Boston pour le prix Earthshot. Un possible s\u00e9jour aux \u00c9tats-Unis en 2026 pour Kate Middleton et le prince William serait ainsi l\u2019occasion de charmer Donald Trump et d\u2019am\u00e9liorer les relations diplomatiques entre leurs deux pays, soulignent nos confr\u00e8res anglo-saxons.<\/p>\n<p>                                                                <a href=\"#slideshow-header\"><\/p>\n<p class=\"fig-slideshow__title\">\n                    PHOTOS &#8211; Donald et Melania Trump, Kate Middleton et William, les plus beaux clich\u00e9s \u00e0 Windsor de la visite d\u2019Etat\n                <\/p>\n<p>    <\/a><br \/>\n                                                                <a class=\"fig-a11y-skip\" href=\"#fig-a11y-skip-main-inarticle\" data-module=\"a11y-skip\" data-context=\"was @visible\"><br \/>\n    Passer la publicit\u00e9<br \/>\n<\/a>            <\/p>\n<p>                                                                Un couple de passage \u00e0 Montecito pour voir Harry\u00a0?<\/p>\n<p class=\"fig-paragraph\">Le pr\u00e9sident am\u00e9ricain est un fan du couple et sa femme Melania aime aussi beaucoup leur duo. Un \u00e9v\u00e9nement semble parfait pour qu\u2019un voyage soit organis\u00e9. Le Daily Mail assure qu\u2019en coulisses, certains disent que le<a href=\"https:\/\/www.gala.fr\/royautes\/william-un-futur-roi-pret-a-tout-bouleverser-mais-au-fait-qu-en-pense-kate-middleton-20260105\" target=\"_blank\" data-fig-type=\"Article\" rel=\"sponsored noopener\" data-gtm-custom-categorie=\"navigation\" data-gtm-custom-action=\"crossclick\" data-gtm-custom-label=\"Contextuel\" data-gtm-event=\"customEventSPE\" data-fig-domain=\"GALA\">\u00a0prince h\u00e9ritier de la Couronne\u00a0<\/a>et la princesse de Galles se rendront aux \u00c9tats-Unis le 4 juillet 2026. Ce sera l\u2019occasion (si cela se fait bel et bien) de comm\u00e9morer le 250e anniversaire de la d\u00e9claration d\u2019ind\u00e9pendance des USA. En revanche, si Kate Middleton et le prince William se rendent vraiment l\u00e0-bas \u00e0 cette date, il y a fort \u00e0 parier qu\u2019ils ne l\u00e8veront pas le petit doigt<a href=\"https:\/\/www.gala.fr\/royautes\/bonne-nouvelle-pour-charles-iii-ses-petits-enfants-archie-et-lilibet-vont-enfin-pouvoir-lui-rendre-visite-20260106\" target=\"_blank\" data-fig-type=\"Article\" rel=\"sponsored noopener\" data-gtm-custom-categorie=\"navigation\" data-gtm-custom-action=\"crossclick\" data-gtm-custom-label=\"Contextuel\" data-gtm-event=\"customEventSPE\" data-fig-domain=\"GALA\">\u00a0pour voir le prince Harry et Meghan Markle<\/a>, qui r\u00e9sident \u00e0 Montecito, en Californie. Depuis leur d\u00e9part en 2020 du Royaume-Uni, le duc et la duchesse de Sussex n\u2019ont plus de contact avec eux et leur relation n\u2019a fait que s\u2019effriter, ann\u00e9e apr\u00e8s ann\u00e9e et pol\u00e9mique apr\u00e8s pol\u00e9mique.<\/p>\n<p class=\"fig-paragraph\">Article \u00e9crit avec la collaboration de 6Medias<\/p>\n","protected":false},"excerpt":{"rendered":"Comme le rapporte le Daily Mail, ce 7 janvier, Kate Middleton et le prince William pourraient peut-\u00eatre aller&hellip;\n","protected":false},"author":2,"featured_media":650520,"comment_status":"","ping_status":"","sticky":false,"template":"","format":"standard","meta":{"footnotes":""},"categories":[1589],"tags":[11,11925,75,73,1866,545,5858,12,2520,1864,1865,1863,308,586,5857],"class_list":{"0":"post-650519","1":"post","2":"type-post","3":"status-publish","4":"format-standard","5":"has-post-thumbnail","7":"category-etats-unis","8":"tag-actualites","9":"tag-deplacement","10":"tag-donald-trump","11":"tag-etats-unis","12":"tag-etats-unis-damerique","13":"tag-famille-royale-britannique","14":"tag-kate-middleton","15":"tag-news","16":"tag-sejour","17":"tag-united-states","18":"tag-united-states-of-america","19":"tag-us","20":"tag-usa","21":"tag-voyage","22":"tag-william-dangleterre"},"share_on_mastodon":{"url":"https:\/\/pubeurope.com\/@fr\/115862204171017025","error":""},"_links":{"self":[{"href":"https:\/\/www.europesays.com\/fr\/wp-json\/wp\/v2\/posts\/650519","targetHints":{"allow":["GET"]}}],"collection":[{"href":"https:\/\/www.europesays.com\/fr\/wp-json\/wp\/v2\/posts"}],"about":[{"href":"https:\/\/www.europesays.com\/fr\/wp-json\/wp\/v2\/types\/post"}],"author":[{"embeddable":true,"href":"https:\/\/www.europesays.com\/fr\/wp-json\/wp\/v2\/users\/2"}],"replies":[{"embeddable":true,"href":"https:\/\/www.europesays.com\/fr\/wp-json\/wp\/v2\/comments?post=650519"}],"version-history":[{"count":0,"href":"https:\/\/www.europesays.com\/fr\/wp-json\/wp\/v2\/posts\/650519\/revisions"}],"wp:featuredmedia":[{"embeddable":true,"href":"https:\/\/www.europesays.com\/fr\/wp-json\/wp\/v2\/media\/650520"}],"wp:attachment":[{"href":"https:\/\/www.europesays.com\/fr\/wp-json\/wp\/v2\/media?parent=650519"}],"wp:term":[{"taxonomy":"category","embeddable":true,"href":"https:\/\/www.europesays.com\/fr\/wp-json\/wp\/v2\/categories?post=650519"},{"taxonomy":"post_tag","embeddable":true,"href":"https:\/\/www.europesays.com\/fr\/wp-json\/wp\/v2\/tags?post=650519"}],"curies":[{"name":"wp","href":"https:\/\/api.w.org\/{rel}","templated":true}]}}