{"id":650521,"date":"2026-01-09T00:01:11","date_gmt":"2026-01-09T00:01:11","guid":{"rendered":"https:\/\/www.europesays.com\/fr\/650521\/"},"modified":"2026-01-09T00:01:11","modified_gmt":"2026-01-09T00:01:11","slug":"la-vie-des-prisonniers-pro-palestine-est-en-danger","status":"publish","type":"post","link":"https:\/\/www.europesays.com\/fr\/650521\/","title":{"rendered":"la vie des prisonniers pro-Palestine est en danger"},"content":{"rendered":"<p>Depuis d\u00e9but novembre, un groupe de militant\u00b7es pro-palestinien\u00b7nes sont en gr\u00e8ve de la faim au Royaume-Uni, et leur \u00e9tat de sant\u00e9 s\u2019est brutalement aggrav\u00e9\u00a0: les m\u00e9decins et soutiens parlent d\u00e9sormais d\u2019un risque de d\u00e9c\u00e8s imminent. Heba Muraisi entamait ce jeudi son soixante-septi\u00e8me jour sans nourriture, d\u00e9passant les soixante-six jours de Bobby Sands, prisonnier politique mort en 1981 lors de la gr\u00e8ve de la faim des prisonniers r\u00e9publicains irlandais sous Margaret Thatcher.<\/p>\n<p>La militante souffre de spasmes musculaires s\u00e9v\u00e8res et de difficult\u00e9s respiratoires, sympt\u00f4mes laissant craindre des atteintes neurologiques graves. Kamran Ahmed, actuellement \u00e0 son soixanti\u00e8me jour de gr\u00e8ve, a \u00e9t\u00e9 hospitalis\u00e9 \u00e0 plusieurs reprises, pr\u00e9sente des pertes auditives intermittentes et se trouve dans une phase critique du je\u00fbne. Lewie Chiaramello, atteint de diab\u00e8te de type 1, m\u00e8ne une gr\u00e8ve intermittente depuis environ quarante-six jours, une situation qui accro\u00eet encore les risques vitaux auxquels il est expos\u00e9.<\/p>\n<p>Alors que tous trois risquent la mort, le gouvernement travailliste fait la sourde oreille et les maintient emprisonn\u00e9s, au nom de la loi anti-terroriste.<\/p>\n<p>Une gr\u00e8ve de la faim historique<\/p>\n<p>Les Filton 24 sont vingt-quatre militant\u00b7es de Palestine Action (groupe de soutien \u00e0 la Palestine interdit au Royaume-Uni et class\u00e9 <a href=\"https:\/\/www.revolutionpermanente.fr\/Repression-massive-vingt-neuf-manifestants-arretes-a-Londres-pour-leur-soutien-a-Palestine-Action\" target=\"_blank\" rel=\"noopener\">\u00ab\u00a0organisation terroriste\u00a0\u00bb<\/a>), incarc\u00e9r\u00e9s depuis des mois pour avoir men\u00e9 une action contre un site de l\u2019entreprise d\u2019armement isra\u00e9lienne Elbit Systems \u00e0 Filton, pr\u00e8s de Bristol, en ao\u00fbt 2024.<\/p>\n<p>D\u00e9but novembre, <a href=\"https:\/\/www.revolutionpermanente.fr\/Greve-de-la-faim-au-Royaume-Uni-des-detenus-pro-Palestine-en-danger-de-mort\" target=\"_blank\" rel=\"noopener\">huit prisonniers<\/a> ont d\u00e9cid\u00e9 de mettre leur vie en jeu pour exiger la lib\u00e9ration sous caution imm\u00e9diate des prisonniers en d\u00e9tention provisoire, la d\u00e9proscription de Palestine Action, l\u2019abandon des poursuites li\u00e9es au \u00ab\u00a0terrorisme\u00a0\u00bb, mais aussi la publication des documents li\u00e9s \u00e0 Elbit et aux communications entre \u00c9tats britannique et isra\u00e9lien, et la rupture des partenariats.<\/p>\n<p>Cinq personnes ont d\u00fb arr\u00eater leur gr\u00e8ve de la faim apr\u00e8s plusieurs semaines sans nourriture, sous la contrainte m\u00e9dicale, et leur sacrifice n\u2019a pas \u00e9t\u00e9 sans cons\u00e9quences\u00a0: plusieurs conservent aujourd\u2019hui des s\u00e9quelles permanentes comme des atteintes nerveuses, des pertes sensorielles et d\u2019autres dommages irr\u00e9versibles li\u00e9s \u00e0 la d\u00e9nutrition prolong\u00e9e.<\/p>\n<p>Mais la d\u00e9gradation de l\u2019\u00e9tat de sant\u00e9 des prisonnier\u00b7es politiques n\u2019est pas seulement le r\u00e9sultat du je\u00fbne. Les militant\u00b7es sont d\u00e9tenu\u00b7es dans des conditions d\u2019incarc\u00e9ration \u00ab\u00a0pour terroristes\u00a0\u00bb d\u00e9gradantes et dangereuses\u00a0: isolement strict, censure des communications, retards r\u00e9p\u00e9t\u00e9s dans l\u2019acc\u00e8s aux soins urgents, suivi m\u00e9dical incoh\u00e9rent, ambulances appel\u00e9es tardivement, restrictions s\u00e9v\u00e8res des contacts avec leurs avocats et leurs familles. M\u00eame hospitalis\u00e9\u00b7es, ils et elles restent lourdement entrav\u00e9\u00b7es, y compris pour aller aux toilettes.<\/p>\n<p>Pourtant, aucun d\u2019eux n\u2019a \u00e9t\u00e9 inculp\u00e9 \u2013 et encore moins condamn\u00e9 \u2013 pour des infractions terroristes. Les prisonnier\u00b7es de Palestine Action sont poursuivis pour des d\u00e9lits de droit commun, tels que d\u00e9gradations ou troubles \u00e0 l\u2019ordre public, commis avant m\u00eame que leur organisation ne soit interdite. La pr\u00e9somption d\u2019innocence et le principe de non-r\u00e9troactivit\u00e9 du droit sont ainsi pi\u00e9tin\u00e9s, dans une logique de criminalisation du soutien \u00e0 la Palestine \u00e9galement \u00e0 l\u2019\u0153uvre aux \u00c9tats-Unis, en Allemagne ou en France.<\/p>\n<p>De plus, selon le Crown Prosecution Service (l\u2019\u00e9quivalent du procureur au Royaume-Uni), la dur\u00e9e maximale de la d\u00e9tention provisoire est de 182 jours (une dur\u00e9e d\u00e9j\u00e0 scandaleuse). Or, Heba Muraisi et Kamran Ahmed ont \u00e9t\u00e9 arr\u00eat\u00e9s en novembre 2024 et ne seront pas jug\u00e9s avant juin 2026, ce qui repr\u00e9sente vingt mois de d\u00e9tention sans proc\u00e8s. Lewie Chiaramello, arr\u00eat\u00e9 en juillet 2025, ne sera jug\u00e9e lors d\u2019une audience provisoire qu\u2019en janvier 2027, ce qui correspond \u00e0 une p\u00e9riode de dix-huit mois de prison sans jugement.<\/p>\n<p>Le gouvernement travailliste fait la sourde oreille et poursuit la r\u00e9pression<\/p>\n<p>Face \u00e0 cette situation, le gouvernement travailliste de Keir Starmer persiste dans l\u2019indiff\u00e9rence et le m\u00e9pris. Bien qu\u2019il soit parfaitement inform\u00e9 de l\u2019\u00e9tat critique des gr\u00e9vistes, aucune mesure s\u00e9rieuse n\u2019a \u00e9t\u00e9 prise. Le 18 d\u00e9cembre 2025, The National r\u00e9v\u00e9lait que <a href=\"https:\/\/www.thenational.scot\/news\/25709800.900-health-workers-write-david-lammy-hunger-strikers\/\" class=\"spip_out\" rel=\"noopener noreferrer external\" target=\"_blank\">pr\u00e8s de 900 professionnels<\/a> de sant\u00e9 avaient \u00e9crit au ministre des Affaires \u00e9trang\u00e8res David Lammy et au ministre de la Sant\u00e9 Wes Streeting pour exiger une prise en charge m\u00e9dicale sp\u00e9cialis\u00e9e, sans obtenir de r\u00e9ponse.<\/p>\n<p>Le m\u00e9pris du gouvernement s\u2019est exprim\u00e9 au Parlement <a href=\"https:\/\/www.theguardian.com\/uk-news\/2025\/dec\/16\/palestine-action-hunger-strikers-may-die-without-lammy-intervention-lawyers-say?utm_source=chatgpt.com\" class=\"spip_out\" rel=\"noopener noreferrer external\" target=\"_blank\">le 16 d\u00e9cembre<\/a>. Apr\u00e8s qu\u2019une cinquantaine de d\u00e9put\u00e9s aient adress\u00e9 une lettre au gouvernement pour demander au ministre de la Justice de rencontrer les avocats des gr\u00e9vistes de la faim, leur requ\u00eate a re\u00e7u un \u00ab\u00a0non\u00a0\u00bb sec de la part de ce dernier, d\u00e9clenchant des rires dans l\u2019h\u00e9micycle.<\/p>\n<p>Dans une surench\u00e8re r\u00e9pressive, le gouvernement a \u00e9galement <a href=\"https:\/\/www.revolutionpermanente.fr\/revolutionpermanente.fr\/Attentat-antisemite-a-Sydney-une-attaque-effroyable-instrumentalisee-par-Netanyahou-et-ses-allies\" target=\"_blank\" rel=\"noopener\">instrumentalis\u00e9 les attaques antis\u00e9mites survenues \u00e0 Sydney<\/a> pour durcir la r\u00e9pression des mobilisations\u00a0: toute r\u00e9f\u00e9rence au mot \u00ab\u00a0intifada\u00a0\u00bb est devenue pr\u00e9texte \u00e0 arrestation, tandis que la police a multipli\u00e9 les violences physiques contre les manifestants. Le 22 d\u00e9cembre, <a href=\"https:\/\/www.revolutionpermanente.fr\/Greta-Thunberg-arretee-a-Londres-pour-son-soutien-a-la-Palestine-exigeons-sa-liberation-immediate\" target=\"_blank\" rel=\"noopener\">Greta Thunberg a ainsi \u00e9t\u00e9 arr\u00eat\u00e9e \u00e0 Londres<\/a> pour avoir brandi une pancarte d\u00e9clarant\u00a0: \u00ab\u00a0I oppose genocide, I support Palestine Action\u00a0\u00bb.<\/p>\n<p>En r\u00e9ponse au m\u00e9pris et \u00e0 la r\u00e9pression, les mobilisations de solidarit\u00e9 se sont intensifi\u00e9es. Des manifestations r\u00e9guli\u00e8res ont eu lieu devant le Parlement, les tribunaux, les bureaux du Parti travailliste et les prisons concern\u00e9es. Ainsi, dans la nuit du 16 au 17 d\u00e9cembre 2025, des manifestant\u00b7es \u2013 dont la d\u00e9put\u00e9e Zarah Sultana, <a href=\"https:\/\/www.revolutionpermanente.fr\/Jeremy-Corbyn-et-Zarah-Sultana-lancent-Your-Party-une-solution-apres-la-trahison-du-Labour\" target=\"_blank\" rel=\"noopener\">du groupe Your Party qu\u2019elle a co-fond\u00e9 avec Jeremy Corbyn<\/a>, \u00e0 gauche du Parti Travailliste \u2013 se sont rendus \u00e0 la prison de HMP Bronzefield pour exiger l\u2019hospitalisation urgente d\u2019une gr\u00e9viste, Qesser Zuhrah. Apr\u00e8s 17 heures de face-\u00e0-face avec l\u2019administration p\u00e9nitentiaire et la police et trois arrestations, une ambulance a finalement \u00e9t\u00e9 autoris\u00e9e \u00e0 entrer pour la transporter \u00e0 l\u2019h\u00f4pital.<\/p>\n<p>La solidarit\u00e9 s\u2019est aussi d\u00e9ploy\u00e9e \u00e0 l\u2019international. Des rassemblements ont eu lieu devant des ambassades britanniques \u00e0 Boston, Tel-Aviv, Johannesburg et ailleurs. Georges Ibrahim Abdallah, militant r\u00e9volutionnaire libanais emprisonn\u00e9 pendant quarante-et-un ans en France et lib\u00e9r\u00e9 en juillet 2025, a exprim\u00e9 son soutien, tout comme d\u2019anciens prisonniers r\u00e9publicains irlandais, dont Tommy McKearney, participant \u00e0 la gr\u00e8ve de la faim de 1980. L\u2019ancien d\u00e9tenu de Guant\u00e1namo Mansoor Adayfi, aujourd\u2019hui au Royaume-Uni, a m\u00eame entam\u00e9 une gr\u00e8ve de la faim en solidarit\u00e9.<\/p>\n<p>Nous apportons tout notre soutien aux gr\u00e9vistes de la faim, mais aussi \u00e0 l\u2019ensemble des prisonniers politiques et des militants r\u00e9prim\u00e9s pour leur d\u00e9nonciation du g\u00e9nocide \u00e0 Gaza. Lors du <a href=\"https:\/\/www.facebook.com\/RevolutionPermanente.fr\/videos\/-depuis-paris-solidarit%C3%A9-avec-les-24-de-filton-incarc%C3%A9r%C3%A9s-au-royaume-uni-pour-le\/1073844921493674\/\" class=\"spip_out\" rel=\"noopener noreferrer external\" target=\"_blank\">rassemblement parisien organis\u00e9 en solidarit\u00e9 avec les Fliton 24 le 27 d\u00e9cembre<\/a>, Sasha Yaropolskaya, militante \u00e0 Du Pain et Des Roses et R\u00e9volution Permanente, a rappel\u00e9 la dimension internationale de la criminalisation du soutien \u00e0 la Palestine, et soulign\u00e9 la n\u00e9cessit\u00e9 de lutter contre cette r\u00e9pression \u00e0 la m\u00eame \u00e9chelle.<\/p>\n","protected":false},"excerpt":{"rendered":"Depuis d\u00e9but novembre, un groupe de militant\u00b7es pro-palestinien\u00b7nes sont en gr\u00e8ve de la faim au Royaume-Uni, et leur&hellip;\n","protected":false},"author":2,"featured_media":650522,"comment_status":"","ping_status":"","sticky":false,"template":"","format":"standard","meta":{"footnotes":""},"categories":[1588],"tags":[11,1777,674,12,473,1853,1851,1850,1852],"class_list":{"0":"post-650521","1":"post","2":"type-post","3":"status-publish","4":"format-standard","5":"has-post-thumbnail","7":"category-royaume-uni","8":"tag-actualites","9":"tag-eu","10":"tag-europe","11":"tag-news","12":"tag-royaume-uni","13":"tag-royaume-uni-de-grande-bretagne-et-dirlande-du-nord","14":"tag-uk","15":"tag-united-kingdom","16":"tag-united-kingdom-of-great-britain-and-northern-ireland"},"share_on_mastodon":{"url":"https:\/\/pubeurope.com\/@fr\/115862207776418832","error":""},"_links":{"self":[{"href":"https:\/\/www.europesays.com\/fr\/wp-json\/wp\/v2\/posts\/650521","targetHints":{"allow":["GET"]}}],"collection":[{"href":"https:\/\/www.europesays.com\/fr\/wp-json\/wp\/v2\/posts"}],"about":[{"href":"https:\/\/www.europesays.com\/fr\/wp-json\/wp\/v2\/types\/post"}],"author":[{"embeddable":true,"href":"https:\/\/www.europesays.com\/fr\/wp-json\/wp\/v2\/users\/2"}],"replies":[{"embeddable":true,"href":"https:\/\/www.europesays.com\/fr\/wp-json\/wp\/v2\/comments?post=650521"}],"version-history":[{"count":0,"href":"https:\/\/www.europesays.com\/fr\/wp-json\/wp\/v2\/posts\/650521\/revisions"}],"wp:featuredmedia":[{"embeddable":true,"href":"https:\/\/www.europesays.com\/fr\/wp-json\/wp\/v2\/media\/650522"}],"wp:attachment":[{"href":"https:\/\/www.europesays.com\/fr\/wp-json\/wp\/v2\/media?parent=650521"}],"wp:term":[{"taxonomy":"category","embeddable":true,"href":"https:\/\/www.europesays.com\/fr\/wp-json\/wp\/v2\/categories?post=650521"},{"taxonomy":"post_tag","embeddable":true,"href":"https:\/\/www.europesays.com\/fr\/wp-json\/wp\/v2\/tags?post=650521"}],"curies":[{"name":"wp","href":"https:\/\/api.w.org\/{rel}","templated":true}]}}