{"id":650527,"date":"2026-01-09T00:04:15","date_gmt":"2026-01-09T00:04:15","guid":{"rendered":"https:\/\/www.europesays.com\/fr\/650527\/"},"modified":"2026-01-09T00:04:15","modified_gmt":"2026-01-09T00:04:15","slug":"accord-ue-mercosur-la-france-votera-contre-emmanuel-macron-invoque-un-rejet-politique-unanime","status":"publish","type":"post","link":"https:\/\/www.europesays.com\/fr\/650527\/","title":{"rendered":"Accord UE-Mercosur : la France votera \u00ab\u00a0contre\u00a0\u00bb, Emmanuel Macron invoque \u00ab\u00a0un rejet politique unanime\u00a0\u00bb"},"content":{"rendered":"<ul class=\"jsx-862013697 ArticleChapo__List\">\n<li class=\"jsx-862013697 ArticleChapo__List_Item flex\">Emmanuel Macron a annonc\u00e9, jeudi 8 janvier, le vote de la France \u00ab\u00a0contre la signature de l&rsquo;accord entre l&rsquo;Union europ\u00e9enne et les pays du Mercosur\u00a0\u00bb.<\/li>\n<li class=\"jsx-862013697 ArticleChapo__List_Item flex\">Malgr\u00e9 des concessions \u00ab\u00a0incontestables\u00a0\u00bb de Bruxelles, le chef de l&rsquo;\u00c9tat a invoqu\u00e9 un \u00ab\u00a0rejet politique unanime\u00a0\u00bb pour un trait\u00e9 \u00ab\u00a0d&rsquo;un autre \u00e2ge\u00a0\u00bb.<\/li>\n<\/ul>\n<p><a href=\"https:\/\/www.tf1info.fr\/actualite\/dermatose-nodulaire-contagieuse-dnc-les-agriculteurs-mobilises-14458\/\" rel=\"noopener\" class=\"jsx-484472199 Link jsx-1428418400 jsx-1910851033\" target=\"_blank\"><\/p>\n<p style=\"font-weight:400\" class=\"jsx-1837267516\">Suivez la couverture compl\u00e8te<\/p>\n<p style=\"font-weight:800\" class=\"jsx-1837267516\">Dermatose nodulaire, Mercosur : les agriculteurs mobilis\u00e9s <\/p>\n<p><\/a><\/p>\n<p data-module=\"article-paragraph\" class=\"jsx-157965717 Paragraph\">Emmanuel Macron a choisi de dire \u00ab\u00a0non\u00a0\u00bb au Mercosur. Malgr\u00e9 les concessions \u00ab\u00a0incontestables\u00a0\u00bb de Bruxelles, la France votera \u00ab\u00a0contre\u00a0\u00bb <a href=\"https:\/\/www.tf1info.fr\/economie\/mercosur-c-est-quoi-le-probleme-et-quelles-sont-les-positions-2417459.html\" target=\"_blank\" rel=\"noopener\">l&rsquo;accord commercial (nouvelle fen\u00eatre)<\/a> entre l&rsquo;Union europ\u00e9enne et le march\u00e9 commun sud-am\u00e9ricain.\u00a0<\/p>\n<p data-module=\"article-paragraph\" class=\"jsx-157965717 Paragraph Paragraph__End\">\u00ab\u00a0Le constat doit \u00eatre dress\u00e9 d&rsquo;un rejet politique unanime de l&rsquo;accord, comme l&rsquo;ont clairement montr\u00e9 les r\u00e9cents d\u00e9bats \u00e0 l&rsquo;Assembl\u00e9e nationale et au S\u00e9nat\u00a0\u00bb, a \u00e9crit le pr\u00e9sident de la R\u00e9publique dans <a href=\"https:\/\/www.instagram.com\/p\/DTQj9rTjbLp\/\" target=\"_blank\" rel=\"noopener\">un communiqu\u00e9 (nouvelle fen\u00eatre)<\/a> annon\u00e7ant sa d\u00e9cision, jeudi 8 janvier, apr\u00e8s en avoir inform\u00e9 la pr\u00e9sidente de la Commission europ\u00e9enne, Ursula von der Leyen.<\/p>\n<p data-module=\"article-paragraph\" class=\"jsx-157965717 Paragraph Paragraph__End\">Avec <a href=\"https:\/\/www.tf1info.fr\/societe\/on-n-a-pas-besoin-du-mercosur-revenons-aux-fondamentaux-martele-un-ingenieur-agronome-bio-et-depute-ecologiste-sur-lci-2417451.html\" target=\"_blank\" rel=\"noopener\">une classe politique hostile<\/a> et <a href=\"https:\/\/www.tf1info.fr\/societe\/colere-agricole-comment-les-agriculteurs-se-sont-ils-fraye-un-chemin-au-coeur-de-paris-2417438.html\" target=\"_blank\" rel=\"noopener\">des manifestations agit\u00e9es d&rsquo;agriculteurs venus en tracteurs \u00e0 Paris<\/a>, la pression \u00e9tait forte contre cet accord sur lequel les Vingt-Sept doivent se prononcer vendredi 9 janvier pour une signature avec le bloc latino-am\u00e9ricain la semaine prochaine.\u00a0<\/p>\n<p>Un trait\u00e9 qu&rsquo;il qualifie \u00ab\u00a0d&rsquo;un autre \u00e2ge\u00a0\u00bb<\/p>\n<p data-module=\"article-paragraph\" class=\"jsx-157965717 Paragraph\">Face \u00e0 cette \u00e9quation, Emmanuel Macron, qui \u00e9voque un trait\u00e9 \u00ab\u00a0d&rsquo;un autre \u00e2ge\u00a0\u00bb \u00e0 l&rsquo;impact limit\u00e9, a fait le calcul politique qu&rsquo;il valait mieux aller dans le sens des opposants pour pr\u00e9server son Premier ministre, S\u00e9bastien Lecornu, qui cherche toujours \u00e0 <a href=\"https:\/\/www.tf1info.fr\/politique\/budget-amelie-de-montchalin-n-exclut-rien-pour-faire-passer-le-texte-y-compris-le-recours-au-49-3-2417386.html\" target=\"_blank\" rel=\"noopener\">faire adopter un budget<\/a> pour 2026.<\/p>\n<p data-module=\"article-paragraph\" class=\"jsx-157965717 Paragraph\">\u00ab\u00a0Si la diversification commerciale est n\u00e9cessaire, le gain \u00e9conomique de l&rsquo;accord UE-Mercosur sera limit\u00e9 pour la croissance fran\u00e7aise et europ\u00e9enne (+0,05% sur le PIB de l&rsquo;UE \u00e0 l&rsquo;horizon 2040 selon la Commission). Il ne justifie pas d&rsquo;exposer des fili\u00e8res agricoles sensibles et essentielles \u00e0 notre souverainet\u00e9 alimentaire\u00a0\u00bb, a-t-il estim\u00e9.<\/p>\n<p data-module=\"article-paragraph\" class=\"jsx-157965717 Paragraph Paragraph__End\">Il a toutefois salu\u00e9 les \u00ab\u00a0avanc\u00e9es\u00a0\u00bb obtenues : \u00ab\u00a0une clause de sauvegarde sp\u00e9cifique\u00a0\u00bb, sorte de \u00ab\u00a0frein d\u2019urgence\u00a0\u00bb sur les importations agricoles des pays latino-am\u00e9ricains du Mercosur en cas de d\u00e9stabilisations de march\u00e9 en Europe, mais aussi des \u00ab\u00a0mesures de r\u00e9ciprocit\u00e9 sur les conditions de production\u00a0\u00bb, et des \u00ab\u00a0contr\u00f4les\u00a0\u00bb renforc\u00e9s.\u00a0<\/p>\n<blockquote class=\"jsx-2786790838 Quote__Text\"><p>L&rsquo;\u00e9tape de la signature de l&rsquo;accord ne constitue pas la fin de l&rsquo;histoire<\/p><\/blockquote>\n<p>Emmanuel Macron, pr\u00e9sident de la R\u00e9publique<\/p>\n<p data-module=\"article-paragraph\" class=\"jsx-157965717 Paragraph Paragraph__End\">\u00ab\u00a0Plusieurs de ces progr\u00e8s doivent encore \u00eatre finalis\u00e9s, la France y veillera\u00a0\u00bb, a promis le chef de l&rsquo;\u00c9tat, qui s&rsquo;est f\u00e9licit\u00e9 d&rsquo;autres \u00ab\u00a0engagements majeurs de la Commission europ\u00e9enne\u00a0\u00bb, sur le montant du budget futur de <a href=\"https:\/\/www.tf1info.fr\/environnement-ecologie\/environnement-ecologie-l-europe-doit-elle-verdir-sa-politique-agricole-commune-union-europeenne-2142024.html\" target=\"_blank\" rel=\"noopener\">la Politique agricole commune (PAC)<\/a> et sur les prix des engrais. \u00ab\u00a0L&rsquo;\u00e9tape de la signature de l&rsquo;accord ne constitue pas la fin de l\u2019histoire\u00a0\u00bb, a assur\u00e9 Emmanuel Macron. \u00ab\u00a0Je continuerai de me battre pour la pleine mise en \u0153uvre concr\u00e8te des engagements obtenus (&#8230;) et pour prot\u00e9ger nos agriculteurs.\u00a0\u00bb<\/p>\n<p><a href=\"https:\/\/www.tf1info.fr\/economie\/mercosur-c-est-quoi-le-probleme-et-quelles-sont-les-positions-2417459.html\" rel=\"noopener\" class=\"jsx-3308031228 Link flex\" target=\"_blank\"><img decoding=\"async\" src=\"https:\/\/www.europesays.com\/fr\/wp-content\/uploads\/2026\/01\/autoroute-a61-17-decembre-2025-agriculteurs-9eb7fd-0@1x.jpeg\" alt=\"AFP\" loading=\"lazy\" importance=\"low\" fetchpriority=\"low\" class=\"\" aria-hidden=\"true\"\/><\/p>\n<p class=\"jsx-3657663356 ReadMoreArticle__Title\">Lire aussi<\/p>\n<p class=\"jsx-3657663356\">Mercosur, c\u2019est quoi le probl\u00e8me et o\u00f9 en est-on ?<\/p>\n<p><\/a><\/p>\n<p data-module=\"article-paragraph\" class=\"jsx-157965717 Paragraph Paragraph__End\">Le \u00ab\u00a0non\u00a0\u00bb fran\u00e7ais au Mercosur s&rsquo;ajoute \u00e0 ceux de l&rsquo;Irlande, de la Pologne ou de la Hongrie. Mais la position de la France ne devrait cependant pas emp\u00eacher la Commission europ\u00e9enne d&rsquo;obtenir le feu vert d&rsquo;une majorit\u00e9 d&rsquo;\u00c9tats membres lors du vote \u00e0 la majorit\u00e9 qualifi\u00e9e, vendredi \u00e0 Bruxelles.<\/p>\n<p>Y.R. avec AFP<\/p>\n<p><script async src=\"\/\/www.instagram.com\/embed.js\"><\/script><\/p>\n","protected":false},"excerpt":{"rendered":"Emmanuel Macron a annonc\u00e9, jeudi 8 janvier, le vote de la France \u00ab\u00a0contre la signature de l&rsquo;accord entre&hellip;\n","protected":false},"author":2,"featured_media":644096,"comment_status":"","ping_status":"","sticky":false,"template":"","format":"standard","meta":{"footnotes":""},"categories":[1586],"tags":[1111,11,327,1921,70814,1073,1777,674,1779,1011,27,1922,21426,72026,12,25,1778,364,133,1920],"class_list":{"0":"post-650527","1":"post","2":"type-post","3":"status-publish","4":"format-standard","5":"has-post-thumbnail","7":"category-europe","8":"tag-actu","9":"tag-actualites","10":"tag-agriculture","11":"tag-article-video","12":"tag-dermatose-nodulaire","13":"tag-emmanuel-macron","14":"tag-eu","15":"tag-europe","16":"tag-european-union","17":"tag-fr","18":"tag-france","19":"tag-info","20":"tag-mercosur","21":"tag-mercosur-les-agriculteurs-mobilises","22":"tag-news","23":"tag-republique-francaise","24":"tag-ue","25":"tag-union-europeenne","26":"tag-video","27":"tag-video-international"},"share_on_mastodon":{"url":"https:\/\/pubeurope.com\/@fr\/115862219457319183","error":""},"_links":{"self":[{"href":"https:\/\/www.europesays.com\/fr\/wp-json\/wp\/v2\/posts\/650527","targetHints":{"allow":["GET"]}}],"collection":[{"href":"https:\/\/www.europesays.com\/fr\/wp-json\/wp\/v2\/posts"}],"about":[{"href":"https:\/\/www.europesays.com\/fr\/wp-json\/wp\/v2\/types\/post"}],"author":[{"embeddable":true,"href":"https:\/\/www.europesays.com\/fr\/wp-json\/wp\/v2\/users\/2"}],"replies":[{"embeddable":true,"href":"https:\/\/www.europesays.com\/fr\/wp-json\/wp\/v2\/comments?post=650527"}],"version-history":[{"count":0,"href":"https:\/\/www.europesays.com\/fr\/wp-json\/wp\/v2\/posts\/650527\/revisions"}],"wp:featuredmedia":[{"embeddable":true,"href":"https:\/\/www.europesays.com\/fr\/wp-json\/wp\/v2\/media\/644096"}],"wp:attachment":[{"href":"https:\/\/www.europesays.com\/fr\/wp-json\/wp\/v2\/media?parent=650527"}],"wp:term":[{"taxonomy":"category","embeddable":true,"href":"https:\/\/www.europesays.com\/fr\/wp-json\/wp\/v2\/categories?post=650527"},{"taxonomy":"post_tag","embeddable":true,"href":"https:\/\/www.europesays.com\/fr\/wp-json\/wp\/v2\/tags?post=650527"}],"curies":[{"name":"wp","href":"https:\/\/api.w.org\/{rel}","templated":true}]}}