{"id":650568,"date":"2026-01-09T00:30:09","date_gmt":"2026-01-09T00:30:09","guid":{"rendered":"https:\/\/www.europesays.com\/fr\/650568\/"},"modified":"2026-01-09T00:30:09","modified_gmt":"2026-01-09T00:30:09","slug":"direct-tempete-goretti-levee-du-vent-a-paris-rafale-a-pres-de-120-km-h-au-sommet-de-la-tour-eiffel-la-chaine-meteo","status":"publish","type":"post","link":"https:\/\/www.europesays.com\/fr\/650568\/","title":{"rendered":"Direct temp\u00eate Goretti : lev\u00e9e du vent \u00e0 Paris, rafale \u00e0 pr\u00e8s de 120 km\/h au sommet de la tour Eiffel &#8211; La Cha\u00eene M\u00e9t\u00e9o"},"content":{"rendered":"<ol>\n<li><a href=\"https:\/\/news.google.com\/rss\/articles\/CBMi-wFBVV95cUxPOU93SnlJOVpwZWZ1S3h6VHpXb3Q0M2dCNGtNUUVrcG5ZSWstM215QWR0QTdxM09nWDlfMEkxdUcwRWxOVWJfMlBsVWJob0dWbUhUa0p0OVdsdmJWcEpRMlA4XzEzSDhmVXFyZjJkWW1xRU5VQmQ5LWMzdndaekJaa0EwYmlkQjdSOHhzWmQzblN4QUVGbTk5dVBQaEVObHBndlhTYlIwcXNSc1NEQUNPa2k3QXVydWFUd3NZaEhRN2dFVzZJam40VTB5Z1JOWFo0cGNQTVZ3Ym9HWHV0aUNBU0NFRUhHdnpfdTdvVTdOd1lrU2tnZ2JMWGtmOA?oc=5\" target=\"_blank\" rel=\"noopener\">Direct temp\u00eate Goretti : lev\u00e9e du vent \u00e0 Paris, rafale \u00e0 pr\u00e8s de 120 km\/h au sommet de la tour Eiffel<\/a>&nbsp;&nbsp;La Cha\u00eene M\u00e9t\u00e9o<\/li>\n<li><a href=\"https:\/\/news.google.com\/rss\/articles\/CBMitAFBVV95cUxPdVJBdVZtT2NoNmhLdHBlVmZLVmRSczltUHdDd3FsT052cWYwZnFIclVwWmFnQkE5c0NISnphaWNYTGVaTS1vOHJxWnBHRjFpY2VHN2ZSblFXMWMyc1RhWmh4ZzhVblhQMFdjczZLNHFzNE5jaEhxUlhIajBxdnJuNDRFaUZhSnEtem5UeHBSbV9iNkNoUjhHUHVYaURzVnN6aDZiTE5nbzRIZGJYOVo1anZYaFU?oc=5\" target=\"_blank\" rel=\"noopener\">Temp\u00eate majeure Goretti au nord-ouest : alerte rouge en Manche<\/a>&nbsp;&nbsp;La Cha\u00eene M\u00e9t\u00e9o<\/li>\n<li><a href=\"https:\/\/news.google.com\/rss\/articles\/CBMi-gFBVV95cUxNOFZSaDV3UG1PMkNydVQzbEhJVXIyaDRtbHhoel9IcjlrUjB6UDhMcTV5R3RxWnQ0Rk4wSlBFelYwRFpWMjdzUU1HYXBBcUhnT2lWQlFxZElsb2tYbkk4NXBkS1BwWGhjbHhsTm9iOVNBQVB6ZTlmUHlZNXNEbzdUT1FFb0hKWHNuX2JCZ3lvWEpoN2NCeEVWcWI0dmV5c1h0NER1Smcta3RyUjZEejh1eVo2ZndNSGpiTWtNQ3N1ZVpNb0doX01pRUplQkF0VmRsb1FFOXBfVVM0OWlBRGtnUGdOMndIOG9zYlJjQnE0cExNcHZkUzRWU0l3?oc=5\" target=\"_blank\" rel=\"noopener\">\u00ab\u00a0\u00c0 l&rsquo;ext\u00e9rieur, tout est \u00e9teint\u00a0\u00bb: \u00e0 Quettehou dans la Manche, les premiers d\u00e9g\u00e2ts de la temp\u00eate Gorretti s&rsquo;observent<\/a>&nbsp;&nbsp;BFM<\/li>\n<li><a href=\"https:\/\/news.google.com\/rss\/articles\/CBMilgJBVV95cUxOcGRIV2VHcFJIMzlFdGRJdExaYW42ZGdmWWVqVFBIUnJDMHVTZEtaZ01TNElJcFFoMHNtclZDVW1aal8wM2haUGpUb3M5blhpQlRMV0NhckFXVlVmbEtfcWZ4QU44eGtRUGcyaVo1dmJ1RC1fOC1jX3MwY21fRG8zNERlWktfdXlnNFdMemJhajNnR05WdkFrVHpPVTNuYkh1QThNYVc5d1YyYzRIUkI4WTdMNXU5dWI0bUVKZjN0RE1aQnB4eHJZa09YejlibkRVQnYxTFBfMERZRDlUX3FTQXJvMjRyaEpweGhXTVRYUXV3UFA4dzF6M2NHN1FPa1Q1Y1dDN0F5RDhGQ0xtT0tWc1AxQi1tUQ?oc=5\" target=\"_blank\" rel=\"noopener\">Le point sur la temp\u00eate Goretti : la Manche en vigilance rouge, 27 d\u00e9partements en orange de la Charente-Maritime \u00e0 l\u2019Ile-de-France<\/a>&nbsp;&nbsp;Le Monde.fr<\/li>\n<li><a href=\"https:\/\/news.google.com\/rss\/articles\/CBMihgJBVV95cUxNdWtXdHdKRGpFMi02VFhWNzVhMWJDZGx1X2dNUTFlUVJHZEE3amptVlM5b25fMGRfakpTVVVxWjhEQVRNenNvdWxmRmk1UktpUnRaX0l2TzM4QVdYa0NRbWVYNG1pSldMOXBVZ3h2ZWxPR0ZYZW9pWllmNHg1QlpkUTBGSGk2LWhUdmVzRVdiZzVXVHgwbVlVVktrbXRsV3k3NUZzcHBMUnZjLXVZTDZFaGhYbUlXQUxRaFhCTnZHcVFKMDhTVUNGSk1UQ2ZTZG12MDZfSjVkcFVKbXVCUHB6LUgyR0kzX210Q2FlSnVRblNIeVpuS1hDWDNjWkFYemhwclZiaFp3?oc=5\" target=\"_blank\" rel=\"noopener\">DIRECT. Temp\u00eate Goretti : rafales d\u2019environ 150 km\/h, des creux de 13 m\u00e8tres et 20 000 foyers sans courant en Bretagne<\/a>&nbsp;&nbsp;Ouest-France<\/li>\n<\/ol>\n","protected":false},"excerpt":{"rendered":"Direct temp\u00eate Goretti : lev\u00e9e du vent \u00e0 Paris, rafale \u00e0 pr\u00e8s de 120 km\/h au sommet de&hellip;\n","protected":false},"author":2,"featured_media":395849,"comment_status":"","ping_status":"","sticky":false,"template":"","format":"standard","meta":{"footnotes":""},"categories":[2],"tags":[11,1011,27,12],"class_list":{"0":"post-650568","1":"post","2":"type-post","3":"status-publish","4":"format-standard","5":"has-post-thumbnail","7":"category-actualites","8":"tag-actualites","9":"tag-fr","10":"tag-france","11":"tag-news"},"share_on_mastodon":{"url":"https:\/\/pubeurope.com\/@fr\/115862321402105134","error":""},"_links":{"self":[{"href":"https:\/\/www.europesays.com\/fr\/wp-json\/wp\/v2\/posts\/650568","targetHints":{"allow":["GET"]}}],"collection":[{"href":"https:\/\/www.europesays.com\/fr\/wp-json\/wp\/v2\/posts"}],"about":[{"href":"https:\/\/www.europesays.com\/fr\/wp-json\/wp\/v2\/types\/post"}],"author":[{"embeddable":true,"href":"https:\/\/www.europesays.com\/fr\/wp-json\/wp\/v2\/users\/2"}],"replies":[{"embeddable":true,"href":"https:\/\/www.europesays.com\/fr\/wp-json\/wp\/v2\/comments?post=650568"}],"version-history":[{"count":0,"href":"https:\/\/www.europesays.com\/fr\/wp-json\/wp\/v2\/posts\/650568\/revisions"}],"wp:featuredmedia":[{"embeddable":true,"href":"https:\/\/www.europesays.com\/fr\/wp-json\/wp\/v2\/media\/395849"}],"wp:attachment":[{"href":"https:\/\/www.europesays.com\/fr\/wp-json\/wp\/v2\/media?parent=650568"}],"wp:term":[{"taxonomy":"category","embeddable":true,"href":"https:\/\/www.europesays.com\/fr\/wp-json\/wp\/v2\/categories?post=650568"},{"taxonomy":"post_tag","embeddable":true,"href":"https:\/\/www.europesays.com\/fr\/wp-json\/wp\/v2\/tags?post=650568"}],"curies":[{"name":"wp","href":"https:\/\/api.w.org\/{rel}","templated":true}]}}