{"id":650580,"date":"2026-01-09T00:41:15","date_gmt":"2026-01-09T00:41:15","guid":{"rendered":"https:\/\/www.europesays.com\/fr\/650580\/"},"modified":"2026-01-09T00:41:15","modified_gmt":"2026-01-09T00:41:15","slug":"a-montpellier-la-nouvelle-ligne-5-du-tramway-relie-louest-et-le-nord","status":"publish","type":"post","link":"https:\/\/www.europesays.com\/fr\/650580\/","title":{"rendered":"\u00c0 Montpellier, la nouvelle ligne 5 du tramway relie l\u2019ouest et le nord"},"content":{"rendered":"<p>            <img width=\"1200\" height=\"727\" src=\"data:image\/svg+xml,%3Csvg%20xmlns=\" http:=\"\" class=\"frame wp-post-image\" alt=\"Habill\u00e9s d\u2019une \u0153uvre originale de Barth\u00e9l\u00e9my Toguo, artiste de renomm\u00e9e internationale, les tramways de la ligne 5 s\u2019inscrivent dans la tradition artistique de la ville (\u00a9 TaM).\" decoding=\"async\" fetchpriority=\"high\" data-lazy- data-lazy- data-lazy-src=\"https:\/\/www.europesays.com\/fr\/wp-content\/uploads\/2026\/01\/a849dadd-3317-408b-91ee-7f1bedbc1991.jpeg\"\/><\/p>\n<p class=\"flex-caption\">Habill\u00e9s d\u2019une \u0153uvre originale de Barth\u00e9l\u00e9my Toguo, artiste de renomm\u00e9e internationale, les tramways de la ligne 5 s\u2019inscrivent dans la tradition artistique de la ville (\u00a9 TaM).<\/p>\n<p class=\"breadcrumb\">\n                    <a title=\"Accueil - La Vie du Rail\" rel=\"nofollow noopener\" href=\"https:\/\/www.railpassion.fr\/\" target=\"_blank\">Accueil<\/a> \/ <a href=\"https:\/\/www.railpassion.fr\/transports-urbains\/\" target=\"_blank\" rel=\"noopener\">Transports urbains<\/a> \/ \u00c0 Montpellier, la nouvelle ligne 5 du tramway relie l\u2019ouest et le nord                <\/p>\n<p>Par : Kathy Labb\u00e9<\/p>\n<p><\/p>\n<p>Attendue depuis 15\u00a0ans, la nouvelle ligne 5 du tramway de Montpellier relie, depuis le 20\u00a0d\u00e9cembre 2025, l\u2019ouest et le nord du territoire en seulement 45\u00a0min. S\u2019\u00e9tendant sur 16,3\u00a0km de\u00a0Clapiers \u00e0 la station Gr\u00e9s-de-Montpellier, elle dessert 27\u00a0stations. Gr\u00e2ce \u00e0 cette nouvelle ligne, qui r\u00e9pond \u00e0 une densification\u00a0urbaine grandissante, pr\u00e8s de\u00a060\u00a0% de la population m\u00e9tropolitaine sera desservie en tramway.<\/p>\n<p>Avec 80\u2009000 voyageurs par jour attendus, la fr\u00e9quence est au\u00ad\u00adjourd\u2019hui d\u2019un tram toutes les\u00a012\u00a0min, elle sera de 10\u00a0min en f\u00e9vrier gr\u00e2ce \u00e0 l\u2019ajout de quatre rames, pour \u00eatre r\u00e9duite \u00e0 7\u00a0min en septembre\u00a02026 avec la livraison des rames CAF en construction \u00e0 Bagn\u00e8res-de-Bigorre.<\/p>\n<p>L\u00e9gende :\u00a0Habill\u00e9s d\u2019une \u0153uvre originale de Barth\u00e9l\u00e9my Toguo, artiste\u00a0de renomm\u00e9e internationale,\u00a0les tramways de la ligne\u00a05 s\u2019inscrivent dans la tradition artistique de la ville (\u00a9 TaM).<\/p>\n","protected":false},"excerpt":{"rendered":"Habill\u00e9s d\u2019une \u0153uvre originale de Barth\u00e9l\u00e9my Toguo, artiste de renomm\u00e9e internationale, les tramways de la ligne 5 s\u2019inscrivent&hellip;\n","protected":false},"author":2,"featured_media":650581,"comment_status":"","ping_status":"","sticky":false,"template":"","format":"standard","meta":{"footnotes":""},"categories":[9599],"tags":[1111,11,1777,674,1011,27,2208,12,2680,25],"class_list":{"0":"post-650580","1":"post","2":"type-post","3":"status-publish","4":"format-standard","5":"has-post-thumbnail","7":"category-montpellier","8":"tag-actu","9":"tag-actualites","10":"tag-eu","11":"tag-europe","12":"tag-fr","13":"tag-france","14":"tag-montpellier","15":"tag-news","16":"tag-occitanie","17":"tag-republique-francaise"},"share_on_mastodon":{"url":"https:\/\/pubeurope.com\/@fr\/115862364662526460","error":""},"_links":{"self":[{"href":"https:\/\/www.europesays.com\/fr\/wp-json\/wp\/v2\/posts\/650580","targetHints":{"allow":["GET"]}}],"collection":[{"href":"https:\/\/www.europesays.com\/fr\/wp-json\/wp\/v2\/posts"}],"about":[{"href":"https:\/\/www.europesays.com\/fr\/wp-json\/wp\/v2\/types\/post"}],"author":[{"embeddable":true,"href":"https:\/\/www.europesays.com\/fr\/wp-json\/wp\/v2\/users\/2"}],"replies":[{"embeddable":true,"href":"https:\/\/www.europesays.com\/fr\/wp-json\/wp\/v2\/comments?post=650580"}],"version-history":[{"count":0,"href":"https:\/\/www.europesays.com\/fr\/wp-json\/wp\/v2\/posts\/650580\/revisions"}],"wp:featuredmedia":[{"embeddable":true,"href":"https:\/\/www.europesays.com\/fr\/wp-json\/wp\/v2\/media\/650581"}],"wp:attachment":[{"href":"https:\/\/www.europesays.com\/fr\/wp-json\/wp\/v2\/media?parent=650580"}],"wp:term":[{"taxonomy":"category","embeddable":true,"href":"https:\/\/www.europesays.com\/fr\/wp-json\/wp\/v2\/categories?post=650580"},{"taxonomy":"post_tag","embeddable":true,"href":"https:\/\/www.europesays.com\/fr\/wp-json\/wp\/v2\/tags?post=650580"}],"curies":[{"name":"wp","href":"https:\/\/api.w.org\/{rel}","templated":true}]}}