{"id":650582,"date":"2026-01-09T00:43:25","date_gmt":"2026-01-09T00:43:25","guid":{"rendered":"https:\/\/www.europesays.com\/fr\/650582\/"},"modified":"2026-01-09T00:43:25","modified_gmt":"2026-01-09T00:43:25","slug":"ponts-fermes-transports-de-nouvelles-mesures-en-seine-maritime-pour-la-tempete-goretti","status":"publish","type":"post","link":"https:\/\/www.europesays.com\/fr\/650582\/","title":{"rendered":"Ponts ferm\u00e9s, transports&#8230; De nouvelles mesures en Seine-Maritime pour la temp\u00eate Goretti"},"content":{"rendered":"<p>                    Par<br \/>\n        <strong><br \/>\n            <a href=\"https:\/\/actu.fr\/auteur\/julien-bouteiller\" title=\"Consulter tous les articles de Julien Bouteiller\" target=\"_blank\" rel=\"noopener\">Julien Bouteiller<\/a><br \/>\n                    <\/strong><\/p>\n<p>        Publi\u00e9 le<\/p>\n<p>            8 janv. 2026 \u00e0 11h42        <\/p>\n<p><strong>La Seine-Maritime<\/strong> se pr\u00e9pare au passage de <a href=\"https:\/\/actu.fr\/meteo\/tempete-goretti-et-neige-jeudi-en-france-vigilance-rouge-degats-circulation-suivez-notre-direct_63667087.html\" target=\"_blank\" rel=\"noopener\">la temp\u00eate Goretti<\/a> dans la nuit du 8 au 9 janvier 2026. Outre celles d\u00e9j\u00e0 prises, la pr\u00e9fecture vient d\u2019annoncer de nouvelles mesures face \u00e0 cette <a href=\"https:\/\/actu.fr\/meteo\/tempete-goretti-la-seine-maritime-en-vigilance-orange-suivez-la-situation-en-direct_63668124.html\" target=\"_blank\" rel=\"noopener\">\u00ab\u00a0bombe m\u00e9t\u00e9o\u00a0\u00bb<\/a>.<\/p>\n<p class=\" wall-content\"><strong>\u2192 Suivez la situation de la temp\u00eate Goretti <a href=\"https:\/\/actu.fr\/meteo\/tempete-goretti-la-seine-maritime-en-vigilance-orange-suivez-la-situation-en-direct_63668124.html\" target=\"_blank\" rel=\"noopener\">en direct sur\u00a076actu<\/a><\/strong><\/p>\n<p>Des vents extr\u00eames, des ponts ferm\u00e9s<\/p>\n<p class=\" wall-content\">Dans un communiqu\u00e9, la pr\u00e9fecture \u00e9voque une temp\u00eate avec<strong> \u00ab\u00a0des violences de vents extr\u00eames\u00a0\u00bb<\/strong> qui conduiront peut-\u00eatre au placement du d\u00e9partement en vigilance rouge. Des vents <strong>jusqu\u2019\u00e0 110km\/h dans les terres et jusqu\u2019\u00e0 130km\/h sur les c\u00f4tes<\/strong> sont attendus.<\/p>\n<p class=\" wall-content\">En cons\u00e9quence, la pr\u00e9fecture a d\u00e9cid\u00e9 de prendre de nouvelles mesures :\u00a0<\/p>\n<ul class=\" wall-content\">\n<li>Les \u00e9l\u00e8ves internes du d\u00e9partement seront<strong> renvoy\u00e9s chez eux d\u00e8s cet apr\u00e8s-midi.<\/strong><\/li>\n<li><strong>Les transports scolaires seront suspendus<\/strong> toute la journ\u00e9e vendredi, apr\u00e8s d\u00e9j\u00e0 trois jours de suspension <a href=\"https:\/\/actu.fr\/meteo\/neige-et-verglas-a-rouen-et-au-havre-transports-circulation-qu-en-est-il-ce-mercredi_63661497.html\" target=\"_blank\" rel=\"noopener\">\u00e0 cause de la neige cette semaine<\/a>.<\/li>\n<li>D\u00e8s 22h, <strong>les ponts de Brotonne, Tancarville et de Normandie seront ferm\u00e9s \u00e0 la circulation<\/strong>. \u00ab\u00a0Leur r\u00e9ouverture sera \u00e9tudi\u00e9e demain matin, selon les conditions m\u00e9t\u00e9orologiques.\u00a0\u00bb<\/li>\n<\/ul>\n<p class=\" wall-content\">La pr\u00e9fecture va activer son centre op\u00e9rationnel d\u00e9partemental pour se tenir pr\u00eat \u00e0 toute \u00e9ventualit\u00e9.\u00a0<\/p>\n<p>Vid\u00e9os : en ce moment sur ActuSuivez l\u2019actualit\u00e9 de Rouen <a href=\"https:\/\/www.whatsapp.com\/channel\/0029VaKfnf99hXF2ddApFB1D\" target=\"_blank\" rel=\"noopener\">sur notre cha\u00eene WhatsApp<\/a> et <a href=\"https:\/\/www.tiktok.com\/@76actu.fr?lang=fr\" target=\"_blank\" rel=\"noopener\">sur notre compte TikTok<\/a>Suivez l\u2019actualit\u00e9 du Havre <a href=\"https:\/\/www.whatsapp.com\/channel\/0029VaFqJYE8aKvLBwVrEe0o\" target=\"_blank\" rel=\"noopener\">sur notre cha\u00eene WhatsApp<\/a> et <a href=\"https:\/\/www.tiktok.com\/@76actu.fr?lang=fr\" target=\"_blank\" rel=\"noopener\">sur notre compte TikTok<\/a><\/p>\n<p class=\" wall-content\">Personnalisez votre actualit\u00e9 en ajoutant vos villes et m\u00e9dias en favori avec <a href=\"https:\/\/moncompte.actu.fr\" title=\"D\u00e9couvez Mon Actu\" rel=\"nofollow noopener\" data-trk=\"{&quot;cta&quot;:{&quot;action&quot;:&quot;https:\\\/\\\/moncompte.actu.fr&quot;,&quot;category&quot;:&quot;mon compte&quot;,&quot;from&quot;:&quot;article footer&quot;,&quot;name&quot;:&quot;Mon actu&quot;,&quot;type&quot;:&quot;cta&quot;}}\" target=\"_blank\">Mon Actu<\/a>.<\/p>\n<p>                    <script async src=\"\/\/www.tiktok.com\/embed.js\"><\/script><\/p>\n","protected":false},"excerpt":{"rendered":"Par Julien Bouteiller Publi\u00e9 le 8 janv. 2026 \u00e0 11h42 La Seine-Maritime se pr\u00e9pare au passage de la&hellip;\n","protected":false},"author":2,"featured_media":650583,"comment_status":"","ping_status":"","sticky":false,"template":"","format":"standard","meta":{"footnotes":""},"categories":[9587],"tags":[1111,11,1777,674,1011,27,803,2487,2357,12,5161,25,9590,75296],"class_list":{"0":"post-650582","1":"post","2":"type-post","3":"status-publish","4":"format-standard","5":"has-post-thumbnail","7":"category-rouen","8":"tag-actu","9":"tag-actualites","10":"tag-eu","11":"tag-europe","12":"tag-fr","13":"tag-france","14":"tag-info-trafic","15":"tag-meteo","16":"tag-meteo-france","17":"tag-news","18":"tag-normandie","19":"tag-republique-francaise","20":"tag-rouen","21":"tag-tempete-goretti"},"share_on_mastodon":{"url":"https:\/\/pubeurope.com\/@fr\/115862372502744053","error":""},"_links":{"self":[{"href":"https:\/\/www.europesays.com\/fr\/wp-json\/wp\/v2\/posts\/650582","targetHints":{"allow":["GET"]}}],"collection":[{"href":"https:\/\/www.europesays.com\/fr\/wp-json\/wp\/v2\/posts"}],"about":[{"href":"https:\/\/www.europesays.com\/fr\/wp-json\/wp\/v2\/types\/post"}],"author":[{"embeddable":true,"href":"https:\/\/www.europesays.com\/fr\/wp-json\/wp\/v2\/users\/2"}],"replies":[{"embeddable":true,"href":"https:\/\/www.europesays.com\/fr\/wp-json\/wp\/v2\/comments?post=650582"}],"version-history":[{"count":0,"href":"https:\/\/www.europesays.com\/fr\/wp-json\/wp\/v2\/posts\/650582\/revisions"}],"wp:featuredmedia":[{"embeddable":true,"href":"https:\/\/www.europesays.com\/fr\/wp-json\/wp\/v2\/media\/650583"}],"wp:attachment":[{"href":"https:\/\/www.europesays.com\/fr\/wp-json\/wp\/v2\/media?parent=650582"}],"wp:term":[{"taxonomy":"category","embeddable":true,"href":"https:\/\/www.europesays.com\/fr\/wp-json\/wp\/v2\/categories?post=650582"},{"taxonomy":"post_tag","embeddable":true,"href":"https:\/\/www.europesays.com\/fr\/wp-json\/wp\/v2\/tags?post=650582"}],"curies":[{"name":"wp","href":"https:\/\/api.w.org\/{rel}","templated":true}]}}