{"id":650584,"date":"2026-01-09T00:45:10","date_gmt":"2026-01-09T00:45:10","guid":{"rendered":"https:\/\/www.europesays.com\/fr\/650584\/"},"modified":"2026-01-09T00:45:10","modified_gmt":"2026-01-09T00:45:10","slug":"pro-d2-provence-simpose-avec-la-maniere-contre-grenoble","status":"publish","type":"post","link":"https:\/\/www.europesays.com\/fr\/650584\/","title":{"rendered":"Pro D2 : Provence s&rsquo;impose avec la mani\u00e8re contre Grenoble"},"content":{"rendered":"<p>Philippe Saint-Andr\u00e9 se m\u00e9fiait de cette reprise. <a href=\"https:\/\/www.laprovence.com\/article\/sports\/1604051719020315\/rugby-pro-d2-ou-est-passe-laixois-george-north\" target=\"_blank\" rel=\"noopener\">Qui plus est face \u00e0 Grenoble, le meilleur ennemi des Proven\u00e7aux<\/a> ces derniers temps, surtout en phases finales. Mais <a href=\"https:\/\/www.laprovence.com\/article\/sports\/2641082481100615\/philippe-saint-andre-le-manager-de-provence-rugby-veut-une-reprise-musclee\" target=\"_blank\" rel=\"noopener\">l&rsquo;ancien s\u00e9lectionneur<\/a> a parfaitement r\u00e9ussi son coup avec cette victoire bonifi\u00e9e (45-15) apr\u00e8s une rencontre largement ma\u00eetris\u00e9e o\u00f9 les partenaires d&rsquo;Arthur Coville ont su faire la diff\u00e9rence sur les fondamentaux : une d\u00e9fense de fer, une m\u00eal\u00e9e dominatrice, 8 ballons vol\u00e9s en touches et surtout une efficacit\u00e9 offensive remarquable dans la zone de marque. Avec 7 essais inscrits, Provence confirme son statut de meilleure \u00e9quipe de Pro D2 \u00e0 domicile avec une moyenne de 5,25 essais par rencontre.<\/p>\n<p>Cette soir\u00e9e folle a permis aussi \u00e0 Adrien Lap\u00e8gue de rentrer dans l&rsquo;histoire du club en devenant le co-meilleur marqueur avec 45 essais inscrits (en 88 matches), tout comme la l\u00e9gende Eddy Labarthe (mais en 218 rencontres).<\/p>\n<p>Ce jeudi soir, Provence avait du feu dans les jambes. Et la ligne des trois-quarts a rapidement cass\u00e9 les lignes. Et avec un peu plus de pragmatisme, Aix aurait pu largement se mettre \u00e0 l&rsquo;abri en premi\u00e8re p\u00e9riode.<\/p>\n<p>La chistera masqu\u00e9e de Coville<\/p>\n<p>Si Drouet lib\u00e9rait d&rsquo;entr\u00e9e les 8 500 spectateurs &#8211; 28e guichets fer&#8230;<\/p>\n","protected":false},"excerpt":{"rendered":"Philippe Saint-Andr\u00e9 se m\u00e9fiait de cette reprise. Qui plus est face \u00e0 Grenoble, le meilleur ennemi des Proven\u00e7aux&hellip;\n","protected":false},"author":2,"featured_media":650585,"comment_status":"","ping_status":"","sticky":false,"template":"","format":"standard","meta":{"footnotes":""},"categories":[9566],"tags":[5734,1111,11,2430,3396,1444,1777,674,1011,27,2731,62683,12,3788,1186,25,479,29263,60],"class_list":{"0":"post-650584","1":"post","2":"type-post","3":"status-publish","4":"format-standard","5":"has-post-thumbnail","7":"category-grenoble","8":"tag-5734","9":"tag-actu","10":"tag-actualites","11":"tag-auvergne-rhone-alpes","12":"tag-avec","13":"tag-contre","14":"tag-eu","15":"tag-europe","16":"tag-fr","17":"tag-france","18":"tag-grenoble","19":"tag-maniere","20":"tag-news","21":"tag-pro","22":"tag-provence","23":"tag-republique-francaise","24":"tag-rugby","25":"tag-simpose","26":"tag-sports"},"share_on_mastodon":{"url":"https:\/\/pubeurope.com\/@fr\/115862380379007252","error":""},"_links":{"self":[{"href":"https:\/\/www.europesays.com\/fr\/wp-json\/wp\/v2\/posts\/650584","targetHints":{"allow":["GET"]}}],"collection":[{"href":"https:\/\/www.europesays.com\/fr\/wp-json\/wp\/v2\/posts"}],"about":[{"href":"https:\/\/www.europesays.com\/fr\/wp-json\/wp\/v2\/types\/post"}],"author":[{"embeddable":true,"href":"https:\/\/www.europesays.com\/fr\/wp-json\/wp\/v2\/users\/2"}],"replies":[{"embeddable":true,"href":"https:\/\/www.europesays.com\/fr\/wp-json\/wp\/v2\/comments?post=650584"}],"version-history":[{"count":0,"href":"https:\/\/www.europesays.com\/fr\/wp-json\/wp\/v2\/posts\/650584\/revisions"}],"wp:featuredmedia":[{"embeddable":true,"href":"https:\/\/www.europesays.com\/fr\/wp-json\/wp\/v2\/media\/650585"}],"wp:attachment":[{"href":"https:\/\/www.europesays.com\/fr\/wp-json\/wp\/v2\/media?parent=650584"}],"wp:term":[{"taxonomy":"category","embeddable":true,"href":"https:\/\/www.europesays.com\/fr\/wp-json\/wp\/v2\/categories?post=650584"},{"taxonomy":"post_tag","embeddable":true,"href":"https:\/\/www.europesays.com\/fr\/wp-json\/wp\/v2\/tags?post=650584"}],"curies":[{"name":"wp","href":"https:\/\/api.w.org\/{rel}","templated":true}]}}