{"id":650592,"date":"2026-01-09T00:50:13","date_gmt":"2026-01-09T00:50:13","guid":{"rendered":"https:\/\/www.europesays.com\/fr\/650592\/"},"modified":"2026-01-09T00:50:13","modified_gmt":"2026-01-09T00:50:13","slug":"journee-portes-ouvertes-a-lifsi-ifas-sainte-marie-decouvrir-les","status":"publish","type":"post","link":"https:\/\/www.europesays.com\/fr\/650592\/","title":{"rendered":"Journ\u00e9e portes ouvertes \u00e0 l\u2019IFSI\/IFAS Sainte-Marie : d\u00e9couvrir les (\u2026)"},"content":{"rendered":"<p>                    <img loading=\"lazy\" decoding=\"async\" src=\"https:\/\/www.europesays.com\/fr\/wp-content\/uploads\/2026\/01\/6d703266f66a420e571cd51050b7d8.jpg\" class=\"img-responsive post-image\" width=\"680\" height=\"510\" alt=\"Journ\u00e9e portes ouvertes \u00e0\" title=\"Journ\u00e9e portes ouvertes \u00e0 l'IFSI\/IFAS Sainte-Marie : d\u00e9couvrir les formations et les m\u00e9tiers du soin\"\/><\/p>\n<p class=\"chapo\">L\u2019Institut de Formation en Soins Infirmiers et Aides-Soignants (IFSI\/IFAS) Sainte-Marie organise une journ\u00e9e portes ouvertes le samedi 24 janvier 2026, de 9h \u00e0 13h, sur son site actuel situ\u00e9 \u00e0 La Gaude (9337 route de Saint-Laurent).<\/p>\n<p>Cette matin\u00e9e s\u2019adresse aux futurs bacheliers, \u00e0 leurs parents, ainsi qu\u2019aux personnes en reconversion professionnelle souhaitant s\u2019orienter vers les m\u00e9tiers du soin. Elle vise \u00e0 pr\u00e9senter les formations d\u2019infirmier et d\u2019aide-soignant, ainsi que les perspectives professionnelles associ\u00e9es.<br class=\"texte\"\/><br \/>\nAu programme, <strong>une r\u00e9union d\u2019information \u00e0 10h<\/strong> permettra d\u2019aborder les modalit\u00e9s d\u2019admission, notamment via Parcoursup. Les visiteurs pourront \u00e9galement \u00e9changer avec les formateurs et les \u00e9tudiants de l\u2019institut, et participer \u00e0 des ateliers pratiques con\u00e7us pour offrir une immersion concr\u00e8te dans la r\u00e9alit\u00e9 des formations et des pratiques professionnelles.<\/p>\n<p>Conditions d\u2019apprentissage modernis\u00e9es<\/p>\n<p>Cette journ\u00e9e portes ouvertes sera aussi l\u2019occasion de pr\u00e9senter une \u00e9volution majeure pour l\u2019\u00e9tablissement. <strong>\u00c0 partir de septembre 2026, l\u2019IFSI\/IFAS Sainte-Marie int\u00e9grera les nouveaux locaux du Centre Hospitalier Sainte-Marie Nice, situ\u00e9s au 87 avenue Joseph Raybaud \u00e0 Nice<\/strong>. Ce futur site proposera des conditions d\u2019apprentissage modernis\u00e9es, avec des espaces p\u00e9dagogiques neufs, des \u00e9quipements multim\u00e9dias, une salle de simulation en sant\u00e9, des amphith\u00e9\u00e2tres, des salles de travaux pratiques et dirig\u00e9s, ainsi qu\u2019une cour paysag\u00e9e de 600 m\u00b2.<\/p>\n<p>Comment participer \u00e0 cette JPO\u00a0?<\/p>\n<p>Journ\u00e9e portes ouvertes <strong>en entr\u00e9e libre<\/strong><br class=\"autobr\"\/><br \/>\nAdresse\u00a0: 9337 route de Saint-Laurent, Quartier du Plan du Bois, 06610 La Gaude<br class=\"autobr\"\/><br \/>\nT\u00e9l\u00e9phone\u00a0: 04 93 13 70 80<br class=\"autobr\"\/><br \/>\nContact\u00a0: <a href=\"https:\/\/www.petitesaffiches.fr\/cdn-cgi\/l\/email-protection\" class=\"__cf_email__\" data-cfemail=\"f39a95809a80929a9d87969e92819a96b3929b809edd9581\" target=\"_blank\" rel=\"noopener\">[email\u00a0protected]<\/a><\/p>\n","protected":false},"excerpt":{"rendered":"L\u2019Institut de Formation en Soins Infirmiers et Aides-Soignants (IFSI\/IFAS) Sainte-Marie organise une journ\u00e9e portes ouvertes le samedi 24&hellip;\n","protected":false},"author":2,"featured_media":650593,"comment_status":"","ping_status":"","sticky":false,"template":"","format":"standard","meta":{"footnotes":""},"categories":[2819],"tags":[1111,11,2408,1777,674,1011,27,12,2401,882,25],"class_list":{"0":"post-650592","1":"post","2":"type-post","3":"status-publish","4":"format-standard","5":"has-post-thumbnail","7":"category-nice","8":"tag-actu","9":"tag-actualites","10":"tag-appels-d","11":"tag-eu","12":"tag-europe","13":"tag-fr","14":"tag-france","15":"tag-news","16":"tag-nice","17":"tag-provence-alpes-cote-dazur","18":"tag-republique-francaise"},"share_on_mastodon":{"url":"https:\/\/pubeurope.com\/@fr\/115862400208834727","error":""},"_links":{"self":[{"href":"https:\/\/www.europesays.com\/fr\/wp-json\/wp\/v2\/posts\/650592","targetHints":{"allow":["GET"]}}],"collection":[{"href":"https:\/\/www.europesays.com\/fr\/wp-json\/wp\/v2\/posts"}],"about":[{"href":"https:\/\/www.europesays.com\/fr\/wp-json\/wp\/v2\/types\/post"}],"author":[{"embeddable":true,"href":"https:\/\/www.europesays.com\/fr\/wp-json\/wp\/v2\/users\/2"}],"replies":[{"embeddable":true,"href":"https:\/\/www.europesays.com\/fr\/wp-json\/wp\/v2\/comments?post=650592"}],"version-history":[{"count":0,"href":"https:\/\/www.europesays.com\/fr\/wp-json\/wp\/v2\/posts\/650592\/revisions"}],"wp:featuredmedia":[{"embeddable":true,"href":"https:\/\/www.europesays.com\/fr\/wp-json\/wp\/v2\/media\/650593"}],"wp:attachment":[{"href":"https:\/\/www.europesays.com\/fr\/wp-json\/wp\/v2\/media?parent=650592"}],"wp:term":[{"taxonomy":"category","embeddable":true,"href":"https:\/\/www.europesays.com\/fr\/wp-json\/wp\/v2\/categories?post=650592"},{"taxonomy":"post_tag","embeddable":true,"href":"https:\/\/www.europesays.com\/fr\/wp-json\/wp\/v2\/tags?post=650592"}],"curies":[{"name":"wp","href":"https:\/\/api.w.org\/{rel}","templated":true}]}}