{"id":650594,"date":"2026-01-09T00:51:10","date_gmt":"2026-01-09T00:51:10","guid":{"rendered":"https:\/\/www.europesays.com\/fr\/650594\/"},"modified":"2026-01-09T00:51:10","modified_gmt":"2026-01-09T00:51:10","slug":"jonathan-clauss-prolonge-a-nice-france-ogc-nice","status":"publish","type":"post","link":"https:\/\/www.europesays.com\/fr\/650594\/","title":{"rendered":"Jonathan Clauss prolonge \u00e0 Nice &#8211; France &#8211; OGC Nice"},"content":{"rendered":"<p>Tout va tr\u00e8s vite dans le football.<\/p>\n<p><strong>Jonathan Clauss, dont le contrat devait s\u2019arr\u00eater cet \u00e9t\u00e9, a pris tout le monde de court ce jeudi en prolongeant officiellement avec l\u2019OGC Nice jusqu\u2019en 2028<\/strong> selon <a target=\"_blank\" href=\"https:\/\/www.ogcnice.com\/fr\/article\/129723\/jonathan-clauss-prolonge-jusquen-2028.html\" rel=\"noopener\">un communiqu\u00e9<\/a> publi\u00e9 par le club. Un choix \u00e9tonnant quand on conna\u00eet la situation du Gym, loin d\u2019\u00eatre reluisante avec <a target=\"_blank\" href=\"https:\/\/www.sofoot.com\/breves\/apres-sa-defaite-contre-braga-nice-entre-dans-lhistoire-du-football-francais\" rel=\"noopener\">une derni\u00e8re place en Ligue Europa<\/a>, <a target=\"_blank\" href=\"https:\/\/www.sofoot.com\/articles\/crise-sportive-et-violence-des-supporters-une-descente-aux-enfers-de-logc-nice\" rel=\"noopener\">des agressions physiques des supporters,<\/a> une inqui\u00e9tante 14\u1d49 place en Ligue 1 et un changement d\u2019entra\u00eeneur. Mais ce qui surprend le plus, c\u2019est qu\u2019\u00e0 plusieurs reprises ces derni\u00e8res semaines, le lat\u00e9ral semblait plus proche de quitter le navire des Aiglons que d\u2019allonger son bail.<\/p>\n<p>D\u00e9part avort\u00e9 et blessure myst\u00e9rieuse<\/p>\n<p>L\u2019\u00e9t\u00e9 de l\u2019international fran\u00e7ais a \u00e9t\u00e9 marqu\u00e9 par <strong>son d\u00e9part avort\u00e9 pour Leverkusen<\/strong>, o\u00f9 il aurait pu doubler son salaire. Puis, Clauss a assur\u00e9 s\u2019\u00eatre bless\u00e9 \u00e0 un genou \u00e0 la mi-temps d\u2019un d\u00e9placement \u00e0 Rennes alors que les examens ne r\u00e9v\u00e9laient <strong>aucune l\u00e9sion. Une situation qui a laiss\u00e9 planer des doutes sur <a target=\"_blank\" href=\"https:\/\/www.sofoot.com\/breves\/le-cas-jonathan-clauss-crise-franck-haise-et-nice\" rel=\"noopener\">sa volont\u00e9 d\u2019\u00e9viter l\u2019activation automatique d\u2019une ann\u00e9e suppl\u00e9mentaire de contrat<\/a><\/strong>.<\/p>\n<p>Finalement, alors que Claude Puel est d\u00e9sormais \u00e0 la t\u00eate de la formation azur\u00e9enne, l\u2019ancien Lensois de 33 ans a d\u00e9clar\u00e9 dans le communiqu\u00e9 de sa prolongation qu\u2019il \u00ab\u202fse projette pleinement avec le groupe pour poursuivre le travail engag\u00e9 et redresser la barre. <strong>Je tiens \u00e0 d\u00e9montrer ma volont\u00e9 et ma d\u00e9termination. Le Gym m\u00e9rite mieux, l\u2019\u00e9quipe m\u00e9rite mieux, et j\u2019y crois pleinement.<\/strong>\u202f\u00bb<\/p>\n<p>Finalement, la soupe doit \u00eatre bonne.<\/p>\n<p>\t\t\t\t\t\t\t\t\t\t<a class=\"lien-connexe\" href=\"https:\/\/www.sofoot.com\/breves\/ligue-1-transforme-par-claude-puel-nice-tient-tete-a-strasbourg-grace-au-retour-fracassant-delye-wahi\" target=\"_blank\" rel=\"noopener\">Revigor\u00e9, Nice tient t\u00eate \u00e0 Strasbourg<\/a>\t\t\t\t\t<\/p>\n","protected":false},"excerpt":{"rendered":"Tout va tr\u00e8s vite dans le football. Jonathan Clauss, dont le contrat devait s\u2019arr\u00eater cet \u00e9t\u00e9, a pris&hellip;\n","protected":false},"author":2,"featured_media":650595,"comment_status":"","ping_status":"","sticky":false,"template":"","format":"standard","meta":{"footnotes":""},"categories":[2819],"tags":[1111,47,11,61,69,65,64,1777,674,63,1011,27,68,66,12,62,2401,70,882,25,67],"class_list":{"0":"post-650594","1":"post","2":"type-post","3":"status-publish","4":"format-standard","5":"has-post-thumbnail","7":"category-nice","8":"tag-actu","9":"tag-actualite","10":"tag-actualites","11":"tag-actus-football","12":"tag-bundesliga","13":"tag-championnats-europeens","14":"tag-equipe-de-france","15":"tag-eu","16":"tag-europe","17":"tag-football","18":"tag-fr","19":"tag-france","20":"tag-ligua","21":"tag-ligue-1","22":"tag-news","23":"tag-news-foot","24":"tag-nice","25":"tag-premier-league","26":"tag-provence-alpes-cote-dazur","27":"tag-republique-francaise","28":"tag-serie-a"},"share_on_mastodon":{"url":"https:\/\/pubeurope.com\/@fr\/115862403960344227","error":""},"_links":{"self":[{"href":"https:\/\/www.europesays.com\/fr\/wp-json\/wp\/v2\/posts\/650594","targetHints":{"allow":["GET"]}}],"collection":[{"href":"https:\/\/www.europesays.com\/fr\/wp-json\/wp\/v2\/posts"}],"about":[{"href":"https:\/\/www.europesays.com\/fr\/wp-json\/wp\/v2\/types\/post"}],"author":[{"embeddable":true,"href":"https:\/\/www.europesays.com\/fr\/wp-json\/wp\/v2\/users\/2"}],"replies":[{"embeddable":true,"href":"https:\/\/www.europesays.com\/fr\/wp-json\/wp\/v2\/comments?post=650594"}],"version-history":[{"count":0,"href":"https:\/\/www.europesays.com\/fr\/wp-json\/wp\/v2\/posts\/650594\/revisions"}],"wp:featuredmedia":[{"embeddable":true,"href":"https:\/\/www.europesays.com\/fr\/wp-json\/wp\/v2\/media\/650595"}],"wp:attachment":[{"href":"https:\/\/www.europesays.com\/fr\/wp-json\/wp\/v2\/media?parent=650594"}],"wp:term":[{"taxonomy":"category","embeddable":true,"href":"https:\/\/www.europesays.com\/fr\/wp-json\/wp\/v2\/categories?post=650594"},{"taxonomy":"post_tag","embeddable":true,"href":"https:\/\/www.europesays.com\/fr\/wp-json\/wp\/v2\/tags?post=650594"}],"curies":[{"name":"wp","href":"https:\/\/api.w.org\/{rel}","templated":true}]}}