{"id":650610,"date":"2026-01-09T01:01:10","date_gmt":"2026-01-09T01:01:10","guid":{"rendered":"https:\/\/www.europesays.com\/fr\/650610\/"},"modified":"2026-01-09T01:01:10","modified_gmt":"2026-01-09T01:01:10","slug":"des-perturbations-prevues-sur-les-traversees-entre-la-corse-et-marseille","status":"publish","type":"post","link":"https:\/\/www.europesays.com\/fr\/650610\/","title":{"rendered":"des perturbations pr\u00e9vues sur les travers\u00e9es entre la Corse et Marseille"},"content":{"rendered":"<p>Alors qu&rsquo;une \u00ab\u00a0bombe m\u00e9t\u00e9orologique\u00a0\u00bb est attendue ces prochaines heures dans l&rsquo;Hexagone, les autorit\u00e9s ont pris plusieurs mesures pour prot\u00e9ger les usagers. Avec ses rafales de vent qui s&rsquo;annoncent \u00ab\u00a0exceptionnelles\u00a0\u00bb, selon l&rsquo;agence britannique de m\u00e9t\u00e9orologie (Met office), la temp\u00eate Goretti, accompagn\u00e9e de chutes de neige, va balayer le Royaume-Uni \u00e0 partir de la fin de journ\u00e9e jeudi, et s&rsquo;abattra au m\u00eame moment sur les c\u00f4tes fran\u00e7aises.<\/p>\n<p>Sur le littoral sudiste, la probable arriv\u00e9e de la temp\u00eate Goretti a pour effet la prise de plusieurs mesures. En raison de conditions m\u00e9t\u00e9orologiques extr\u00eamement d\u00e9grad\u00e9es en M\u00e9diterran\u00e9e, La M\u00e9ridionale est contrainte d&rsquo;annuler les travers\u00e9es Marseille-Ajaccio du 9 janvier et Ajaccio-Marseille du 10 janvier \u00e0 bord du PIANA. \u00ab\u00a0La s\u00e9curit\u00e9 de nos passagers, de nos \u00e9quipages et de nos navires reste notre priorit\u00e9 absolue. Nos \u00e9quipes contactent actuellement l&rsquo;ensemble des passagers concern\u00e9s pour leur proposer des solutions alternatives personnalis\u00e9es, notamment un report sur le Girolata entre Marseille et Porto-Vecchio du 9 janvier et entre Porto-Vecchio et Marseille le 10 janvier (travers\u00e9es maintenues). Nous remercions nos clients pour leur compr\u00e9hension face \u00e0 cette situation exceptionnelle et restons mobilis\u00e9s pour les accompagner au mieux\u00a0\u00bb, souligne-t-on du c\u00f4t\u00e9 de la compagnie marseillaise. M\u00eame pr\u00e9rogative pour la compagnie Corsica Linea qui voit ses d\u00e9placements perturb\u00e9s.\u00a0Le 8 janvier, la travers\u00e9e Marseille-Bastia (navire A GALEOTTA) est annul\u00e9e.<\/p>\n<p>La Corse plac\u00e9e en vigilance jaune \u00ab\u00a0vent\u00a0\u00bb<\/p>\n<p>Le 9 janvier, la travers\u00e9e Bastia en direction de Marseille (navire A GALEOTTA) est annul\u00e9e. Tout comme celle de\u00a0 Marseille-Propriano (navire PAGLIA ORBA). Concernant la travers\u00e9e Ajaccio-Marseille \u00e0 bord du N\u00e9pita, elle sera assur\u00e9e par A Galeotta et verra son d\u00e9part avanc\u00e9. Attention, l&rsquo;arriv\u00e9e est pr\u00e9vue \u00e0 21h. Samedi 10 janvier, pour l&rsquo;heure, seule la travers\u00e9e Propriano-Marseille est annul\u00e9e.\u00a0<\/p>\n<p>Pour rappel, la Corse est plac\u00e9e en vigilance jaune \u00ab\u00a0vent\u00a0\u00bb par les services de M\u00e9t\u00e9o-France, ce jeudi 8 janvier. Des rafales atteignant 100 km\/h sont attendues dans les deux d\u00e9partements insulaires.\u00a0 L&rsquo;alerte devrait se maintenir jusqu&rsquo;\u00e0 ce vendredi minuit au plus t\u00f4t dans les deux d\u00e9partements.\u00a0<\/p>\n","protected":false},"excerpt":{"rendered":"Alors qu&rsquo;une \u00ab\u00a0bombe m\u00e9t\u00e9orologique\u00a0\u00bb est attendue ces prochaines heures dans l&rsquo;Hexagone, les autorit\u00e9s ont pris plusieurs mesures pour&hellip;\n","protected":false},"author":2,"featured_media":650611,"comment_status":"","ping_status":"","sticky":false,"template":"","format":"standard","meta":{"footnotes":""},"categories":[2814],"tags":[5734,1111,11,1102,154,33,1777,674,1011,27,75507,151,884,12,7854,51426,882,25,3356,7747],"class_list":{"0":"post-650610","1":"post","2":"type-post","3":"status-publish","4":"format-standard","5":"has-post-thumbnail","7":"category-marseille","8":"tag-5734","9":"tag-actu","10":"tag-actualites","11":"tag-breakingnews","12":"tag-des","13":"tag-economie","14":"tag-eu","15":"tag-europe","16":"tag-fr","17":"tag-france","18":"tag-goretti","19":"tag-les","20":"tag-marseille","21":"tag-news","22":"tag-perturbations","23":"tag-prevues","24":"tag-provence-alpes-cote-dazur","25":"tag-republique-francaise","26":"tag-sur","27":"tag-tempete"},"share_on_mastodon":{"url":"https:\/\/pubeurope.com\/@fr\/115862443434578438","error":""},"_links":{"self":[{"href":"https:\/\/www.europesays.com\/fr\/wp-json\/wp\/v2\/posts\/650610","targetHints":{"allow":["GET"]}}],"collection":[{"href":"https:\/\/www.europesays.com\/fr\/wp-json\/wp\/v2\/posts"}],"about":[{"href":"https:\/\/www.europesays.com\/fr\/wp-json\/wp\/v2\/types\/post"}],"author":[{"embeddable":true,"href":"https:\/\/www.europesays.com\/fr\/wp-json\/wp\/v2\/users\/2"}],"replies":[{"embeddable":true,"href":"https:\/\/www.europesays.com\/fr\/wp-json\/wp\/v2\/comments?post=650610"}],"version-history":[{"count":0,"href":"https:\/\/www.europesays.com\/fr\/wp-json\/wp\/v2\/posts\/650610\/revisions"}],"wp:featuredmedia":[{"embeddable":true,"href":"https:\/\/www.europesays.com\/fr\/wp-json\/wp\/v2\/media\/650611"}],"wp:attachment":[{"href":"https:\/\/www.europesays.com\/fr\/wp-json\/wp\/v2\/media?parent=650610"}],"wp:term":[{"taxonomy":"category","embeddable":true,"href":"https:\/\/www.europesays.com\/fr\/wp-json\/wp\/v2\/categories?post=650610"},{"taxonomy":"post_tag","embeddable":true,"href":"https:\/\/www.europesays.com\/fr\/wp-json\/wp\/v2\/tags?post=650610"}],"curies":[{"name":"wp","href":"https:\/\/api.w.org\/{rel}","templated":true}]}}