{"id":650630,"date":"2026-01-09T01:13:11","date_gmt":"2026-01-09T01:13:11","guid":{"rendered":"https:\/\/www.europesays.com\/fr\/650630\/"},"modified":"2026-01-09T01:13:11","modified_gmt":"2026-01-09T01:13:11","slug":"usa-la-nomination-du-prochain-president-de-la-fed-attendue-courant-janvier-bessent-2","status":"publish","type":"post","link":"https:\/\/www.europesays.com\/fr\/650630\/","title":{"rendered":"USA : la nomination du prochain pr\u00e9sident de la Fed attendue courant janvier &#8211; Bessent"},"content":{"rendered":"<p>\n     Par Nick Timiraos <\/p>\n<p>     Le pr\u00e9sident Donald Trump pourrait annoncer son choix pour diriger la R\u00e9serve f\u00e9d\u00e9rale plus tard ce mois-ci, a d\u00e9clar\u00e9 jeudi le secr\u00e9taire au Tr\u00e9sor, Scott Bessent. <\/p>\n<p>     Scott Bessent a indiqu\u00e9 \u00e0 l&rsquo;Economic Club du Minnesota que Donald Trump n&rsquo;avait pas encore re\u00e7u en entretien le dernier des quatre finalistes en lice, Rick Rieder, dirigeant de BlackRock. Les autres candidats sont Kevin Hassett, le directeur du Conseil \u00e9conomique national de la Maison Blanche, le gouverneur de la Fed Christopher Waller et l&rsquo;ancien gouverneur de la Fed Kevin Warsh. <\/p>\n<p>     Scott Bessent a pr\u00e9cis\u00e9 que Donald Trump pourrait annoncer sa d\u00e9cision juste avant ou juste apr\u00e8s sa participation au Forum \u00e9conomique mondial de Davos, en Suisse, qui se d\u00e9roule du 19 au 23 janvier. La date d&rsquo;une \u00e9ventuelle annonce a d\u00e9j\u00e0 \u00e9t\u00e9 repouss\u00e9e \u00e0 plusieurs reprises. <\/p>\n<p>     Le mandat de l&rsquo;actuel pr\u00e9sident de la Fed, Jerome Powell, expire le 15 mai. <\/p>\n<p>     Cet article fait partie de l&rsquo;actualit\u00e9 couverte en direct par le Wall Street Journal. Vous pouvez acc\u00e9der au flux d&rsquo;information complet en recherchant P\/WSJL (WSJ Live Coverage). <\/p>\n<p>     Cet article a \u00e9t\u00e9 traduit automatiquement de l&rsquo;anglais vers le fran\u00e7ais par une technologie d&rsquo;intelligence artificielle. La version anglaise doit \u00eatre consid\u00e9r\u00e9e comme la version officielle de cet article. Veuillez envoyer un courriel \u00e0 service@dowjones.com si vous avez des commentaires sur cette traduction. <\/p>\n<p>     DNCO20260108009116 <\/p>\n<p>     (END) Dow Jones Newswires <\/p>\n<p>     January 08, 2026 16:23 ET (21:23 GMT) <\/p>\n<p>\n  (END) Dow Jones Newswires<\/p>\n<p>  January 08, 2026 17:13 ET (22:13 GMT)<\/p>\n","protected":false},"excerpt":{"rendered":"Par Nick Timiraos Le pr\u00e9sident Donald Trump pourrait annoncer son choix pour diriger la R\u00e9serve f\u00e9d\u00e9rale plus tard&hellip;\n","protected":false},"author":2,"featured_media":650402,"comment_status":"","ping_status":"","sticky":false,"template":"","format":"standard","meta":{"footnotes":""},"categories":[1589],"tags":[11,340,73,1866,12,1864,1865,1863,308],"class_list":{"0":"post-650630","1":"post","2":"type-post","3":"status-publish","4":"format-standard","5":"has-post-thumbnail","7":"category-etats-unis","8":"tag-actualites","9":"tag-bourse","10":"tag-etats-unis","11":"tag-etats-unis-damerique","12":"tag-news","13":"tag-united-states","14":"tag-united-states-of-america","15":"tag-us","16":"tag-usa"},"share_on_mastodon":{"url":"https:\/\/pubeurope.com\/@fr\/115862490605051807","error":""},"_links":{"self":[{"href":"https:\/\/www.europesays.com\/fr\/wp-json\/wp\/v2\/posts\/650630","targetHints":{"allow":["GET"]}}],"collection":[{"href":"https:\/\/www.europesays.com\/fr\/wp-json\/wp\/v2\/posts"}],"about":[{"href":"https:\/\/www.europesays.com\/fr\/wp-json\/wp\/v2\/types\/post"}],"author":[{"embeddable":true,"href":"https:\/\/www.europesays.com\/fr\/wp-json\/wp\/v2\/users\/2"}],"replies":[{"embeddable":true,"href":"https:\/\/www.europesays.com\/fr\/wp-json\/wp\/v2\/comments?post=650630"}],"version-history":[{"count":0,"href":"https:\/\/www.europesays.com\/fr\/wp-json\/wp\/v2\/posts\/650630\/revisions"}],"wp:featuredmedia":[{"embeddable":true,"href":"https:\/\/www.europesays.com\/fr\/wp-json\/wp\/v2\/media\/650402"}],"wp:attachment":[{"href":"https:\/\/www.europesays.com\/fr\/wp-json\/wp\/v2\/media?parent=650630"}],"wp:term":[{"taxonomy":"category","embeddable":true,"href":"https:\/\/www.europesays.com\/fr\/wp-json\/wp\/v2\/categories?post=650630"},{"taxonomy":"post_tag","embeddable":true,"href":"https:\/\/www.europesays.com\/fr\/wp-json\/wp\/v2\/tags?post=650630"}],"curies":[{"name":"wp","href":"https:\/\/api.w.org\/{rel}","templated":true}]}}