{"id":650631,"date":"2026-01-09T01:14:19","date_gmt":"2026-01-09T01:14:19","guid":{"rendered":"https:\/\/www.europesays.com\/fr\/650631\/"},"modified":"2026-01-09T01:14:19","modified_gmt":"2026-01-09T01:14:19","slug":"la-tempete-goretti-est-arrivee-au-royaume-uni","status":"publish","type":"post","link":"https:\/\/www.europesays.com\/fr\/650631\/","title":{"rendered":"La temp\u00eate Goretti est arriv\u00e9e au Royaume-Uni"},"content":{"rendered":"<p>\t\t\t\t\t\t\t\t\t\t\t\t\t\t\t\t\t\t\t\t\t\t<img loading=\"lazy\" decoding=\"async\" src=\"https:\/\/www.europesays.com\/fr\/wp-content\/uploads\/2026\/01\/london-storm-2-1024x683.jpg\" class=\"img-fluid\" alt=\"La temp\u00eate Goretti est arriv\u00e9e au Royaume-Uni \u2013 Voici comment elle affectera vos d\u00e9placements dans et autour de Londres\" width=\"1024\" height=\"683\"\/><\/p>\n<p>    Save<\/p>\n<p>Si les d\u00e9placements \u00e0 destination, en provenance ou autour de Londres semblent un peu plus difficiles que d\u2019habitude au cours des deux prochains jours, c\u2019est probablement \u00e0 la <b>temp\u00eate Goretti<\/b> qu\u2019on le doit. Et tout comme chaque temp\u00eate arrive avec un nouveau nom, <b>la premi\u00e8re temp\u00eate de l\u2019ann\u00e9e 2026<\/b> s\u2019accompagne de son propre ensemble d\u2019<b>alertes m\u00e9t\u00e9orologiques et de restrictions de voyage<\/b> \u2013 dont certaines pourraient concerner les Londoniens. <\/p>\n<p> Temp\u00eate Goretti : mise \u00e0 jour de l\u2019alerte m\u00e9t\u00e9orologique du Met Office <\/p>\n<p>Le Met Office a d\u00e9crit Goretti comme un \u00ab \u00e9v\u00e9nement \u00e0 risques multiples \u00bb, ce qui signifie que de fortes pluies, des vents extr\u00eamement violents et m\u00eame de la neige sont attendus sur l\u2019ensemble du Royaume-Uni. Alors que l\u2019alerte sanitaire orange de l\u2019UKHSA reste en place pour toute l\u2019Angleterre <strong>jusqu\u2019au 11 janvier<\/strong>, Londres n\u2019a pas re\u00e7u d\u2019alerte m\u00e9t\u00e9orologique officielle. En fait, compar\u00e9e \u00e0 d\u2019autres r\u00e9gions du Royaume-Uni, la capitale devrait sortir relativement indemne de la temp\u00eate Goretti en ce qui concerne les conditions m\u00e9t\u00e9orologiques extr\u00eames et les restrictions de voyage. Toutefois, on s \u2018attend \u00e0 ce que ces deux jours soient particuli\u00e8rement humides et venteux (c\u2019est un euph\u00e9misme). <\/p>\n<p><img fetchpriority=\"high\" decoding=\"async\" class=\"alignnone size-full wp-image-358253\" src=\"https:\/\/www.europesays.com\/fr\/wp-content\/uploads\/2026\/01\/london-in-the-rain.jpg\" alt=\"\" width=\"1200\" height=\"800\"  \/><\/p>\n<p> <b>Quels sont les d\u00e9placements concern\u00e9s par la temp\u00eate Goretti ?<\/b> <\/p>\n<p>National <a href=\"https:\/\/secretldn.com\/fr\/great-british-rail-sale-train-travel-2026-fr\/\" rel=\"follow noopener\" target=\"_self\" class=\"shortcode-outbound-link\" data-has-ga=\"true\" data-ga-type=\"click\" data-label=\"https:\/\/secretldn.com\/fr\/great-british-rail-sale-train-travel-2026-fr\/\" data-action=\"text_cta_0\" data-category=\"click_internal\">Rail<\/a> a d\u00e9j\u00e0 signal\u00e9 un certain nombre de perturbations et de retards sur les lignes ferroviaires du pays, notamment celles de <strong>Great Western Railway, South Western Railway et London Northwestern Railway.<\/strong> La London Northwestern Railway a invit\u00e9 les voyageurs \u00e0 ne voyager qu\u2019en cas d\u2019absolue n\u00e9cessit\u00e9, en leur conseillant de v\u00e9rifier avant leur d\u00e9part les services \u00e0 destination et en provenance de Londres, car de nombreux itin\u00e9raires sont exploit\u00e9s selon un horaire r\u00e9duit. Il convient \u00e9galement de noter que les services de remplacement ferroviaire ne sont pas assur\u00e9s actuellement en raison des conditions routi\u00e8res difficiles. <\/p>\n<p><img loading=\"lazy\" decoding=\"async\" class=\"alignnone size-full wp-image-358254\" src=\"https:\/\/www.europesays.com\/fr\/wp-content\/uploads\/2026\/01\/london-grey-skyline.jpg\" alt=\"\" width=\"1200\" height=\"800\"  \/><\/p>\n<p>De plus, les vents violents de Goretti entra\u00eenent des <strong>annulations et des retards de vols dans tout le Royaume-Uni<\/strong>. Si vous voyagez depuis <strong>Gatwick, Heathrow, Luton, <a href=\"https:\/\/secretldn.com\/fr\/nouveaux-itineraires-aeriens-de-stansted-en-2026\/\" rel=\"follow noopener\" target=\"_self\" class=\"shortcode-outbound-link\" data-has-ga=\"true\" data-ga-type=\"click\" data-label=\"https:\/\/secretldn.com\/fr\/nouveaux-itineraires-aeriens-de-stansted-en-2026\/\" data-action=\"text_cta_1\" data-category=\"click_internal\">Stansted<\/a> ou tout autre a\u00e9roport londonien<\/strong>, il est conseill\u00e9 de v\u00e9rifier l\u2019\u00e9tat de votre vol avant de partir. Les conditions changeant rapidement, il est pr\u00e9f\u00e9rable de se tenir au courant des derniers conseils de voyage.<\/p>\n","protected":false},"excerpt":{"rendered":"Save Si les d\u00e9placements \u00e0 destination, en provenance ou autour de Londres semblent un peu plus difficiles que&hellip;\n","protected":false},"author":2,"featured_media":650632,"comment_status":"","ping_status":"","sticky":false,"template":"","format":"standard","meta":{"footnotes":""},"categories":[1588],"tags":[11,1777,674,12,473,1853,1851,1850,1852],"class_list":{"0":"post-650631","1":"post","2":"type-post","3":"status-publish","4":"format-standard","5":"has-post-thumbnail","7":"category-royaume-uni","8":"tag-actualites","9":"tag-eu","10":"tag-europe","11":"tag-news","12":"tag-royaume-uni","13":"tag-royaume-uni-de-grande-bretagne-et-dirlande-du-nord","14":"tag-uk","15":"tag-united-kingdom","16":"tag-united-kingdom-of-great-britain-and-northern-ireland"},"share_on_mastodon":{"url":"https:\/\/pubeurope.com\/@fr\/115862494673522263","error":""},"_links":{"self":[{"href":"https:\/\/www.europesays.com\/fr\/wp-json\/wp\/v2\/posts\/650631","targetHints":{"allow":["GET"]}}],"collection":[{"href":"https:\/\/www.europesays.com\/fr\/wp-json\/wp\/v2\/posts"}],"about":[{"href":"https:\/\/www.europesays.com\/fr\/wp-json\/wp\/v2\/types\/post"}],"author":[{"embeddable":true,"href":"https:\/\/www.europesays.com\/fr\/wp-json\/wp\/v2\/users\/2"}],"replies":[{"embeddable":true,"href":"https:\/\/www.europesays.com\/fr\/wp-json\/wp\/v2\/comments?post=650631"}],"version-history":[{"count":0,"href":"https:\/\/www.europesays.com\/fr\/wp-json\/wp\/v2\/posts\/650631\/revisions"}],"wp:featuredmedia":[{"embeddable":true,"href":"https:\/\/www.europesays.com\/fr\/wp-json\/wp\/v2\/media\/650632"}],"wp:attachment":[{"href":"https:\/\/www.europesays.com\/fr\/wp-json\/wp\/v2\/media?parent=650631"}],"wp:term":[{"taxonomy":"category","embeddable":true,"href":"https:\/\/www.europesays.com\/fr\/wp-json\/wp\/v2\/categories?post=650631"},{"taxonomy":"post_tag","embeddable":true,"href":"https:\/\/www.europesays.com\/fr\/wp-json\/wp\/v2\/tags?post=650631"}],"curies":[{"name":"wp","href":"https:\/\/api.w.org\/{rel}","templated":true}]}}