{"id":650633,"date":"2026-01-09T01:15:12","date_gmt":"2026-01-09T01:15:12","guid":{"rendered":"https:\/\/www.europesays.com\/fr\/650633\/"},"modified":"2026-01-09T01:15:12","modified_gmt":"2026-01-09T01:15:12","slug":"zalando-va-fermer-un-centre-de-distribution-en-allemagne-employant-2-700-personnes","status":"publish","type":"post","link":"https:\/\/www.europesays.com\/fr\/650633\/","title":{"rendered":"Zalando va fermer un centre de distribution en Allemagne employant 2\u00a0700\u00a0personnes"},"content":{"rendered":"<p>                      <img loading=\"lazy\" decoding=\"async\" src=\"https:\/\/www.europesays.com\/fr\/wp-content\/uploads\/2026\/01\/2c165a3_upload-1-w7dcoh83mtoa-000-arp3581107.jpg\" alt=\"Dans le centre de distribution Zalando d\u2019Erfurt (Allemagne), le 12\u00a0d\u00e9cembre 2012.\"   width=\"664\" height=\"443\"\/>    Dans le centre de distribution Zalando d\u2019Erfurt (Allemagne), le 12\u00a0d\u00e9cembre 2012.  MARTIN SCHUTT\/DPA\/AFP                            <\/p>\n<p class=\"article__paragraph  \">Le g\u00e9ant allemand de la mode en ligne Zalando a annonc\u00e9, jeudi 8\u00a0janvier, fermer un centre de distribution dans l\u2019est de l\u2019Allemagne, qui emploie 2\u00a0700 personnes, afin de moderniser son r\u00e9seau logistique europ\u00e9en menac\u00e9 par la rude concurrence des plateformes chinoises.<\/p>\n<p>                                              Lire aussi :  Article r\u00e9serv\u00e9 \u00e0 nos abonn\u00e9s  <a href=\"https:\/\/www.lemonde.fr\/idees\/article\/2023\/04\/07\/les-grandes-chaines-de-vetements-victimes-des-changements-de-comportement-des-clients_6168595_3232.html\" class=\"js-article-read-also catcher--favoris__link\" data-premium=\"1\" id=\"article-title-3313289\" target=\"_blank\" rel=\"noopener\">Les grandes cha\u00eenes de v\u00eatements victimes des changements de comportement des clients<\/a>    <\/p>\n<p>   Lire plus tard  <\/p>\n<p class=\"article__paragraph  \">Le site d\u2019Erfurt, qui repr\u00e9sente un sixi\u00e8me des effectifs de Zalando et constituait un \u00ab\u00a0pilier logistique crucial\u00a0\u00bb selon un communiqu\u00e9, fermera \u00e0 la fin septembre\u00a02026. \u00ab\u00a0Nous allons imm\u00e9diatement entamer des n\u00e9gociations avec le comit\u00e9 d\u2019entreprise d\u2019Erfurt pour \u00e9laborer un accord d\u2019int\u00e9r\u00eat et un plan social\u00a0\u00bb, d\u00e9taille l\u2019entreprise bas\u00e9e \u00e0 Berlin. Trois autres entrep\u00f4ts en Europe, exploit\u00e9s par des prestataires externes, cesseront aussi toute activit\u00e9.<\/p>\n<p class=\"article__paragraph  \">Le syndicat des services, Vereinte Dienstleistungsgewerkschaft (ver.di), a d\u00e9nonc\u00e9 la d\u00e9cision de l\u2019entreprise. \u00ab\u00a0Au lieu d\u2019investir dans le maintien des infrastructures et de discuter [\u2026] des possibilit\u00e9s d\u2019assurer l\u2019avenir du site, Zalando impose le fait accompli\u00a0\u00bb, d\u00e9clare, dans un communiqu\u00e9, son repr\u00e9sentant Matthias Adorf. L\u2019organisation examinera les actions possibles \u00ab\u00a0pour rendre la perte d\u2019emplois aussi acceptable que possible sur le plan social\u00a0\u00bb.<\/p>\n<p class=\"article__paragraph  \">L\u2019ancien ministre-pr\u00e9sident du Land de Thuringe, o\u00f9 se trouve le site, et d\u00e9put\u00e9 de gauche, Bodo Ramelow, appelle le gouvernement f\u00e9d\u00e9ral et du Land \u00ab\u00a0\u00e0 tout mettre en \u0153uvre pour amener l\u2019entreprise \u00e0 revoir sa d\u00e9cision\u00a0\u00bb.<\/p>\n<p>                      Un plan de modernisation pour faire face \u00e0 la concurrence chinoise                      <\/p>\n<p class=\"article__paragraph  \">Fond\u00e9 en\u00a02008, Zalando est un groupe phare en Europe de la vente en ligne de v\u00eatements, employant 16\u00a0000 personnes dont pr\u00e8s de la moiti\u00e9 dans la capitale allemande. Il doit aujourd\u2019hui composer avec la rude concurrence des plateformes chinoises Shein et Temu, qui renouvellent sans cesse leurs produits \u00e0 des prix cass\u00e9s et p\u00e9n\u00e8trent sans mal le march\u00e9 europ\u00e9en. Pour mieux rivaliser, Zalando avait rachet\u00e9 l\u2019an dernier son rival hambourgeois About you pour 1,1\u00a0milliard d\u2019euros.<\/p>\n<p>                                         Lire aussi |  Article r\u00e9serv\u00e9 \u00e0 nos abonn\u00e9s  <a href=\"https:\/\/www.lemonde.fr\/economie\/article\/2025\/05\/10\/bete-noire-de-l-industrie-de-la-mode-la-machine-shein-grippee-par-les-taxes-douanieres_6604816_3234.html\" class=\"js-article-read-also catcher--favoris__link\" data-premium=\"1\" id=\"article-title-3416283\" target=\"_blank\" rel=\"noopener\">Shein, un mastodonte de la vente en ligne ralenti par les taxes douani\u00e8res<\/a>    <\/p>\n<p>   Lire plus tard  <\/p>\n<p class=\"article__paragraph  \">\u00ab\u00a0Nous continuerons d\u2019investir dans des technologies logistiques de pointe, l\u2019automatisation et des pratiques plus durables \u00e0 travers notre r\u00e9seau logistique paneurop\u00e9en\u00a0\u00bb, a d\u00e9clar\u00e9 la soci\u00e9t\u00e9 cot\u00e9e \u00e0 la Bourse de Francfort.<\/p>\n<p class=\"article__paragraph  \">Selon l\u2019entreprise, ce plan lui permettra de poursuivre sa strat\u00e9gie de croissance, avec une hausse annuelle de 5 \u00e0 10\u00a0% des ventes r\u00e9alis\u00e9es sur son site et de son chiffre d\u2019affaires. A terme, le groupe comptera 14 centres de distribution, contre 12 aujourd\u2019hui, r\u00e9partis dans sept pays. Il devrait ouvrir \u00e0 l\u2019\u00e9t\u00e9 un site \u00e0 Giessen, dans l\u2019ouest de l\u2019Allemagne, employant 1\u00a0700 personnes.<\/p>\n<p class=\"article__paragraph  \">En\u00a02023, le groupe avait d\u00e9j\u00e0 supprim\u00e9 plusieurs centaines d\u2019emplois dans des branches ayant connu une croissance trop rapide, \u00e0 l\u2019image d\u2019autres mastodontes du secteur. Si le communiqu\u00e9 de Zalando mentionne aussi la question de l\u2019automatisation des syst\u00e8mes, il n\u2019aborde pas celle de l\u2019intelligence artificielle qui a conduit \u00e0 des suppressions de poste ailleurs, \u00e0 l\u2019instar du <a href=\"https:\/\/www.lemonde.fr\/economie\/article\/2025\/10\/28\/le-geant-americain-amazon-annonce-la-suppression-de-14-000-postes_6649938_3234.html\" target=\"_blank\" rel=\"noopener\">g\u00e9ant am\u00e9ricain du commerce en ligne Amazon<\/a>.<\/p>\n<p>                                         Lire aussi |  Article r\u00e9serv\u00e9 \u00e0 nos abonn\u00e9s  <a href=\"https:\/\/www.lemonde.fr\/economie\/article\/2023\/02\/22\/zalando-supprime-plusieurs-centaines-d-emplois_6162808_3234.html\" class=\"js-article-read-also catcher--favoris__link\" data-premium=\"1\" id=\"article-title-3311581\" target=\"_blank\" rel=\"noopener\">Zalando supprime plusieurs centaines d\u2019emplois<\/a>    <\/p>\n<p>   Lire plus tard  <\/p>\n<p class=\"author__detail\">  Le Monde avec AFP  <\/p>\n","protected":false},"excerpt":{"rendered":"Dans le centre de distribution Zalando d\u2019Erfurt (Allemagne), le 12\u00a0d\u00e9cembre 2012. MARTIN SCHUTT\/DPA\/AFP Le g\u00e9ant allemand de la&hellip;\n","protected":false},"author":2,"featured_media":650634,"comment_status":"","ping_status":"","sticky":false,"template":"","format":"standard","meta":{"footnotes":""},"categories":[1587],"tags":[11,672,1804,1805,1803,1777,674,1801,12,1802],"class_list":{"0":"post-650633","1":"post","2":"type-post","3":"status-publish","4":"format-standard","5":"has-post-thumbnail","7":"category-allemagne","8":"tag-actualites","9":"tag-allemagne","10":"tag-bundesrepublik-deutschland","11":"tag-de","12":"tag-deutschland","13":"tag-eu","14":"tag-europe","15":"tag-germany","16":"tag-news","17":"tag-republique-federale-dallemagne"},"share_on_mastodon":{"url":"https:\/\/pubeurope.com\/@fr\/115862498565373188","error":""},"_links":{"self":[{"href":"https:\/\/www.europesays.com\/fr\/wp-json\/wp\/v2\/posts\/650633","targetHints":{"allow":["GET"]}}],"collection":[{"href":"https:\/\/www.europesays.com\/fr\/wp-json\/wp\/v2\/posts"}],"about":[{"href":"https:\/\/www.europesays.com\/fr\/wp-json\/wp\/v2\/types\/post"}],"author":[{"embeddable":true,"href":"https:\/\/www.europesays.com\/fr\/wp-json\/wp\/v2\/users\/2"}],"replies":[{"embeddable":true,"href":"https:\/\/www.europesays.com\/fr\/wp-json\/wp\/v2\/comments?post=650633"}],"version-history":[{"count":0,"href":"https:\/\/www.europesays.com\/fr\/wp-json\/wp\/v2\/posts\/650633\/revisions"}],"wp:featuredmedia":[{"embeddable":true,"href":"https:\/\/www.europesays.com\/fr\/wp-json\/wp\/v2\/media\/650634"}],"wp:attachment":[{"href":"https:\/\/www.europesays.com\/fr\/wp-json\/wp\/v2\/media?parent=650633"}],"wp:term":[{"taxonomy":"category","embeddable":true,"href":"https:\/\/www.europesays.com\/fr\/wp-json\/wp\/v2\/categories?post=650633"},{"taxonomy":"post_tag","embeddable":true,"href":"https:\/\/www.europesays.com\/fr\/wp-json\/wp\/v2\/tags?post=650633"}],"curies":[{"name":"wp","href":"https:\/\/api.w.org\/{rel}","templated":true}]}}