{"id":650639,"date":"2026-01-09T01:18:14","date_gmt":"2026-01-09T01:18:14","guid":{"rendered":"https:\/\/www.europesays.com\/fr\/650639\/"},"modified":"2026-01-09T01:18:14","modified_gmt":"2026-01-09T01:18:14","slug":"la-ministre-de-la-sante-fait-etat-dune-tension-dans-tous-les-services-durgences","status":"publish","type":"post","link":"https:\/\/www.europesays.com\/fr\/650639\/","title":{"rendered":"la ministre de la sant\u00e9 fait \u00e9tat d\u2019une \u00ab\u00a0tension dans tous les services d\u2019urgences\u00a0\u00bb"},"content":{"rendered":"<p>                      <img loading=\"lazy\" decoding=\"async\" src=\"https:\/\/www.europesays.com\/fr\/wp-content\/uploads\/2026\/01\/1206e16_ftp-1-2y7jog1btenn-5832836-01-06.jpg\" alt=\"La ministre de la sant\u00e9, St\u00e9phanie Rist, s\u2019adresse aux m\u00e9dias apr\u00e8s une visite aux urgences de l\u2019AP-HP (Assistance publique-H\u00f4pitaux de Paris), le 8\u00a0janvier 2026.\"   width=\"664\" height=\"443\"\/>    La ministre de la sant\u00e9, St\u00e9phanie Rist, s\u2019adresse aux m\u00e9dias apr\u00e8s une visite aux urgences de l\u2019AP-HP (Assistance publique-H\u00f4pitaux de Paris), le 8\u00a0janvier 2026.  KIRAN RIDLEY, KIRAN RIDLEY \/ AFP                          <\/p>\n<p class=\"article__paragraph  \">La ministre de la sant\u00e9, St\u00e9phanie Rist, a fait \u00e9tat, jeudi 8\u00a0janvier, lors d\u2019une visite aux urgences de l\u2019h\u00f4pital Saint-Antoine, \u00e0 Paris, d\u2019une \u00ab\u00a0tension dans tous les services d\u2019urgences\u00a0\u00bb li\u00e9e aux \u00e9pid\u00e9mies hivernales, \u00e0 la neige et \u00e0 la gr\u00e8ve des m\u00e9decins lib\u00e9raux, qui s\u2019est intensifi\u00e9e, selon les chiffres de l\u2019Assurance-maladie.<\/p>\n<p class=\"article__paragraph  \">\u00ab\u00a0On arrive \u00e0 r\u00e9quisitionner s\u2019il y a besoin\u00a0\u00bb, a-t-elle rapport\u00e9, \u00e9voquant un \u00ab\u00a0moment compliqu\u00e9 o\u00f9 il y a l\u2019\u00e9pid\u00e9mie de grippe, o\u00f9 il y a eu l\u2019\u00e9pisode neigeux et la gr\u00e8ve des m\u00e9decins qui entra\u00eenent une augmentation d\u2019activit\u00e9 dans tous les services d\u2019urgence\u00a0\u00bb.<\/p>\n<p class=\"article__paragraph  \">Concernant la gr\u00e8ve des m\u00e9decins lib\u00e9raux commenc\u00e9e lundi, qui est cens\u00e9e monter crescendo et durer dix jours, l\u2019activit\u00e9 \u00e9tait en baisse de 19\u00a0% chez les g\u00e9n\u00e9ralistes mardi par rapport \u00e0 l\u2019activit\u00e9 habituelle, et celle des sp\u00e9cialistes de 12\u00a0%, selon les donn\u00e9es de l\u2019Assurance-maladie, a-t-elle indiqu\u00e9, faisant \u00e9tat de \u00ab\u00a0chiffres importants\u00a0\u00bb.<\/p>\n<p class=\"article__paragraph  \">Ils correspondent au volume de feuilles de soins \u00e9lectroniques t\u00e9l\u00e9transmises \u00e0 l\u2019Assurance-maladie par les m\u00e9decins, par rapport au m\u00eame mardi l\u2019ann\u00e9e derni\u00e8re. Lundi, l\u2019activit\u00e9 avait moins baiss\u00e9\u00a0: 15\u00a0% chez les g\u00e9n\u00e9ralistes, et 6\u00a0% chez les sp\u00e9cialistes, selon des chiffres donn\u00e9s pr\u00e9c\u00e9demment par la ministre.<\/p>\n<p>                                       Lire aussi |  Article r\u00e9serv\u00e9 \u00e0 nos abonn\u00e9s  <a href=\"https:\/\/www.lemonde.fr\/societe\/article\/2026\/01\/08\/mobilisation-des-medecins-liberaux-aux-racines-de-la-colere_6660947_3224.html\" class=\"js-article-read-also catcher--favoris__link\" data-premium=\"1\" id=\"article-title-3453608\" target=\"_blank\" rel=\"noopener\">Mobilisation des m\u00e9decins lib\u00e9raux\u00a0: aux racines de la col\u00e8re<\/a>    <\/p>\n<p>   Lire plus tard  <\/p>\n<p>                          Des plans blancs d\u00e9clench\u00e9s dans divers h\u00f4pitaux                    <\/p>\n<p class=\"article__paragraph  \">Pour les urgences de l\u2019h\u00f4pital Saint-Antoine, qui subissent un pic de fr\u00e9quentation, \u00ab\u00a0c\u2019\u00e9tait + 40\u00a0% d\u2019activit\u00e9 hier, qui ont \u00e9t\u00e9 absorb\u00e9es\u00a0\u00bb, avec des patients qui \u00ab\u00a0ont \u00e9t\u00e9 correctement pris en charge dans le service\u00a0\u00bb, a indiqu\u00e9 St\u00e9phanie Rist.<\/p>\n<p class=\"article__paragraph  \">Entre mardi minuit et mercredi minuit, le service a enregistr\u00e9 240\u00a0passages, contre 180 en moyenne habituellement. La nuit de mardi \u00e0 mercredi a \u00e9t\u00e9 particuli\u00e8rement difficile, ont indiqu\u00e9 \u00e0 la ministre le chef de service Pierre-Alexis Raynal et une urgentiste.<\/p>\n<p class=\"article__paragraph  \">De nombreux services d\u2019urgences et les SAMU-SAS (Services d\u2019acc\u00e8s aux soins, qui r\u00e9pondent aux appels au 15) ont \u00e9t\u00e9 d\u00e9bord\u00e9s ces derniers jours par un pic de fr\u00e9quentation intense, du \u00ab\u00a0jamais-vu\u00a0\u00bb depuis la pand\u00e9mie de Covid-19, selon plusieurs urgentistes.<\/p>\n<p class=\"article__paragraph  \">Divers h\u00f4pitaux ont d\u00e9clench\u00e9 des plans blancs (dispositif permettant notamment le rappel de soignants en repos, ou la d\u00e9programmation de soins non urgents), comme le CHU de Toulouse, qui dit dans son communiqu\u00e9, jeudi, vouloir \u00ab\u00a0anticiper et g\u00e9rer\u00a0\u00bb le report d\u2019activit\u00e9 li\u00e9 \u00e0 la gr\u00e8ve des praticiens des cliniques.<\/p>\n<p>                                       Lire aussi |  <a href=\"https:\/\/www.lemonde.fr\/idees\/article\/2026\/01\/08\/la-greve-des-medecins-un-signal-d-alarme_6660988_3232.html\" class=\"js-article-read-also catcher--favoris__link\" data-premium=\"\" id=\"article-title-3453596\" target=\"_blank\" rel=\"noopener\">La gr\u00e8ve des m\u00e9decins, un signal d\u2019alarme<\/a>    <\/p>\n<p>   Lire plus tard  <\/p>\n<p class=\"author__detail\">  Le Monde avec AFP  <\/p>\n","protected":false},"excerpt":{"rendered":"La ministre de la sant\u00e9, St\u00e9phanie Rist, s\u2019adresse aux m\u00e9dias apr\u00e8s une visite aux urgences de l\u2019AP-HP (Assistance&hellip;\n","protected":false},"author":2,"featured_media":650640,"comment_status":"","ping_status":"","sticky":false,"template":"","format":"standard","meta":{"footnotes":""},"categories":[2],"tags":[11,1011,27,12,25],"class_list":{"0":"post-650639","1":"post","2":"type-post","3":"status-publish","4":"format-standard","5":"has-post-thumbnail","7":"category-actualites","8":"tag-actualites","9":"tag-fr","10":"tag-france","11":"tag-news","12":"tag-republique-francaise"},"share_on_mastodon":{"url":"https:\/\/pubeurope.com\/@fr\/115862510418942186","error":""},"_links":{"self":[{"href":"https:\/\/www.europesays.com\/fr\/wp-json\/wp\/v2\/posts\/650639","targetHints":{"allow":["GET"]}}],"collection":[{"href":"https:\/\/www.europesays.com\/fr\/wp-json\/wp\/v2\/posts"}],"about":[{"href":"https:\/\/www.europesays.com\/fr\/wp-json\/wp\/v2\/types\/post"}],"author":[{"embeddable":true,"href":"https:\/\/www.europesays.com\/fr\/wp-json\/wp\/v2\/users\/2"}],"replies":[{"embeddable":true,"href":"https:\/\/www.europesays.com\/fr\/wp-json\/wp\/v2\/comments?post=650639"}],"version-history":[{"count":0,"href":"https:\/\/www.europesays.com\/fr\/wp-json\/wp\/v2\/posts\/650639\/revisions"}],"wp:featuredmedia":[{"embeddable":true,"href":"https:\/\/www.europesays.com\/fr\/wp-json\/wp\/v2\/media\/650640"}],"wp:attachment":[{"href":"https:\/\/www.europesays.com\/fr\/wp-json\/wp\/v2\/media?parent=650639"}],"wp:term":[{"taxonomy":"category","embeddable":true,"href":"https:\/\/www.europesays.com\/fr\/wp-json\/wp\/v2\/categories?post=650639"},{"taxonomy":"post_tag","embeddable":true,"href":"https:\/\/www.europesays.com\/fr\/wp-json\/wp\/v2\/tags?post=650639"}],"curies":[{"name":"wp","href":"https:\/\/api.w.org\/{rel}","templated":true}]}}