{"id":650659,"date":"2026-01-09T01:34:11","date_gmt":"2026-01-09T01:34:11","guid":{"rendered":"https:\/\/www.europesays.com\/fr\/650659\/"},"modified":"2026-01-09T01:34:11","modified_gmt":"2026-01-09T01:34:11","slug":"javais-trop-le-seum-ce-detail-inattendu-qui-a-bien-failli-ruiner-les-fiancailles-de-la-chanteuse-louane","status":"publish","type":"post","link":"https:\/\/www.europesays.com\/fr\/650659\/","title":{"rendered":"\u00ab\u00a0J\u2019avais trop le seum\u2026\u00a0\u00bb\u00a0: ce d\u00e9tail inattendu qui a bien failli ruiner les fian\u00e7ailles de la chanteuse Louane"},"content":{"rendered":"<p>\n                                                                Louane est revenue ce mercredi 7\u00a0janvier 2026 sur la demande en mariage de son compagnon, survenue en 2025 lors d\u2019un s\u00e9jour \u00e0 Dublin.\n                            <\/p>\n<p>La sc\u00e8ne aurait pu ressembler \u00e0 un conte de f\u00e9es. Pourtant, lorsque Louane repense \u00e0 <a href=\"https:\/\/www.midilibre.fr\/2025\/07\/24\/tout-le-monde-etait-scotche-louane-surprend-un-couple-de-fans-en-chantant-a-leur-mariage-une-chanson-inspiree-de-leur-histoire-damour-12842941.php\" target=\"_self\" rel=\"noopener\">sa demande en mariage<\/a>, un souvenir vient ternir l\u2019image id\u00e9ale qu\u2019elle s\u2019en faisait. Invit\u00e9e sur l\u2019antenne de NRJ ce mercredi 7\u00a0janvier, la chanteuse est revenue avec humour (et une pointe de g\u00eane) sur ses fian\u00e7ailles avec <a href=\"https:\/\/www.midilibre.fr\/2025\/05\/22\/apres-leurovision-louane-va-se-marier-qui-est-son-futur-epoux-passe-par-nimes-pendant-plusieurs-annees-12714117.php\" target=\"_self\" rel=\"noopener\">son compagnon, Florian Rossi.<\/a><\/p>\n<p>\u00ab\u00a0J\u2019avais trop le seum\u00a0\u00bb<\/p>\n<p>Au cours d\u2019une interview retra\u00e7ant les moments marquants de son ann\u00e9e 2025, Louane a d\u00fb montrer une photo prise le jour de la demande. \u00ab\u00a0J\u2019avais trop le seum, le jour de mes fian\u00e7ailles\u00a0\u00bb, confie-t-elle en faisant d\u00e9filer sa galerie. La raison\u00a0? \u00ab\u00a0J\u2019avais les cheveux sales et tout\u2026\u00a0\u00bb.<\/p>\n<p>Loin des clich\u00e9s id\u00e9alis\u00e9s, la sc\u00e8ne s\u2019est d\u00e9roul\u00e9e dans un contexte bien r\u00e9el\u00a0: \u00ab\u00a0On \u00e9tait en voyage, on avait fait beaucoup de trains, du coup j\u2019\u00e9tais un peu en legging, gros pull, tout \u00e7a\u2026\u00a0\u00bb.<\/p>\n<p>\u00ab\u00a0On \u00e9tait \u00e0 Dublin\u2026\u00a0\u00bb<\/p>\n<p>La demande n\u2019a pas eu lieu en France mais\u00a0lors d\u2019un s\u00e9jour en Irlande\u00a0: \u00ab\u00a0On \u00e9tait \u00e0 Dublin, il m\u2019a demand\u00e9 en mariage en Irlande\u00a0\u00bb, pr\u00e9cise Louane. La chanteuse\u00a0admet que ce n\u2019\u00e9tait pas le jour o\u00f9 elle avait \u00ab\u00a0le plus de glow (\u00e9clat en fran\u00e7ais)\u00a0\u00bb, mais que ce n\u2019\u00e9tait \u00ab\u00a0pas grave\u00a0\u00bb car le moment \u00e9tait \u00ab\u00a0incroyable\u00a0\u00bb.<\/p>\n<p>Discr\u00e8te sur sa vie priv\u00e9e, Louane n\u2019a officialis\u00e9 ses fian\u00e7ailles que plusieurs mois plus tard. En juin\u00a02025, elle a partag\u00e9\u00a0des images de la c\u00e9l\u00e9bration dans un restaurant parisien.<\/p>\n","protected":false},"excerpt":{"rendered":"Louane est revenue ce mercredi 7\u00a0janvier 2026 sur la demande en mariage de son compagnon, survenue en 2025&hellip;\n","protected":false},"author":2,"featured_media":650660,"comment_status":"","ping_status":"","sticky":false,"template":"","format":"standard","meta":{"footnotes":""},"categories":[1355],"tags":[58,59,1011,27,1361,873,973],"class_list":{"0":"post-650659","1":"post","2":"type-post","3":"status-publish","4":"format-standard","5":"has-post-thumbnail","7":"category-musique","8":"tag-divertissement","9":"tag-entertainment","10":"tag-fr","11":"tag-france","12":"tag-music","13":"tag-musique","14":"tag-people"},"share_on_mastodon":{"url":"https:\/\/pubeurope.com\/@fr\/115862573248286972","error":""},"_links":{"self":[{"href":"https:\/\/www.europesays.com\/fr\/wp-json\/wp\/v2\/posts\/650659","targetHints":{"allow":["GET"]}}],"collection":[{"href":"https:\/\/www.europesays.com\/fr\/wp-json\/wp\/v2\/posts"}],"about":[{"href":"https:\/\/www.europesays.com\/fr\/wp-json\/wp\/v2\/types\/post"}],"author":[{"embeddable":true,"href":"https:\/\/www.europesays.com\/fr\/wp-json\/wp\/v2\/users\/2"}],"replies":[{"embeddable":true,"href":"https:\/\/www.europesays.com\/fr\/wp-json\/wp\/v2\/comments?post=650659"}],"version-history":[{"count":0,"href":"https:\/\/www.europesays.com\/fr\/wp-json\/wp\/v2\/posts\/650659\/revisions"}],"wp:featuredmedia":[{"embeddable":true,"href":"https:\/\/www.europesays.com\/fr\/wp-json\/wp\/v2\/media\/650660"}],"wp:attachment":[{"href":"https:\/\/www.europesays.com\/fr\/wp-json\/wp\/v2\/media?parent=650659"}],"wp:term":[{"taxonomy":"category","embeddable":true,"href":"https:\/\/www.europesays.com\/fr\/wp-json\/wp\/v2\/categories?post=650659"},{"taxonomy":"post_tag","embeddable":true,"href":"https:\/\/www.europesays.com\/fr\/wp-json\/wp\/v2\/tags?post=650659"}],"curies":[{"name":"wp","href":"https:\/\/api.w.org\/{rel}","templated":true}]}}