{"id":650661,"date":"2026-01-09T01:35:17","date_gmt":"2026-01-09T01:35:17","guid":{"rendered":"https:\/\/www.europesays.com\/fr\/650661\/"},"modified":"2026-01-09T01:35:17","modified_gmt":"2026-01-09T01:35:17","slug":"le-plan-malefique-de-dr-doom-deja-revele-par-les-fans-grace-aux-teasers","status":"publish","type":"post","link":"https:\/\/www.europesays.com\/fr\/650661\/","title":{"rendered":"le plan mal\u00e9fique de Dr. Doom d\u00e9j\u00e0 r\u00e9v\u00e9l\u00e9 par les fans gr\u00e2ce aux teasers ?"},"content":{"rendered":"<p><strong><a href=\"https:\/\/www.ecranlarge.com\/personnalite\/654384-robert-downey-jr\" data-type=\"people\" data-id=\"2118\" target=\"_blank\" rel=\"noopener\">Robert Downey Jr.<\/a> n\u2019a pas encore enfil\u00e9 le masque de fer de Dr Doom que les th\u00e9oriciens s\u2019affolent d\u00e9j\u00e0 sur le sc\u00e9nario d\u2019<a href=\"https:\/\/www.ecranlarge.com\/films\/1441330-avengers-doomsday\" data-type=\"films\" data-id=\"692656\" target=\"_blank\" rel=\"noopener\">Avengers : Doomsday<\/a>. Selon une piste de plus en plus cr\u00e9dible, le plan de Doom aurait m\u00eame d\u00e9j\u00e0 \u00e9t\u00e9 d\u00e9voil\u00e9 via les teasers diffus\u00e9s. <\/strong><\/p>\n<p>Dans un MCU qui ressemble de plus en plus \u00e0 un service de r\u00e9animation de vieilles gloires en manque de reconnaissance, Kevin Feige semble vouloir tenter le tout pour le tout pour <strong>Avengers Doomsday<\/strong>. D\u2019abord en rappelant <a href=\"https:\/\/www.ecranlarge.com\/films\/news\/avengers-5-robert-downey-retour-marvel-doom\" data-type=\"link\" data-id=\"https:\/\/www.ecranlarge.com\/films\/news\/avengers-5-robert-downey-retour-marvel-doom\" target=\"_blank\" rel=\"noopener\">Robert Downey Jr. pour jouer le grand m\u00e9chant Doom<\/a>, et <a href=\"https:\/\/www.ecranlarge.com\/films\/news\/avengers-doomsday-secret-wars-retour-russo-explications\" data-type=\"link\" data-id=\"https:\/\/www.ecranlarge.com\/films\/news\/avengers-doomsday-secret-wars-retour-russo-explications\" target=\"_blank\" rel=\"noopener\">en confiant la r\u00e9alisation d\u2019<strong>Avengers 5<\/strong> et <strong>6<\/strong> aux fr\u00e8res Russo,<\/a> de retour avec la double apoth\u00e9ose <strong>Avengers Infinity War<\/strong> et <strong>Endgame<\/strong>. <\/p>\n<p>Alors que la saga du Multivers s\u2019embourbe dans des intrigues que m\u00eame les sc\u00e9naristes ne paraissent plus comprendre, <strong>Avengers 5<\/strong> aura la lourde t\u00e2che de redonner un semblant de coh\u00e9rence \u00e0 ce chaos industriel. Le plan de secours devrait \u00eatre tout trac\u00e9 : oublier les variants par milliers pour <strong>se concentrer sur l\u2019h\u00e9ritage Marvel, au sens litt\u00e9ral du terme.<\/strong><\/p>\n<p>                    <img decoding=\"async\" alt=\"\" class=\"wp-image-518375\" style=\"object-fit:cover;width:25px;height:25px\" src=\"https:\/\/www.ecranlarge.com\/content\/uploads\/2023\/09\/arrow-right-circle.svg\"\/><\/p>\n<p>Et c\u2019est exactement ce qui ressort des teasers d\u00e9j\u00e0 d\u00e9voil\u00e9s pour <strong>Avengers Doomsday<\/strong>. Le premier montrait <a href=\"https:\/\/www.ecranlarge.com\/films\/news\/avengers-5-doomsday-teaser-enfin-steve-rogers-marvel\" data-type=\"link\" data-id=\"https:\/\/www.ecranlarge.com\/films\/news\/avengers-5-doomsday-teaser-enfin-steve-rogers-marvel\" target=\"_blank\" rel=\"noopener\">Steve Rogers prenant dans ses bras un b\u00e9b\u00e9<\/a>. Le deuxi\u00e8me annon\u00e7ait <a href=\"https:\/\/www.ecranlarge.com\/films\/news\/avengers-doomsday-deuxieme-teaser-officiel-retour-thor\" data-type=\"link\" data-id=\"https:\/\/www.ecranlarge.com\/films\/news\/avengers-doomsday-deuxieme-teaser-officiel-retour-thor\" target=\"_blank\" rel=\"noopener\">le retour de Thor<\/a>, d\u00e9sormais p\u00e8re adoptif d\u2019une ado. Le troisi\u00e8me, <a href=\"https:\/\/www.ecranlarge.com\/films\/news\/avengers-5-doomsday-teaser-x-men-chaos\" data-type=\"link\" data-id=\"https:\/\/www.ecranlarge.com\/films\/news\/avengers-5-doomsday-teaser-x-men-chaos\" target=\"_blank\" rel=\"noopener\">Charles Xavier et Magn\u00e9to accabl\u00e9s par le poids de l\u2019\u00e2ge<\/a>. En reliant les points entre ces s\u00e9quences se d\u00e9gage une th\u00e9matique familiale, qui serait un <strong>gros indice sur le plan de Dr Doom.<\/strong><\/p>\n<p><a href=\"https:\/\/www.ecranlarge.com\/content\/uploads\/2026\/01\/q80idndtqtyv88kmrihbhuwkxjx_jpg.jpg\" target=\"_blank\" rel=\"noopener\"><\/p>\n<p><img loading=\"lazy\" decoding=\"async\" alt=\"\" src=\"https:\/\/www.europesays.com\/fr\/wp-content\/uploads\/2026\/01\/q80idndtqtyv88kmrihbhuwkxjx_jpg-1260x709.jpg\" width=\"1260\" height=\"709\"  \/><\/p>\n<p><\/a>Au nom du p\u00e8reAvengers 5 : op\u00e9ration Muppet Babies<\/p>\n<p>Si on ajoute \u00e0 ces teasers <a href=\"https:\/\/www.ecranlarge.com\/films\/news\/les-4-fantastiques-scene-post-generique-avengers-doomsday\" data-type=\"link\" data-id=\"https:\/\/www.ecranlarge.com\/films\/news\/les-4-fantastiques-scene-post-generique-avengers-doomsday\" target=\"_blank\" rel=\"noopener\">la sc\u00e8ne post-g\u00e9n\u00e9rique du film <strong>Les Quatre Fantastiques : Premier Pas<\/strong><\/a>, dans laquelle on voit Dr Doom faire face au jeune Franklin Richards, fils de Reed Richards et Sue Storm, un point commun assez frappant \u00e9merge de tout \u00e7a : <strong>la pr\u00e9sence des enfants. <\/strong>Pas n\u2019importe quels marmots, puisque les trois enfants dont il est question ici (l\u2019enfant de Steve Rogers, Love, la fille de Gorr adopt\u00e9e par Thor, et Franklin Richards) sont potentiellement d\u00e9tenteurs de pouvoirs surnaturels de grande ampleur. <\/p>\n<p>Une th\u00e9orie sugg\u00e8re que Victor Von Doom compterait utiliser ces super-gosses comme des piles multiverselles lui fournissant une puissance ph\u00e9nom\u00e9nale et lui permettant de voyager entre les univers parall\u00e8les du MCU. Pourquoi s\u2019emb\u00eaterait-il \u00e0 kidnapper des super-h\u00e9ros quadrag\u00e9naires et fatigu\u00e9s quand il peut s\u2019emparer de sources d\u2019\u00e9nergie pures et mall\u00e9ables ?<\/p>\n<p><a href=\"https:\/\/www.ecranlarge.com\/content\/uploads\/2026\/01\/qzhoj3gjj3jbdrzgbmtg6nhlnnr_jpg.jpg\" target=\"_blank\" rel=\"noopener\"><\/p>\n<p><img loading=\"lazy\" decoding=\"async\" alt=\"vanessa kirby sue storm les 4 fantastiques\" src=\"https:\/\/www.europesays.com\/fr\/wp-content\/uploads\/2026\/01\/qzhoj3gjj3jbdrzgbmtg6nhlnnr_jpg-1260x709.jpg\" width=\"1260\" height=\"709\"  \/><\/p>\n<p><\/a>Une pile alcaline AAAAA<\/p>\n<p>Et si jamais ces trois-l\u00e0 ne suffisaient pas \u00e0 \u00e9tancher la soif de pouvoir de Doom, le MCU dispose d\u2019une p\u00e9pini\u00e8re de \u00ab fils de \u00bb pr\u00eate \u00e0 l\u2019emploi. On pense \u00e9videmment \u00e0 Skaar, le rejeton de Hulk dont la coupe de cheveux est, \u00e0 elle seule, un crime contre l\u2019humanit\u00e9, ou au fiston de T\u2019Challa, Toussaint, introduit au forceps \u00e0 la fin de Black Panther : Wakanda Forever pour nous arracher une larme. Et comme Shuri est au c\u0153ur du quatri\u00e8me teaser d\u00e9voil\u00e9 par Marvel, il y a sans doute quelque chose \u00e0 tirer de tout \u00e7a.<\/p>\n<p>                    <img decoding=\"async\" alt=\"\" class=\"wp-image-518375\" style=\"object-fit:cover;width:25px;height:25px\" src=\"https:\/\/www.ecranlarge.com\/content\/uploads\/2023\/09\/arrow-right-circle.svg\"\/><\/p>\n<p>Il y a aussi les jumeaux de Wanda Maximoff, Billy et Tommy (Wiccan et Speed pour les intimes), qui hantent les limbes de Disney+ depuis <strong>WandaVision<\/strong>, ainsi que la jeune X-23 sauv\u00e9e in extremis du cimeti\u00e8re de la Fox pour revenir dans <strong>Deadpool &amp; Wolverine<\/strong>. Une liste \u00e0 laquelle on pourrait ajouter Kamala \u00ab\u00a0<strong>Ms. Marvel<\/strong>\u00a0\u00bb Khan. <\/p>\n<p><a href=\"https:\/\/www.ecranlarge.com\/content\/uploads\/2025\/06\/ironheart-dominique-thorne.jpg\" target=\"_blank\" rel=\"noopener\"><img loading=\"lazy\" decoding=\"async\" alt=\"ironheart dominique thorne\" class=\"wp-image-1319159\" src=\"https:\/\/www.europesays.com\/fr\/wp-content\/uploads\/2026\/01\/ironheart-dominique-thorne-1260x630.jpg\" width=\"1260\" height=\"630\"  \/><\/a>Ironheart n\u2019est pas dans la liste, d\u00e9sol\u00e9 (non)<\/p>\n<p>Reste \u00e0 savoir pr\u00e9cis\u00e9ment <strong>\u00e0 quelle sauce le dictateur au masque de fer compte cuisiner cette marmaille.<\/strong> Deux options s\u2019offrent \u00e0 lui : soit Doom se la joue ravisseur \u00e0 l\u2019ancienne en kidnappant tout ce beau monde pour les transformer en batteries vivantes au milieu d\u2019un laboratoire en Latv\u00e9rie, soit il exploite le concept \u00e9trange d\u2019\u00ab \u00eatre d\u2019ancrage \u00bb. En les laissant dans leurs univers respectifs tout en les gardant sous sa coupe, il s\u2019assurerait un contr\u00f4le total sur chaque r\u00e9alit\u00e9 du multivers, transformant ces gosses en simples balises magiques pour son empire. <\/p>\n<p>Dans les deux cas, il faudra patienter jusqu\u2019au 16 d\u00e9cembre 2026, date de sortie d\u2019<strong>Avengers Doomsday dans les salles fran\u00e7aises<\/strong> pour les premiers \u00e9l\u00e9ments de r\u00e9ponse. <strong>Avengers : Secret Wars<\/strong> devrait conclure la saga du Multivers le 15 d\u00e9cembre 2027.<\/p>\n","protected":false},"excerpt":{"rendered":"Robert Downey Jr. n\u2019a pas encore enfil\u00e9 le masque de fer de Dr Doom que les th\u00e9oriciens s\u2019affolent&hellip;\n","protected":false},"author":2,"featured_media":650662,"comment_status":"","ping_status":"","sticky":false,"template":"","format":"standard","meta":{"footnotes":""},"categories":[1354],"tags":[58,59,1346,1011,27,1360],"class_list":{"0":"post-650661","1":"post","2":"type-post","3":"status-publish","4":"format-standard","5":"has-post-thumbnail","7":"category-films","8":"tag-divertissement","9":"tag-entertainment","10":"tag-films","11":"tag-fr","12":"tag-france","13":"tag-movies"},"share_on_mastodon":{"url":"https:\/\/pubeurope.com\/@fr\/115862577377888753","error":""},"_links":{"self":[{"href":"https:\/\/www.europesays.com\/fr\/wp-json\/wp\/v2\/posts\/650661","targetHints":{"allow":["GET"]}}],"collection":[{"href":"https:\/\/www.europesays.com\/fr\/wp-json\/wp\/v2\/posts"}],"about":[{"href":"https:\/\/www.europesays.com\/fr\/wp-json\/wp\/v2\/types\/post"}],"author":[{"embeddable":true,"href":"https:\/\/www.europesays.com\/fr\/wp-json\/wp\/v2\/users\/2"}],"replies":[{"embeddable":true,"href":"https:\/\/www.europesays.com\/fr\/wp-json\/wp\/v2\/comments?post=650661"}],"version-history":[{"count":0,"href":"https:\/\/www.europesays.com\/fr\/wp-json\/wp\/v2\/posts\/650661\/revisions"}],"wp:featuredmedia":[{"embeddable":true,"href":"https:\/\/www.europesays.com\/fr\/wp-json\/wp\/v2\/media\/650662"}],"wp:attachment":[{"href":"https:\/\/www.europesays.com\/fr\/wp-json\/wp\/v2\/media?parent=650661"}],"wp:term":[{"taxonomy":"category","embeddable":true,"href":"https:\/\/www.europesays.com\/fr\/wp-json\/wp\/v2\/categories?post=650661"},{"taxonomy":"post_tag","embeddable":true,"href":"https:\/\/www.europesays.com\/fr\/wp-json\/wp\/v2\/tags?post=650661"}],"curies":[{"name":"wp","href":"https:\/\/api.w.org\/{rel}","templated":true}]}}