{"id":650669,"date":"2026-01-09T01:39:14","date_gmt":"2026-01-09T01:39:14","guid":{"rendered":"https:\/\/www.europesays.com\/fr\/650669\/"},"modified":"2026-01-09T01:39:14","modified_gmt":"2026-01-09T01:39:14","slug":"le-nouveau-dlc-avec-une-nouvelle-region-semble-se-confirmer-pour-2026","status":"publish","type":"post","link":"https:\/\/www.europesays.com\/fr\/650669\/","title":{"rendered":"le nouveau DLC avec une nouvelle r\u00e9gion semble se confirmer pour 2026"},"content":{"rendered":"<p class=\"p1\">Depuis <a href=\"https:\/\/www.journaldugeek.com\/2025\/06\/13\/the-witcher-3-un-dlc-en-2026-11-ans-apres-la-sortie-du-jeu\/\" target=\"_blank\" rel=\"noopener\">l\u2019\u00e9t\u00e9 dernier<\/a>, des rumeurs assez folles \u00e9voquent l\u2019arriv\u00e9e d\u2019une grosse extension pour le jeu The Witcher\u00a0III, plus de <strong>11\u00a0ans apr\u00e8s sa sortie<\/strong> et plus de <strong>10\u00a0ans apr\u00e8s la sortie des derniers gros contenus<\/strong>. Le point de d\u00e9part de ces rumeurs provenait de <a href=\"https:\/\/www.journaldugeek.com\/2025\/06\/13\/the-witcher-3-un-dlc-en-2026-11-ans-apres-la-sortie-du-jeu\/\" target=\"_blank\" rel=\"noopener\">la cha\u00eene YouTube Remigiusz Maciaszek<\/a> (avec plus de 1,45\u00a0million d\u2019abonn\u00e9s), qui confirmait<strong> l\u2019arriv\u00e9e d\u2019une extension pour 2026<\/strong>.<\/p>\n<p class=\"p1\">Aujourd\u2019hui, c\u2019est <a href=\"https:\/\/pl.ign.com\/wiedzmin-3\/69405\/news\/wiedzmin-3-nowe-dlc-zabierze-nas-na-pustynie-ujawniamy-nasze-informacje-sprzed-lat-i-rzucamy-nowe-sw?fbclid=IwY2xjawPKJn1leHRuA2FlbQIxMQBzcnR\" target=\"_blank\" rel=\"nofollow noopener\">la branche polonaise d\u2019IGN<\/a> qui nous d\u00e9voile de nombreuses informations au sujet de ce contenu qui devrait proposer aux joueurs <strong>une toute nouvelle r\u00e9gion<\/strong>.\u00a0<\/p>\n<p>The Witcher III\u00a0: une troisi\u00e8me extension avec une nouvelle r\u00e9gion en 2026\u00a0?<br \/>\n<img loading=\"lazy\" decoding=\"async\" class=\"size-full wp-image-50336104\" src=\"https:\/\/www.europesays.com\/fr\/wp-content\/uploads\/2026\/01\/template-jdg-2022-04-14t102506-652.jpg\" alt=\"The witcher 3 next gen date de sortie\" width=\"1400\" height=\"932\"  \/>Cr\u00e9dits\u00a0: CD Projekt Red<\/p>\n<p class=\"p1\">On le sait, le suivi des jeux CD Projekt Red est<strong> assez admirable<\/strong>. Malgr\u00e9 un <strong>lancement totalement rat\u00e9<\/strong> de CyberPunk\u00a02077 en d\u00e9cembre 2020, le studio polonais n\u2019a pas abandonn\u00e9 son titre pour <strong>redresser la barre<\/strong>, sortir une grosse extension, ainsi que plusieurs mises \u00e0 jour gratuites. Entre 2015 et 2016, The Witcher\u00a0III\u00a0: Wild Hunt avait eu le droit \u00e0 <strong>du contenu solide<\/strong> avec deux grosses extensions de grande qualit\u00e9.<\/p>\n<p class=\"p1\">Plus de dix ans apr\u00e8s la sortie de Blood &amp; Wine, CD Projekt Red pourrait proposer <strong>une troisi\u00e8me extension<\/strong>, en 2026. IGN rapporte que, de leur c\u00f4t\u00e9, ils sont au courant <strong>depuis longtemps de ce projet d\u2019extension<\/strong>. Mais que jusqu\u2019\u00e0 maintenant, pour \u00e9viter de cr\u00e9er de faux espoirs aux joueurs et aux fans, ils ont pr\u00e9f\u00e9r\u00e9 ne rien dire. Le m\u00e9dia prend la parole suite \u00e0 <strong>de nouveaux faits<\/strong> qui semblent ne laisser <strong>plus aucun doute<\/strong> sur l\u2019arriv\u00e9e de cette nouvelle extension.\u00a0<\/p>\n<p>Selon les informations de IGN Pologne, CD Projekt Red compterait <strong>explorer une nouvelle r\u00e9gion<\/strong> dans son jeu, avec l\u2019exploration du Grand Nord. Cette nouvelle extension devrait plonger les joueurs <strong>au coeur de Zerrikania<\/strong> qui se situe dans un pays situ\u00e9 \u00e0 l\u2019est du Col d\u2019Elskerdeg o\u00f9 la neige laisserait place au d\u00e9sert, au soleil, \u00e0 la faune exotique et une culture totalement diff\u00e9rente.<\/p>\n<p class=\"p1\">Pour prot\u00e9ger leurs sources, IGN Pologne ne donne pas de date pr\u00e9cise concernant l\u2019obtention de ses informations. \u00c0 l\u2019\u00e9poque, le projet en \u00e9tait <strong>qu\u2019\u00e0 ses d\u00e9buts<\/strong> et une seule source fiable permettait de confirmer cela. Le m\u00e9dia polonais pr\u00e9cise que, depuis, <strong>plusieurs ann\u00e9es se sont \u00e9coul\u00e9es<\/strong> et que rien n\u2019indique que la r\u00e9gion de Zerrikania sera belle et bien au c\u0153ur de cette nouvelle extension. Affaire \u00e0 suivre donc, mais selon les rumeurs, ce DLC serait attendu pour les 11\u00a0ans du jeu, en mai 2026.<\/p>\n<blockquote style=\"border:1px solid #971048;border-radius:8px;\">\n<p class=\"text-base text-neutral-700 dark:text-neutral-300\" style=\"color:grey;\">\ud83d\udfe3 Pour ne manquer aucune news sur le Journal du Geek, <a href=\"https:\/\/profile.google.com\/cp\/CgwvZy8xejJ2N182c2MaHmh0dHBzOi8vd3d3LmpvdXJuYWxkdWdlZWsuY29tLw==?pf=6\" target=\"_blank\" rel=\"noopener\">suivez-nous sur Google<\/a> et sur notre canal <a href=\"https:\/\/whatsapp.com\/channel\/0029VaClM5y4tRry12tb7D2h\" target=\"_blank\" rel=\"noopener\">WhatsApp<\/a>. Et si vous nous adorez, on a <a href=\"https:\/\/www.journaldugeek.com\/newsletter\/\" target=\"_blank\" rel=\"noopener\">une newsletter tous les matins<\/a>.<\/p>\n<\/blockquote>\n","protected":false},"excerpt":{"rendered":"Depuis l\u2019\u00e9t\u00e9 dernier, des rumeurs assez folles \u00e9voquent l\u2019arriv\u00e9e d\u2019une grosse extension pour le jeu The Witcher\u00a0III, plus&hellip;\n","protected":false},"author":2,"featured_media":650670,"comment_status":"","ping_status":"","sticky":false,"template":"","format":"standard","meta":{"footnotes":""},"categories":[7],"tags":[1011,27,43,40,41,39,42,44,63500,75510],"class_list":{"0":"post-650669","1":"post","2":"type-post","3":"status-publish","4":"format-standard","5":"has-post-thumbnail","7":"category-sciences-et-technologies","8":"tag-fr","9":"tag-france","10":"tag-science","11":"tag-science-and-technology","12":"tag-sciences","13":"tag-sciences-et-technologies","14":"tag-technologies","15":"tag-technology","16":"tag-the-witcher","17":"tag-the-witcher-3"},"share_on_mastodon":{"url":"https:\/\/pubeurope.com\/@fr\/115862592790831640","error":""},"_links":{"self":[{"href":"https:\/\/www.europesays.com\/fr\/wp-json\/wp\/v2\/posts\/650669","targetHints":{"allow":["GET"]}}],"collection":[{"href":"https:\/\/www.europesays.com\/fr\/wp-json\/wp\/v2\/posts"}],"about":[{"href":"https:\/\/www.europesays.com\/fr\/wp-json\/wp\/v2\/types\/post"}],"author":[{"embeddable":true,"href":"https:\/\/www.europesays.com\/fr\/wp-json\/wp\/v2\/users\/2"}],"replies":[{"embeddable":true,"href":"https:\/\/www.europesays.com\/fr\/wp-json\/wp\/v2\/comments?post=650669"}],"version-history":[{"count":0,"href":"https:\/\/www.europesays.com\/fr\/wp-json\/wp\/v2\/posts\/650669\/revisions"}],"wp:featuredmedia":[{"embeddable":true,"href":"https:\/\/www.europesays.com\/fr\/wp-json\/wp\/v2\/media\/650670"}],"wp:attachment":[{"href":"https:\/\/www.europesays.com\/fr\/wp-json\/wp\/v2\/media?parent=650669"}],"wp:term":[{"taxonomy":"category","embeddable":true,"href":"https:\/\/www.europesays.com\/fr\/wp-json\/wp\/v2\/categories?post=650669"},{"taxonomy":"post_tag","embeddable":true,"href":"https:\/\/www.europesays.com\/fr\/wp-json\/wp\/v2\/tags?post=650669"}],"curies":[{"name":"wp","href":"https:\/\/api.w.org\/{rel}","templated":true}]}}