{"id":650678,"date":"2026-01-09T01:45:06","date_gmt":"2026-01-09T01:45:06","guid":{"rendered":"https:\/\/www.europesays.com\/fr\/650678\/"},"modified":"2026-01-09T01:45:06","modified_gmt":"2026-01-09T01:45:06","slug":"une-voiture-percutee-par-un-ter-au-chambon-feugerolles-2-blesses-legers","status":"publish","type":"post","link":"https:\/\/www.europesays.com\/fr\/650678\/","title":{"rendered":"Une voiture percut\u00e9e par un TER au Chambon-Feugerolles : 2 bless\u00e9s l\u00e9gers"},"content":{"rendered":"<p>Ce vendredi matin, un train reliant Firminy \u00e0 Saint-\u00c9tienne a heurt\u00e9 une voiture sur un passage \u00e0 niveau au Chambon-Feugerolles. Les 2 occupants du v\u00e9hicule sont l\u00e9g\u00e8rement bless\u00e9s.<\/p>\n<p>L&rsquo;accident s\u2019est produit peu apr\u00e8s 10 heures sur un passage \u00e0 niveau du Chambon-Feugerolles. Une voiture, avec 2 personnes \u00e0 bord, a \u00e9t\u00e9 percut\u00e9e par un train. Selon les premi\u00e8res constatations des services de police et des pompiers, les 2 passagers du v\u00e9hicule n\u2019ont \u00e9t\u00e9 que l\u00e9g\u00e8rement bless\u00e9s et n\u2019ont pas n\u00e9cessit\u00e9 d\u2019hospitalisation. Le train transportait 62 voyageurs, tous indemnes. Par mesure de s\u00e9curit\u00e9, la SNCF a organis\u00e9 leur \u00e9vacuation et mis en place des bus de substitution pour assurer la continuit\u00e9 du trajet.<\/p>\n<p><strong>Reprise du trafic dans l\u2019apr\u00e8s-midi<\/strong><\/p>\n<p>Suite \u00e0 la collision, le trafic ferroviaire a \u00e9t\u00e9 suspendu entre les gares de l\u2019Ondaine et Bellevue, le temps pour les \u00e9quipes techniques de v\u00e9rifier l\u2019\u00e9tat des installations et garantir la s\u00e9curit\u00e9 du r\u00e9seau. La SNCF a confirm\u00e9 la reprise de la circulation des trains aux alentours de 16 heures. Une enqu\u00eate devra d\u00e9terminer les circonstances exactes de cet accident.<\/p>\n<p>ZF<\/p>\n","protected":false},"excerpt":{"rendered":"Ce vendredi matin, un train reliant Firminy \u00e0 Saint-\u00c9tienne a heurt\u00e9 une voiture sur un passage \u00e0 niveau&hellip;\n","protected":false},"author":2,"featured_media":650679,"comment_status":"","ping_status":"","sticky":false,"template":"","format":"standard","meta":{"footnotes":""},"categories":[9653],"tags":[1111,11,2430,1777,674,1011,27,12,25,4001],"class_list":{"0":"post-650678","1":"post","2":"type-post","3":"status-publish","4":"format-standard","5":"has-post-thumbnail","7":"category-saint-etienne","8":"tag-actu","9":"tag-actualites","10":"tag-auvergne-rhone-alpes","11":"tag-eu","12":"tag-europe","13":"tag-fr","14":"tag-france","15":"tag-news","16":"tag-republique-francaise","17":"tag-saint-etienne"},"share_on_mastodon":{"url":"https:\/\/pubeurope.com\/@fr\/115862616330941507","error":""},"_links":{"self":[{"href":"https:\/\/www.europesays.com\/fr\/wp-json\/wp\/v2\/posts\/650678","targetHints":{"allow":["GET"]}}],"collection":[{"href":"https:\/\/www.europesays.com\/fr\/wp-json\/wp\/v2\/posts"}],"about":[{"href":"https:\/\/www.europesays.com\/fr\/wp-json\/wp\/v2\/types\/post"}],"author":[{"embeddable":true,"href":"https:\/\/www.europesays.com\/fr\/wp-json\/wp\/v2\/users\/2"}],"replies":[{"embeddable":true,"href":"https:\/\/www.europesays.com\/fr\/wp-json\/wp\/v2\/comments?post=650678"}],"version-history":[{"count":0,"href":"https:\/\/www.europesays.com\/fr\/wp-json\/wp\/v2\/posts\/650678\/revisions"}],"wp:featuredmedia":[{"embeddable":true,"href":"https:\/\/www.europesays.com\/fr\/wp-json\/wp\/v2\/media\/650679"}],"wp:attachment":[{"href":"https:\/\/www.europesays.com\/fr\/wp-json\/wp\/v2\/media?parent=650678"}],"wp:term":[{"taxonomy":"category","embeddable":true,"href":"https:\/\/www.europesays.com\/fr\/wp-json\/wp\/v2\/categories?post=650678"},{"taxonomy":"post_tag","embeddable":true,"href":"https:\/\/www.europesays.com\/fr\/wp-json\/wp\/v2\/tags?post=650678"}],"curies":[{"name":"wp","href":"https:\/\/api.w.org\/{rel}","templated":true}]}}