{"id":650721,"date":"2026-01-09T02:15:29","date_gmt":"2026-01-09T02:15:29","guid":{"rendered":"https:\/\/www.europesays.com\/fr\/650721\/"},"modified":"2026-01-09T02:15:29","modified_gmt":"2026-01-09T02:15:29","slug":"les-26-rendez-vous-quon-attend-avec-impatience-en-2026","status":"publish","type":"post","link":"https:\/\/www.europesays.com\/fr\/650721\/","title":{"rendered":"les 26 rendez-vous qu\u2019on attend avec impatience\u00a0en 2026"},"content":{"rendered":"<p>Que nous r\u00e9serve 2026\u00a0? Sur le plan culturel, loisirs, concerts et sorties, beaucoup de choses \u00e0 Lyon et sa m\u00e9tropole\u00a0! Plusieurs dizaines de spectacles sont d\u00e9j\u00e0 annonc\u00e9s dans les diff\u00e9rentes salles, et d\u2019autres le seront encore au fil des mois.<\/p>\n<p>Voici une s\u00e9lection des grands rendez-vous \u00e0 ne pas manquer en 2026 et \u00e0 noter tout de suite dans son agenda. Certains sont d\u00e9j\u00e0 complets, mais d\u2019autres ont encore des places (et il est toujours possible d\u2019esp\u00e9rer en trouver au dernier moment). Les organisateurs voyant de plus en plus loin, des concerts sont d\u00e9j\u00e0 \u00e0 l\u2019affiche en 2028. Bonne ann\u00e9e\u00a0!<\/p>\n<p>    &#13;<br \/>\n    &#13;<br \/>\n    &#13;<br \/>\n    <a href=\"https:\/\/cdn-s-www.leprogres.fr\/images\/c12b6db4-7799-42bf-b10c-a28b5c522002\/NW_raw\/calogero-au-zenith-de-saint-etienne-photo-d-archives-charly-jurine-1767867747.jpg\" title=\"Calogero au Z\u00e9nith de Saint-Etienne. \u00a0 Photo d\u2019archives Charly Jurine\" class=\"chocolat-image GA-tracking\" data-ga_type=\"click\" data-ga_category=\"D\u00e9tail\" data-ga_action=\"zoomer\" data-ga_label=\"aggrandir image\" target=\"_blank\" rel=\"noopener\">&#13;<br \/>\n        <img src=\"https:\/\/www.europesays.com\/fr\/wp-content\/uploads\/2026\/01\/calogero-au-zenith-de-saint-etienne-photo-d-archives-charly-jurine-1767867747.jpg\"   alt=\"Calogero au Z\u00e9nith de Saint-Etienne. \u00a0 Photo d\u2019archives Charly Jurine\" fetchpriority=\"high\" decoding=\"async\" data-mobile=\"NW_listA_M|1767867747\" data-base=\"NW_listA|1767867747\"\/>&#13;<br \/>\n    <\/a>&#13;<\/p>\n<p> Calogero au Z\u00e9nith de Saint-Etienne. \u00a0 Photo d\u2019archives Charly Jurine <\/p>\n<p>L\u2019ann\u00e9e reprend sur les chapeaux de roues, avec des spectacles d\u00e8s ce d\u00e9but de semaine. Le plus Lyonnais des humoristes, <strong><a href=\"https:\/\/www.leprogres.fr\/p\/laurent-gerra\" target=\"_blank\" rel=\"noopener\">Laurent Gerra<\/a><\/strong> , <a href=\"https:\/\/www.leprogres.fr\/culture-loisirs\/2024\/11\/07\/laurent-gerra-face-a-nos-lecteurs-en-cuisine-et-sur-scene-l-important-c-est-le-partage\" target=\"_blank\" rel=\"noopener\"> se \u00ab\u00a0(re) met \u00e0 table\u00a0\u00bb trois soirs de suite<\/a> (les 7, 8 et 9) \u00e0 la Bourse du Travail, pour relancer sa tourn\u00e9e nationale apr\u00e8s des f\u00eates remplies \u00e0 Paris. <strong><a href=\"https:\/\/www.leprogres.fr\/p\/calogero\" target=\"_blank\" rel=\"noopener\">Calogero<\/a><\/strong> , de retour dans les \u00ab\u00a0petites salles\u00a0\u00bb en mode intimiste remplira 4 soirs de suite la m\u00eame salle (du 28 au 31).<\/p>\n<p class=\"note\"><strong>Et aussi\u00a0: <\/strong> Carole Bouquet avec\u00a0Le Professeur (le 14 au Radiant-Bellevue), Disney sur glace \u00e0 la Halle Tony-Garnier (21, 23, 24 et 25, plusieurs s\u00e9ances par jour), Kompromat (le 30, l\u2019occasion de d\u00e9couvrir la nouvelle salle d\u2019OL Vall\u00e9e, la Fiducial Ast\u00e9ria).<\/p>\n<p>    &#13;<br \/>\n    &#13;<br \/>\n    &#13;<br \/>\n    <a href=\"https:\/\/cdn-s-www.leprogres.fr\/images\/0cff4bb9-daf1-4b9e-bc99-7c703f83c0e2\/NW_raw\/messmer-tentera-de-battre-son-propre-record-du-monde-photo-delphine-givord-1767867747.jpg\" title=\"Messmer tentera de battre son propre record du monde. \u00a0 Photo\u00a0Delphine Givord\" class=\"chocolat-image GA-tracking\" data-ga_type=\"click\" data-ga_category=\"D\u00e9tail\" data-ga_action=\"zoomer\" data-ga_label=\"aggrandir image\" target=\"_blank\" rel=\"noopener\">&#13;<br \/>\n        <img src=\"https:\/\/www.europesays.com\/fr\/wp-content\/uploads\/2026\/01\/messmer-tentera-de-battre-son-propre-record-du-monde-photo-delphine-givord-1767867747.jpg\"   alt=\"Messmer tentera de battre son propre record du monde. \u00a0 Photo\u00a0Delphine Givord\" fetchpriority=\"high\" decoding=\"async\" data-mobile=\"NW_listA_M|1767867747\" data-base=\"NW_listA|1767867747\"\/>&#13;<br \/>\n    <\/a>&#13;<\/p>\n<p> Messmer tentera de battre son propre record du monde. \u00a0 Photo\u00a0Delphine Givord <\/p>\n<p>Gros \u00e9v\u00e9nement le dernier jour du mois\u00a0: <strong><a href=\"https:\/\/www.leprogres.fr\/culture-loisirs\/2025\/04\/16\/pour-battre-le-record-du-monde-d-hypnose-messmer-a-choisi-lyon-et-la-ldlc-arena\" target=\"_blank\" rel=\"noopener\">Messmer, le \u00ab\u00a0Fascinateur\u00a0\u00bb<\/a><\/strong><a href=\"https:\/\/www.leprogres.fr\/culture-loisirs\/2025\/04\/16\/pour-battre-le-record-du-monde-d-hypnose-messmer-a-choisi-lyon-et-la-ldlc-arena\" target=\"_blank\" rel=\"noopener\">, tentera de battre son propre record<\/a> du nombre de personnes hypnotis\u00e9es simultan\u00e9ment (1\u00a0066), \u00e0 la LDLC Arena de D\u00e9cines-Charpieu. Et pr\u00e9sentera son nouveau spectacle 13Hz (comme les ondes c\u00e9r\u00e9brales auxquelles il fait appel). Une exp\u00e9rience hors du commun.<\/p>\n<p>Dans la m\u00eame salle, <strong><a href=\"https:\/\/www.leprogres.fr\/p\/orelsan\" target=\"_blank\" rel=\"noopener\">Orelsan<\/a><\/strong> a d\u00fb doubler ses dates et sera deux soirs sur sc\u00e8ne (les 26 et 27) avec un concert in\u00e9dit.<\/p>\n<p class=\"note\"><strong>Et aussi\u00a0:<\/strong> l\u2019humoriste Pierre-Emmanuel Barr\u00e9 (le 5 \u00e0 la Bourse du Travail, archi-complet), Sean Paul \u00e0 la LDLC Arena (le 22), <a href=\"https:\/\/www.leprogres.fr\/p\/benjamin-biolay\" target=\"_blank\" rel=\"noopener\">Benjamin Biolay<\/a> de retour au Radiant (le 25), Holiday on Ice \u00e0 la Halle Tony-Garnier (du 28 au 1er \u00a0mars)<\/p>\n<p>    &#13;<br \/>\n    &#13;<br \/>\n    &#13;<br \/>\n    <a href=\"https:\/\/cdn-s-www.leprogres.fr\/images\/1ef9657b-a468-457f-85c0-8b8417938be4\/NW_raw\/rosalia-photo-sipa-usa-1767897036.jpg\" title=\"Rosal\u00eda. \u00a0 Photo\u00a0Sipa Usa\" class=\"chocolat-image GA-tracking\" data-ga_type=\"click\" data-ga_category=\"D\u00e9tail\" data-ga_action=\"zoomer\" data-ga_label=\"aggrandir image\" target=\"_blank\" rel=\"noopener\">&#13;<br \/>\n        <img src=\"https:\/\/www.europesays.com\/fr\/wp-content\/uploads\/2026\/01\/rosalia-photo-sipa-usa-1767897036.jpg\"   alt=\"Rosal\u00eda. \u00a0 Photo\u00a0Sipa Usa\" fetchpriority=\"high\" decoding=\"async\" data-mobile=\"NW_listA_M|1767897036\" data-base=\"NW_listA|1767897036\"\/>&#13;<br \/>\n    <\/a>&#13;<\/p>\n<p> Rosal\u00eda. \u00a0 Photo\u00a0Sipa Usa <\/p>\n<p>Actualit\u00e9 hyper charg\u00e9e sur les sc\u00e8nes lyonnaises, il sera difficile de choisir pour qui \u00ab\u00a0voter\u00a0\u00bb (en ce mois d\u2019\u00e9lections municipales). Parmi les dates les plus attendues (et demand\u00e9es d\u00e8s l\u2019ouverture de la billetterie), le ph\u00e9nom\u00e8ne <a href=\"https:\/\/www.leprogres.fr\/culture-loisirs\/2025\/12\/04\/rosalia-debutera-sa-tournee-mondiale-a-lyon\" target=\"_blank\" rel=\"noopener\">\u00a0 <strong>Rosalia<\/strong> (qui lance en France son \u00ab\u00a0Lux tour\u00a0\u00bb, sa tourn\u00e9e mondiale<\/a>, le 16) et <strong><a href=\"https:\/\/www.leprogres.fr\/p\/florent-pagny\" target=\"_blank\" rel=\"noopener\">Florent Pagny<\/a><\/strong> sera quatre soirs \u00e0 la LDLC Arena (du 18 au 22), en plein 2e\u00a0 tour.<\/p>\n<p class=\"note\"><strong>Et aussi\u00a0:<\/strong> Theodora (le 20 \u00e0 la Halle Tony-Garnier), Hans Zimmer en personne (le 24 \u00e0 la LDLC avec son grand show), Eros Ramazzotti (le 27 \u00e0 la LDLC Arena). La Foire de Lyon (du 20 au 30 \u00e0 Eurexpo) se met en mode spectacle sur le th\u00e8me \u00ab\u00a0Tous en sc\u00e8ne\u00a0\u00bb pour ses 110 ans.<\/p>\n<p>    &#13;<br \/>\n    &#13;<br \/>\n    &#13;<br \/>\n    <a href=\"https:\/\/cdn-s-www.leprogres.fr\/images\/cc6ec4c5-e833-4224-9f9f-e03d60b12c6f\/NW_raw\/dorothee-est-de-retour-photo-alexandre-isard-1767897036.jpg\" title=\"Doroth\u00e9e est de retour. \u00a0 Photo\u00a0Alexandre Isard\" class=\"chocolat-image GA-tracking\" data-ga_type=\"click\" data-ga_category=\"D\u00e9tail\" data-ga_action=\"zoomer\" data-ga_label=\"aggrandir image\" target=\"_blank\" rel=\"noopener\">&#13;<br \/>\n        <img src=\"https:\/\/www.europesays.com\/fr\/wp-content\/uploads\/2026\/01\/dorothee-est-de-retour-photo-alexandre-isard-1767897036.jpg\"   alt=\"Doroth\u00e9e est de retour. \u00a0 Photo\u00a0Alexandre Isard\" fetchpriority=\"high\" decoding=\"async\" data-mobile=\"NW_listA_M|1767897036\" data-base=\"NW_listA|1767897036\"\/>&#13;<br \/>\n    <\/a>&#13;<\/p>\n<p> Doroth\u00e9e est de retour. \u00a0 Photo\u00a0Alexandre Isard <\/p>\n<p>C\u2019est un grand \u00e9v\u00e9nement, qu\u2019attendent avec impatience les enfants des ann\u00e9es 80\/90\u00a0: <a href=\"https:\/\/www.leprogres.fr\/culture-loisirs\/2025\/12\/14\/dorothee-en-tournee-je-compte-sur-les-lyonnais-pour-faire-la-fete-avec-moi\" target=\"_blank\" rel=\"noopener\">le retour de <strong> Doroth\u00e9e<\/strong> \u00a0!<\/a> L\u2019animatrice chanteuse a d\u00e9cid\u00e9 de remonter sur sc\u00e8ne pour une poign\u00e9e de dates, dont une \u00e0 Lyon. Elle nous promet de grandes retrouvailles et des surprises. C\u2019est comme un tremblement de terre\u00a0! (le 10 \u00e0 la Halle Tony-Garnier).<\/p>\n<p class=\"note\"><strong>Et aussi\u00a0:<\/strong> le m\u00eame soir (le 10), Tame Impala \u00e0 la LDLC Arena, 22\u1d49 \u00e9dition de \u00ab\u00a0Quais du polar\u00a0\u00bb, festival de litt\u00e9rature et cin\u00e9ma policiers (du 3 au 5).<\/p>\n<p>    &#13;<br \/>\n    &#13;<br \/>\n    &#13;<br \/>\n    <a href=\"https:\/\/cdn-s-www.leprogres.fr\/images\/5fe90bb1-257e-4db4-8922-a97723213f6c\/NW_raw\/le-drone-art-show-a-l-hippodrome-de-lyon-parilly-photo-d-archives-joel-philippon-1767896949.jpg\" title=\"Le Drone Art Show \u00e0 l\u2019Hippodrome de Lyon-Parilly. Photo d\u2019archives Jo\u00ebl Philippon\" class=\"chocolat-image GA-tracking\" data-ga_type=\"click\" data-ga_category=\"D\u00e9tail\" data-ga_action=\"zoomer\" data-ga_label=\"aggrandir image\" target=\"_blank\" rel=\"noopener\">&#13;<br \/>\n        <img src=\"https:\/\/www.europesays.com\/fr\/wp-content\/uploads\/2026\/01\/le-drone-art-show-a-l-hippodrome-de-lyon-parilly-photo-d-archives-joel-philippon-1767896949.jpg\"   alt=\"Le Drone Art Show \u00e0 l\u2019Hippodrome de Lyon-Parilly. Photo d\u2019archives Jo\u00ebl Philippon\" fetchpriority=\"high\" decoding=\"async\" data-mobile=\"NW_listA_M|1767896949\" data-base=\"NW_listA|1767896949\"\/>&#13;<br \/>\n    <\/a>&#13;<\/p>\n<p> Le Drone Art Show \u00e0 l\u2019Hippodrome de Lyon-Parilly. Photo d\u2019archives Jo\u00ebl Philippon <\/p>\n<p>On avait ador\u00e9 la premi\u00e8re \u00e9dition, on attend avec impatience la prochaine\u00a0: un<strong>\u00a0Drone art show<\/strong>, <a href=\"https:\/\/www.leprogres.fr\/culture-loisirs\/2025\/07\/13\/premiere-en-france-un-ballet-de-500-drones-pour-un-spectacle-epoustouflant-pres-de-lyon\" target=\"_blank\" rel=\"noopener\">spectacle de drones sign\u00e9 par Fever<\/a>, sp\u00e9cialiste du divertissement (exp\u00e9riences immersives, concerts \u00e0 la bougie\u2026). De quoi consoler ceux qui n\u2019ont pas pu voir le premier spectacle du genre \u00e0 la derni\u00e8re F\u00eate des Lumi\u00e8res (ce n\u2019est pas la m\u00eame soci\u00e9t\u00e9 de drones \u00e0 la man\u0153uvre). Rendez-vous les 14 et 15\u00a0mai \u00e0 l\u2019hippodrome de Bron-Parilly, pour une soir\u00e9e magique avec, aussi, concert \u00e0 la bougie.<\/p>\n<p>C\u2019est aussi le mois des <strong>Nuits sonores<\/strong> (du 13 au 17) aux Grandes Locos d\u2019Oullins\/La Mulati\u00e8re qui vont se transformer en grand festival \u00e9lectro. Les premiers noms ont \u00e9t\u00e9 annonc\u00e9s\u00a0: l\u2019incontournable Busy P, Acid Arab, Four Tet, Am\u00e9lie Lens, Fat Dog\u2026<\/p>\n<p>    &#13;<br \/>\n    &#13;<br \/>\n    &#13;<br \/>\n    <a href=\"https:\/\/cdn-s-www.leprogres.fr\/images\/b0c4c61e-f683-4070-838e-b9440bc2ea0b\/NW_raw\/dj-snake-photo-maxppp-valentin-vie-1767897036.jpg\" title=\"DJ Snake. \u00a0 Photo MaxPPP\/Valentin Vie\" class=\"chocolat-image GA-tracking\" data-ga_type=\"click\" data-ga_category=\"D\u00e9tail\" data-ga_action=\"zoomer\" data-ga_label=\"aggrandir image\" target=\"_blank\" rel=\"noopener\">&#13;<br \/>\n        <img src=\"https:\/\/www.europesays.com\/fr\/wp-content\/uploads\/2026\/01\/dj-snake-photo-maxppp-valentin-vie-1767897036.jpg\"   alt=\"DJ Snake. \u00a0 Photo MaxPPP\/Valentin Vie\" fetchpriority=\"high\" decoding=\"async\" data-mobile=\"NW_listA_M|1767897036\" data-base=\"NW_listA|1767897036\"\/>&#13;<br \/>\n    <\/a>&#13;<\/p>\n<p> DJ Snake. \u00a0 Photo MaxPPP\/Valentin Vie <\/p>\n<p>L\u2019\u00e9t\u00e9 arrive\u00a0! Top d\u00e9part pour <strong>les <\/strong><strong>Nuits de Fourvi\u00e8re (date officielle\u00a0: du 28\u00a0mai au 25\u00a0juillet)<\/strong> , qui n\u2019annonceront leur programmation que le 10\u00a0mars. Mais on sait d\u00e9j\u00e0 qu\u2019 <a href=\"https:\/\/www.leprogres.fr\/culture-loisirs\/2025\/11\/26\/vanessa-paradis-aux-nuits-de-fourviere-un-rendez-vous-de-festival-que-j-adore\" target=\"_blank\" rel=\"noopener\">il y aura Vanessa Paradis<\/a> (les 8 et 9).<\/p>\n<p><strong>Le <a href=\"https:\/\/www.leprogres.fr\/p\/groupama-stadium\" target=\"_blank\" rel=\"noopener\">Groupama stadium<\/a><\/strong> (qui f\u00eate ses 10 ans) accueillera deux grands concerts rock en plein air\u00a0: <strong> Linkin Park (le 16) et Iron Maiden (le 28)\u00a0; une autre annonce pourrait tomber<\/strong>. Et l\u2019ancien stade de l\u2019OL, le Matmut stadium de Gerland, <a href=\"https:\/\/www.leprogres.fr\/culture-loisirs\/2025\/11\/20\/dj-snake-sera-en-concert-le-27-juin-2026-au-matmut-stadium\" target=\"_blank\" rel=\"noopener\"><strong>Dj Snake<\/strong> (le 27)<\/a>. Du beau monde aussi au Printemps de P\u00e9rouges (qui n\u2019est plus au printemps ni \u00e0 P\u00e9rouges, du 23 au 28\u00a0juin\u00a0: Lenny Kravitz, Louane\u2026 ). On salive aussi d\u00e9j\u00e0 \u00e0 l\u2019id\u00e9e de f\u00eater les 10 ans du <strong> Lyon street food festival <\/strong> (du 11 au 14 aux Grandes Locos).<\/p>\n<p class=\"note\"><strong>Et aussi\u00a0: <\/strong> Doja Cat (le 6\u00a0juin \u00e0 la LDLC).<\/p>\n<p>    &#13;<br \/>\n    &#13;<br \/>\n    &#13;<br \/>\n    <a href=\"https:\/\/cdn-s-www.leprogres.fr\/images\/a63d2c93-5efe-4c48-86b1-37868fe138b6\/NW_raw\/scorpions-au-printemps-de-perouges-dans-l-ain-en-2018-photo-d-archives-progres-1767896949.jpg\" title=\"Scorpions au Printemps de P\u00e9rouges dans l\u2019Ain en 2018. \u00a0 Photo d\u2019archives Progr\u00e8s\" class=\"chocolat-image GA-tracking\" data-ga_type=\"click\" data-ga_category=\"D\u00e9tail\" data-ga_action=\"zoomer\" data-ga_label=\"aggrandir image\" target=\"_blank\" rel=\"noopener\">&#13;<br \/>\n        <img src=\"https:\/\/www.europesays.com\/fr\/wp-content\/uploads\/2026\/01\/scorpions-au-printemps-de-perouges-dans-l-ain-en-2018-photo-d-archives-progres-1767896949.jpg\"   alt=\"Scorpions au Printemps de P\u00e9rouges dans l\u2019Ain en 2018. \u00a0 Photo d\u2019archives Progr\u00e8s\" fetchpriority=\"high\" decoding=\"async\" data-mobile=\"NW_listA_M|1767896949\" data-base=\"NW_listA|1767896949\"\/>&#13;<br \/>\n    <\/a>&#13;<\/p>\n<p> Scorpions au Printemps de P\u00e9rouges dans l\u2019Ain en 2018. \u00a0 Photo d\u2019archives Progr\u00e8s <\/p>\n<p>Outre les festivals estivaux (Divine Comedy aux Nuits de Fourvi\u00e8re le 23, <strong>Sting \u00e0 Vienne<\/strong> le 28), deux grands concerts sont annonc\u00e9s \u00e0 la LDLC Arena (en int\u00e9rieur)\u00a0: <strong>One Republic<\/strong> (le 7) et le retour du groupe l\u00e9gendaire <strong>Scorpions<\/strong>, qu\u2019on aime toujours des d\u00e9cennies apr\u00e8s (le 14).<\/p>\n<p><a href=\"https:\/\/www.leprogres.fr\/culture-loisirs\/2025\/12\/10\/c-est-vraiment-fini-pour-woodstower-le-festival-place-en-liquidation-judiciaire\" target=\"_blank\" rel=\"noopener\">Une pens\u00e9e pour le Festival Woodstower<\/a> qui n\u2019aura pas lieu cet \u00e9t\u00e9\u00a0: apr\u00e8s plusieurs sursis, il a \u00e9t\u00e9 plac\u00e9 en liquidation judiciaire fin 2025.<\/p>\n<p>Ao\u00fbt<\/p>\n<p>Pas de \u00ab\u00a0gros\u00a0\u00bb \u00e9v\u00e9nement (pour l\u2019instant), mais des festivals locaux et des rendez-vous sur les diff\u00e9rents territoires, la tourn\u00e9e de la R\u00e9gion des Lumi\u00e8res dans les d\u00e9partements et le lancement des <strong>Musicales du Parc des Oiseaux<\/strong> de Villars-les-Dombes (Ain, \u00e0 moins d\u2019une heure de Lyon, du 28\u00a0ao\u00fbt au 13\u00a0septembre) avec, entre autres Calogero et Helena.<\/p>\n<p>Septembre\u00a02026<\/p>\n<p>C\u2019est la rentr\u00e9e et, comme tous les deux ans, le retour de la <strong>Biennale d\u2019art contemporain<\/strong>. La 18 e \u00e9dition est annonc\u00e9e du 19\u00a0septembre au 3\u00a0janvier 2027.<\/p>\n<p>Octobre\u00a02026<\/p>\n<p>En octobre, rendez-vous au cin\u00e9ma. <strong>Le Festival de cin\u00e9ma Lumi\u00e8re<\/strong> n\u2019a pas encore annonc\u00e9 qui sera son invit\u00e9 d\u2019honneur, le Prix Lumi\u00e8re qui succ\u00e9dera au r\u00e9alisateur Michael Mann (il faut en g\u00e9n\u00e9ral attendre l\u2019\u00e9t\u00e9) mais a d\u00e9voil\u00e9 ses dates\u00a0: du 10 au 18\u00a0octobre.<\/p>\n<p>    &#13;<br \/>\n    &#13;<br \/>\n    &#13;<br \/>\n    <a href=\"https:\/\/cdn-s-www.leprogres.fr\/images\/c0db050b-7aa8-4422-9966-7743c23e54df\/NW_raw\/vanessa-paradis-aux-nuits-de-fourviere-photo-d-archives-stephane-guiochon-1767867747.jpg\" title=\"Vanessa Paradis aux Nuits de Fourvi\u00e8re. \u00a0 Photo d\u2019archives St\u00e9phane Guiochon\" class=\"chocolat-image GA-tracking\" data-ga_type=\"click\" data-ga_category=\"D\u00e9tail\" data-ga_action=\"zoomer\" data-ga_label=\"aggrandir image\" target=\"_blank\" rel=\"noopener\">&#13;<br \/>\n        <img src=\"https:\/\/www.europesays.com\/fr\/wp-content\/uploads\/2026\/01\/vanessa-paradis-aux-nuits-de-fourviere-photo-d-archives-stephane-guiochon-1767867747.jpg\"   alt=\"Vanessa Paradis aux Nuits de Fourvi\u00e8re. \u00a0 Photo d\u2019archives St\u00e9phane Guiochon\" fetchpriority=\"high\" decoding=\"async\" data-mobile=\"NW_listA_M|1767867747\" data-base=\"NW_listA|1767867747\"\/>&#13;<br \/>\n    <\/a>&#13;<\/p>\n<p> Vanessa Paradis aux Nuits de Fourvi\u00e8re. \u00a0 Photo d\u2019archives St\u00e9phane Guiochon <\/p>\n<p>Pour ceux qui l\u2019auront rat\u00e9e \u00e0 Fourvi\u00e8re, <strong><a href=\"https:\/\/www.leprogres.fr\/p\/vanessa-paradis\" target=\"_blank\" rel=\"noopener\">Vanessa Paradis<\/a><\/strong> revient en novembre (le 14) \u00e0 la LDLC Arena. Elle \u00ab\u00a0chauffera\u00a0\u00bb la sc\u00e8ne \u00e0 <strong>Deep Purple<\/strong> , qui sera l\u00e0 le lendemain (le 15).<\/p>\n<p>D\u00e9cembre<\/p>\n<p>On en sort tout juste mais ce sera le retour des f\u00eates, \u00e0 commencer par la plus lyonnaise d\u2019entre elles, <strong>la F\u00eate des Lumi\u00e8res<\/strong> (si les \u00ab\u00a0calculs\u00a0\u00bb sont faits comme d\u2019habitude, elle devrait avoir lieu du samedi\u00a05 au mardi\u00a08).<\/p>\n<p>Des concerts sont d\u00e9j\u00e0 annonc\u00e9s\u00a0: <strong>Eric Serra<\/strong> rejouera ses grandes musiques de films en live (le 2 \u00e0 la LDLC Arena) avant le ph\u00e9nom\u00e8ne mondial de <strong> K-Pop Forever <\/strong>(le 27), dont la billetterie a ouvert un an \u00e0 l\u2019avance. Tr\u00e8s attendu aussi (et objet de plusieurs adaptations), le spectacle musical <strong>Monte-Cristo<\/strong> (les 4 et 5, dans la m\u00eame salle).<\/p>\n","protected":false},"excerpt":{"rendered":"Que nous r\u00e9serve 2026\u00a0? Sur le plan culturel, loisirs, concerts et sorties, beaucoup de choses \u00e0 Lyon et&hellip;\n","protected":false},"author":2,"featured_media":650722,"comment_status":"","ping_status":"","sticky":false,"template":"","format":"standard","meta":{"footnotes":""},"categories":[1889],"tags":[1111,11,2430,1687,3152,2757,1777,674,3326,107,1685,1011,27,2428,2756,12,25,3151,3140],"class_list":{"0":"post-650721","1":"post","2":"type-post","3":"status-publish","4":"format-standard","5":"has-post-thumbnail","7":"category-lyon","8":"tag-actu","9":"tag-actualites","10":"tag-auvergne-rhone-alpes","11":"tag-culture-loisirs","12":"tag-edition-est-lyonnais","13":"tag-edition-lyon-villeurbanne","14":"tag-eu","15":"tag-europe","16":"tag-fete-locale","17":"tag-fil-info","18":"tag-foire-et-salon","19":"tag-fr","20":"tag-france","21":"tag-lyon","22":"tag-lyon-bassin","23":"tag-news","24":"tag-republique-francaise","25":"tag-selection-de-la-redaction-69","26":"tag-spectacle"},"share_on_mastodon":{"url":"https:\/\/pubeurope.com\/@fr\/115862734607313500","error":""},"_links":{"self":[{"href":"https:\/\/www.europesays.com\/fr\/wp-json\/wp\/v2\/posts\/650721","targetHints":{"allow":["GET"]}}],"collection":[{"href":"https:\/\/www.europesays.com\/fr\/wp-json\/wp\/v2\/posts"}],"about":[{"href":"https:\/\/www.europesays.com\/fr\/wp-json\/wp\/v2\/types\/post"}],"author":[{"embeddable":true,"href":"https:\/\/www.europesays.com\/fr\/wp-json\/wp\/v2\/users\/2"}],"replies":[{"embeddable":true,"href":"https:\/\/www.europesays.com\/fr\/wp-json\/wp\/v2\/comments?post=650721"}],"version-history":[{"count":0,"href":"https:\/\/www.europesays.com\/fr\/wp-json\/wp\/v2\/posts\/650721\/revisions"}],"wp:featuredmedia":[{"embeddable":true,"href":"https:\/\/www.europesays.com\/fr\/wp-json\/wp\/v2\/media\/650722"}],"wp:attachment":[{"href":"https:\/\/www.europesays.com\/fr\/wp-json\/wp\/v2\/media?parent=650721"}],"wp:term":[{"taxonomy":"category","embeddable":true,"href":"https:\/\/www.europesays.com\/fr\/wp-json\/wp\/v2\/categories?post=650721"},{"taxonomy":"post_tag","embeddable":true,"href":"https:\/\/www.europesays.com\/fr\/wp-json\/wp\/v2\/tags?post=650721"}],"curies":[{"name":"wp","href":"https:\/\/api.w.org\/{rel}","templated":true}]}}