{"id":650723,"date":"2026-01-09T02:16:11","date_gmt":"2026-01-09T02:16:11","guid":{"rendered":"https:\/\/www.europesays.com\/fr\/650723\/"},"modified":"2026-01-09T02:16:11","modified_gmt":"2026-01-09T02:16:11","slug":"une-enquete-ouverte-pour-meurtre-raciste-ou-religieux-apres-la-decouverte-dun-cadavre","status":"publish","type":"post","link":"https:\/\/www.europesays.com\/fr\/650723\/","title":{"rendered":"une enqu\u00eate ouverte pour meurtre raciste ou religieux apr\u00e8s la d\u00e9couverte d\u2019un cadavre"},"content":{"rendered":"<p>\n    Un suspect de 21 ans a \u00e9t\u00e9 plac\u00e9 en garde \u00e0 vue mardi, apr\u00e8s que le corps d\u2019un homme a \u00e9t\u00e9 rep\u00e9r\u00e9 dans un \u00e9tang sur une petite commune au sud de Lyon.<\/p>\n<p class=\"fig-paragraph\">Le cadavre d\u2019un homme maghr\u00e9bin de 20 ans a \u00e9t\u00e9 d\u00e9couvert dans un \u00e9tang pr\u00e8s de\u00a0<a href=\"https:\/\/www.lefigaro.fr\/lyon\" target=\"_blank\" data-fig-type=\"Section\" rel=\"sponsored noopener\" data-gtm-custom-categorie=\"navigation\" data-gtm-custom-action=\"crossclick\" data-gtm-custom-label=\"Contextuel\" data-gtm-event=\"customEventSPE\" data-fig-domain=\"LEFIGARO\">Lyon<\/a>\u00a0et un suspect plac\u00e9 en garde \u00e0 vue dans une enqu\u00eate pour meurtre \u00aben raison de la race, l&rsquo;ethnie, la nation ou la religion\u00bb, a annonc\u00e9 le parquet jeudi \u00e0 l&rsquo;AFP. Il n\u2019a livr\u00e9 aucun d\u00e9tail sur les identit\u00e9s ou nationalit\u00e9s du suspect et de la victime, sinon que cette derni\u00e8re \u00e9tait un \u00abMaghr\u00e9bin\u00bb.<\/p>\n<p class=\"fig-paragraph\">Le corps du jeune homme avait \u00e9t\u00e9 rep\u00e9r\u00e9 mardi matin par des promeneurs sous une fine couche de glace dans l&rsquo;\u00e9tang du Prin, sur la petite commune de Loire-sur-Rh\u00f4ne (Rh\u00f4ne), \u00e0 une dizaine de kilom\u00e8tres au sud de Lyon, avait r\u00e9v\u00e9l\u00e9 le Progr\u00e8s. Le quotidien assurait aussi qu&rsquo;un suspect s&rsquo;\u00e9tait ensuite livr\u00e9 dans un commissariat.<\/p>\n<p>                                            <a class=\"fig-a11y-skip\" href=\"#fig-a11y-skip-main-inarticle\" data-module=\"a11y-skip\" data-context=\"was @visible\"><br \/>\n    Passer la publicit\u00e9<br \/>\n<\/a>            <\/p>\n<p class=\"fig-paragraph\">Le m\u00eame jour que la d\u00e9couverte macabre, \u00abun homme \u00e2g\u00e9 de 21 ans a \u00e9t\u00e9 plac\u00e9 en garde \u00e0 vue\u00bb, a confirm\u00e9 jeudi le parquet \u00e0 l&rsquo;AFP, sans plus de d\u00e9tail sur ce suspect.<\/p>\n<p class=\"fig-paragraph\">\u00abUne information judiciaire du chef de meurtre commis en raison de la race, l&rsquo;ethnie, la nation ou la religion\u00bb a \u00e9t\u00e9 ouverte jeudi et l&rsquo;homme en garde \u00e0 vue \u00absera pr\u00e9sent\u00e9 \u00e0 un juge d&rsquo;instruction\u00bb, conclut le parquet qui entend requ\u00e9rir son \u00abplacement en d\u00e9tention provisoire\u00bb.<\/p>\n","protected":false},"excerpt":{"rendered":"Un suspect de 21 ans a \u00e9t\u00e9 plac\u00e9 en garde \u00e0 vue mardi, apr\u00e8s que le corps d\u2019un&hellip;\n","protected":false},"author":2,"featured_media":650724,"comment_status":"","ping_status":"","sticky":false,"template":"","format":"standard","meta":{"footnotes":""},"categories":[1889],"tags":[1111,11,5273,2430,5299,5272,5312,5296,5285,1777,674,5293,1011,27,5303,5311,5301,5279,5275,5313,5276,5300,5302,5280,5298,5281,5306,5305,5308,5309,5284,5294,5297,5269,5271,5268,5270,5267,2428,5295,5307,5277,5304,5283,12,978,5274,25,2431,5314,5288,5292,5289,5291,5290,5315,5282,5286,5310,5287,5278],"class_list":{"0":"post-650723","1":"post","2":"type-post","3":"status-publish","4":"format-standard","5":"has-post-thumbnail","7":"category-lyon","8":"tag-actu","9":"tag-actualites","10":"tag-ainay","11":"tag-auvergne-rhone-alpes","12":"tag-bellecombe","13":"tag-bellecour","14":"tag-champvert-nord","15":"tag-champvert-sud","16":"tag-clos-jouve","17":"tag-eu","18":"tag-europe","19":"tag-fourviere","20":"tag-fr","21":"tag-france","22":"tag-gerland","23":"tag-gorge-de-loup","24":"tag-jean-mace","25":"tag-la-buire","26":"tag-la-confluence","27":"tag-la-duchere","28":"tag-la-guillotiere-nord-prefecture","29":"tag-la-guillotiere-sud","30":"tag-la-mouche","31":"tag-la-part-dieu","32":"tag-la-tete-dor","33":"tag-la-villette","34":"tag-laennec","35":"tag-le-bachut","36":"tag-le-grand-trou","37":"tag-le-moulin-a-vent","38":"tag-le-plateau-de-la-croix-rousse","39":"tag-le-point-du-jour","40":"tag-les-brotteaux","41":"tag-les-chartreux","42":"tag-les-cordeliers","43":"tag-les-pentes-de-la-croix-rousse","44":"tag-les-terreaux","45":"tag-les-traboules","46":"tag-lyon","47":"tag-menival","48":"tag-mermoz","49":"tag-moncey","50":"tag-monplaisir","51":"tag-montchat","52":"tag-news","53":"tag-olympique-lyonnais","54":"tag-perrache","55":"tag-republique-francaise","56":"tag-rhone-alpes","57":"tag-rochecardon-industrie","58":"tag-saint-georges","59":"tag-saint-irenee","60":"tag-saint-jean","61":"tag-saint-just","62":"tag-saint-paul","63":"tag-saint-rambert-lile-barbe","64":"tag-sans-souci-dauphine","65":"tag-serin-saint-charles","66":"tag-vaise","67":"tag-vieux-lyon","68":"tag-voltaire"},"share_on_mastodon":{"url":"","error":""},"_links":{"self":[{"href":"https:\/\/www.europesays.com\/fr\/wp-json\/wp\/v2\/posts\/650723","targetHints":{"allow":["GET"]}}],"collection":[{"href":"https:\/\/www.europesays.com\/fr\/wp-json\/wp\/v2\/posts"}],"about":[{"href":"https:\/\/www.europesays.com\/fr\/wp-json\/wp\/v2\/types\/post"}],"author":[{"embeddable":true,"href":"https:\/\/www.europesays.com\/fr\/wp-json\/wp\/v2\/users\/2"}],"replies":[{"embeddable":true,"href":"https:\/\/www.europesays.com\/fr\/wp-json\/wp\/v2\/comments?post=650723"}],"version-history":[{"count":0,"href":"https:\/\/www.europesays.com\/fr\/wp-json\/wp\/v2\/posts\/650723\/revisions"}],"wp:featuredmedia":[{"embeddable":true,"href":"https:\/\/www.europesays.com\/fr\/wp-json\/wp\/v2\/media\/650724"}],"wp:attachment":[{"href":"https:\/\/www.europesays.com\/fr\/wp-json\/wp\/v2\/media?parent=650723"}],"wp:term":[{"taxonomy":"category","embeddable":true,"href":"https:\/\/www.europesays.com\/fr\/wp-json\/wp\/v2\/categories?post=650723"},{"taxonomy":"post_tag","embeddable":true,"href":"https:\/\/www.europesays.com\/fr\/wp-json\/wp\/v2\/tags?post=650723"}],"curies":[{"name":"wp","href":"https:\/\/api.w.org\/{rel}","templated":true}]}}