{"id":650725,"date":"2026-01-09T02:18:15","date_gmt":"2026-01-09T02:18:15","guid":{"rendered":"https:\/\/www.europesays.com\/fr\/650725\/"},"modified":"2026-01-09T02:18:15","modified_gmt":"2026-01-09T02:18:15","slug":"quels-trains-sont-supprimes-jeudi-et-vendredi","status":"publish","type":"post","link":"https:\/\/www.europesays.com\/fr\/650725\/","title":{"rendered":"quels trains sont supprim\u00e9s jeudi et vendredi\u00a0?"},"content":{"rendered":"<p>                    Par<br \/>\n        <strong><br \/>\n            <a href=\"https:\/\/actu.fr\/auteur\/audrey-gruaz\" title=\"Consulter tous les articles de Audrey Gruaz\" target=\"_blank\" rel=\"noopener\">Audrey Gruaz<\/a><br \/>\n                    <\/strong><\/p>\n<p>        Publi\u00e9 le<\/p>\n<p>            8 janv. 2026 \u00e0 15h37        <\/p>\n<p>Apr\u00e8s avoir gal\u00e9r\u00e9 pendant deux jours \u00e0 cause des fortes chutes de neige, les habitants de la <a href=\"https:\/\/actu.fr\/ile-de-france\/seine-et-marne_77\" target=\"_blank\" rel=\"noopener\">Seine-et-Marne<\/a> vont \u00e0 nouveau \u00eatre confront\u00e9s \u00e0 des <b>difficult\u00e9s de d\u00e9placement<\/b> jeudi\u00a08 et vendredi 9\u00a0janvier 2026.<\/p>\n<p class=\" wall-content\">La <a href=\"https:\/\/actu.fr\/tag\/tempete-goretti\" target=\"_blank\" rel=\"noopener\">temp\u00eate Goretti<\/a> va toucher notre d\u00e9partement en fin de journ\u00e9e, avec des <a href=\"https:\/\/actu.fr\/meteo\/tempete-goretti-des-rafales-de-vent-jusqua-100-km-h-en-seine-et-marne-la-vigilance-orange-declenchee_63669104.html\" target=\"_blank\" rel=\"noopener\">vents extr\u00eamement violents<\/a>, pouvant atteindre les <b>100\u00a0km\/h<\/b>. Par mesure de pr\u00e9caution, <b>Ile-de-France Mobilit\u00e9s<\/b>, l\u2019autorit\u00e9 r\u00e9gulatrice des transports dans la r\u00e9gion francilienne, a d\u00e9cid\u00e9 de <b>suspendre le trafic sur plusieurs lignes de Transilien et de RER<\/b>.<\/p>\n<p>Des trains supprim\u00e9s d\u00e8s 23\u2009h, jeudi<\/p>\n<p class=\" wall-content\">En Seine-et-Marne, <a href=\"https:\/\/www.transilien.com\/#icv-P-4961c013-985e-45f8-9136-ae60d62958e1\" target=\"_blank\" rel=\"noopener\">la ligne P<\/a> est d\u2019ores et d\u00e9j\u00e0 concern\u00e9e. On fait le point sur les trains supprim\u00e9s entre jeudi 8\u00a0janvier et vendredi 9\u00a0janvier\u2009:<\/p>\n<ul class=\" wall-content\">\n<li>\n<p>Entre Paris-Est et Meaux, de 23h \u00e0 7h<\/p>\n<\/li>\n<li>\n<p>Entre Paris-Est et Ch\u00e2teau-Thierry, de 23h \u00e0 8h<\/p>\n<\/li>\n<li>\n<p>Entre Paris-Est et La Fert\u00e9-Milon, de 23h \u00e0 10h<\/p>\n<\/li>\n<li>\n<p>Entre Paris-Est et Coulommiers, de 23h \u00e0 10h<\/p>\n<\/li>\n<li>\n<p>Entre Paris-Est et Provins, de 23h \u00e0 10h<\/p>\n<\/li>\n<\/ul>\n<p class=\" wall-content\">Les bus de substitution travaux sont maintenus pour jeudi soir, sous r\u00e9serve de l\u2019\u00e9volution de la situation.<\/p>\n<p class=\" wall-content\">Sur le <b>RER D,<\/b> le\u00a0trafic sera totalement interrompu vendredi 9\u00a0janvier jusqu\u2019\u00e0 environ 9h, sur les axes suivants\u2009:<\/p>\n<p>Vid\u00e9os : en ce moment sur Actu<\/p>\n<ul class=\" wall-content\">\n<li>Corbeil-Essonnes \/ Juvisy via Ris-Orangis<\/li>\n<li>Corbeil-Essonnes \/ Melun<\/li>\n<li>Corbeil-Essonnes \/ Malesherbes<\/li>\n<\/ul>\n<p class=\" wall-content\">Par ailleurs, <a href=\"https:\/\/www.transilien.com\/#icv-D-63e855c6-3ba6-4fa1-b295-fd314a815493\" target=\"_blank\" rel=\"noopener\">le trafic de la ligne D<\/a> risque d\u2019\u00eatre perturb\u00e9 du jeudi 8\u00a0janvier 18h au vendredi 9\u00a0janvier 12h.<\/p>\n<p>Votre r\u00e9gion, votre actu !<\/p>\n<p>Recevez chaque jour les infos qui comptent pour vous.<\/p>\n<p>\t<a href=\"https:\/\/actu.fr\/newsletter\" class=\"ac-btn ac-btn--corner ac-btn--medium ac-btn--blue800\" target=\"_blank\" rel=\"noopener\">S&rsquo;incrire<\/a><\/p>\n<p class=\" wall-content\">Vendredi, le retour \u00e0 la normale sera progressif, des ralentissements, des modifications de parcours ou des suppressions sont \u00e0 pr\u00e9voir, pr\u00e9vient IDFM qui recommande de reporter son voyage, dans la mesure du possible.<\/p>\n<p class=\" wall-content\">Avant de vous rendre en gare, vendredi, il convient de v\u00e9rifier si votre train circule sur le site <a href=\"https:\/\/www.transilien.com\/\" target=\"_blank\" rel=\"noopener\">Transilien.com<\/a>, <a href=\"https:\/\/www.sncf-connect.com\/\" target=\"_blank\" rel=\"noopener\">SNCF Connect<\/a> ou votre appli de mobilit\u00e9.<\/p>\n<p class=\" wall-content\">Personnalisez votre actualit\u00e9 en ajoutant vos villes et m\u00e9dias en favori avec <a href=\"https:\/\/moncompte.actu.fr\" title=\"D\u00e9couvez Mon Actu\" rel=\"nofollow noopener\" data-trk=\"{&quot;cta&quot;:{&quot;action&quot;:&quot;https:\\\/\\\/moncompte.actu.fr&quot;,&quot;category&quot;:&quot;mon compte&quot;,&quot;from&quot;:&quot;article footer&quot;,&quot;name&quot;:&quot;Mon actu&quot;,&quot;type&quot;:&quot;cta&quot;}}\" target=\"_blank\">Mon Actu<\/a>.<\/p>\n","protected":false},"excerpt":{"rendered":"Par Audrey Gruaz Publi\u00e9 le 8 janv. 2026 \u00e0 15h37 Apr\u00e8s avoir gal\u00e9r\u00e9 pendant deux jours \u00e0 cause&hellip;\n","protected":false},"author":2,"featured_media":650726,"comment_status":"","ping_status":"","sticky":false,"template":"","format":"standard","meta":{"footnotes":""},"categories":[1592],"tags":[1111,11,1777,674,1011,27,662,49693,12,626,25,7759,104,75296],"class_list":{"0":"post-650725","1":"post","2":"type-post","3":"status-publish","4":"format-standard","5":"has-post-thumbnail","7":"category-ile-de-france","8":"tag-actu","9":"tag-actualites","10":"tag-eu","11":"tag-europe","12":"tag-fr","13":"tag-france","14":"tag-ile-de-france","15":"tag-ligne-p","16":"tag-news","17":"tag-paris","18":"tag-republique-francaise","19":"tag-rer-d","20":"tag-societe","21":"tag-tempete-goretti"},"share_on_mastodon":{"url":"https:\/\/pubeurope.com\/@fr\/115862746127508832","error":""},"_links":{"self":[{"href":"https:\/\/www.europesays.com\/fr\/wp-json\/wp\/v2\/posts\/650725","targetHints":{"allow":["GET"]}}],"collection":[{"href":"https:\/\/www.europesays.com\/fr\/wp-json\/wp\/v2\/posts"}],"about":[{"href":"https:\/\/www.europesays.com\/fr\/wp-json\/wp\/v2\/types\/post"}],"author":[{"embeddable":true,"href":"https:\/\/www.europesays.com\/fr\/wp-json\/wp\/v2\/users\/2"}],"replies":[{"embeddable":true,"href":"https:\/\/www.europesays.com\/fr\/wp-json\/wp\/v2\/comments?post=650725"}],"version-history":[{"count":0,"href":"https:\/\/www.europesays.com\/fr\/wp-json\/wp\/v2\/posts\/650725\/revisions"}],"wp:featuredmedia":[{"embeddable":true,"href":"https:\/\/www.europesays.com\/fr\/wp-json\/wp\/v2\/media\/650726"}],"wp:attachment":[{"href":"https:\/\/www.europesays.com\/fr\/wp-json\/wp\/v2\/media?parent=650725"}],"wp:term":[{"taxonomy":"category","embeddable":true,"href":"https:\/\/www.europesays.com\/fr\/wp-json\/wp\/v2\/categories?post=650725"},{"taxonomy":"post_tag","embeddable":true,"href":"https:\/\/www.europesays.com\/fr\/wp-json\/wp\/v2\/tags?post=650725"}],"curies":[{"name":"wp","href":"https:\/\/api.w.org\/{rel}","templated":true}]}}