{"id":650739,"date":"2026-01-09T02:25:13","date_gmt":"2026-01-09T02:25:13","guid":{"rendered":"https:\/\/www.europesays.com\/fr\/650739\/"},"modified":"2026-01-09T02:25:13","modified_gmt":"2026-01-09T02:25:13","slug":"deux-personnes-blessees-par-des-tirs-de-la-police-aux-frontieres-a-portland-dans-un-contexte-tres-tendu-aux-etats-unis","status":"publish","type":"post","link":"https:\/\/www.europesays.com\/fr\/650739\/","title":{"rendered":"Deux personnes bless\u00e9es par des tirs de la police aux fronti\u00e8res \u00e0 Portland, dans un contexte tr\u00e8s tendu aux \u00c9tats-Unis"},"content":{"rendered":"<p>Cet incident survient quelques heures apr\u00e8s qu&rsquo;une femme a \u00e9t\u00e9 abattue \u00e0 Minneapolis par un autre agent de la police de l&rsquo;immigration, suscitant d&rsquo;importantes manifestations.<\/p>\n<p>Deux personnes ont \u00e9t\u00e9 bless\u00e9es ce jeudi 7 janvier par des tirs de policiers f\u00e9d\u00e9raux \u00e0 Portland, a annonc\u00e9 la police de cette ville de l&rsquo;Oregon (ouest), un incident susceptible d&rsquo;alimenter les tensions aux Etats-Unis, o\u00f9 une femme a \u00e9t\u00e9 tu\u00e9e la veille \u00e0 Minneapolis par un autre agent f\u00e9d\u00e9ral.<\/p>\n<blockquote class=\"embed embed_quote\"><p>\u00ab\u00a0Deux personnes ont \u00e9t\u00e9 hospitalis\u00e9es \u00e0 la suite d&rsquo;une fusillade impliquant des agents f\u00e9d\u00e9raux\u00a0\u00bb, a expliqu\u00e9 la police municipale dans un communiqu\u00e9.<\/p><\/blockquote>\n<p>L&rsquo;antenne locale du FBI a bri\u00e8vement annonc\u00e9 enqu\u00eater sur l&rsquo;action d&rsquo;agents de la police aux fronti\u00e8res (CBP), dans un message sur X, avant de retirer sa publication quelques minutes plus tard. L&rsquo;\u00e9tat des victimes, un homme et une femme, reste \u00ab\u00a0inconnu\u00a0\u00bb, selon la police de Portland.<\/p>\n<p>Une femme tu\u00e9e \u00e0 Minneapolis ce mercredi<\/p>\n<p>Cette nouvelle fusillade impliquant des agents f\u00e9d\u00e9raux survient juste apr\u00e8s la mort d&rsquo;<a href=\"https:\/\/www.bfmtv.com\/international\/amerique-nord\/etats-unis\/elle-a-pris-soin-des-autres-toute-sa-vie-qui-etait-renee-nicole-good-la-femme-tuee-par-un-policier-de-l-immigration-a-minneapolis_AD-202601080606.html\" title=\"&quot;Elle a pris soin des autres toute sa vie&quot;: qui \u00e9tait Renee Nicole Good, la femme tu\u00e9e par un policier de l&#039;immigration \u00e0 Minneapolis?\" class=\"internal_link\" target=\"_blank\" rel=\"noopener\">une femme de 37 ans<\/a> \u00e0 Minneapolis la veille, tu\u00e9e par un agent de la police de l&rsquo;immigration (ICE). <a href=\"https:\/\/www.bfmtv.com\/international\/amerique-nord\/etats-unis\/des-centaines-de-personnes-manifestent-a-minneapolis-apres-la-mort-d-une-femme-tuee-par-un-policier-de-l-immigration_AD-202601080766.html\" title=\"Des centaines de personnes manifestent \u00e0 Minneapolis apr\u00e8s la mort d&#039;une femme tu\u00e9e par un policier de l&#039;immigration\" class=\"internal_link\" target=\"_blank\" rel=\"noopener\">Sa mort a pouss\u00e9 des milliers de personnes \u00e0 descendre<\/a> dans la rue et provoque une vive pol\u00e9mique autour des instructions donn\u00e9es par l&rsquo;administration Trump aux forces de police charg\u00e9es de lutter contre l&rsquo;immigration.<\/p>\n<p><a href=\"https:\/\/www.bfmtv.com\/international\/amerique-nord\/etats-unis\/femme-tuee-par-un-agent-de-l-immigration-a-minneapolis-pour-j-d-vance-le-policier-a-agi-en-legitime-defense_AD-202601080918.html\" title=\"Femme tu\u00e9e par un agent de l&#039;immigration \u00e0 Minneapolis: pour J. D. Vance, le policier a agi &quot;en l\u00e9gitime d\u00e9fense&quot;\" class=\"internal_link\" target=\"_blank\" rel=\"noopener\">Le vice-pr\u00e9sident JD Vance<\/a> a d\u00e9fendu jeudi bec et ongles la th\u00e8se de la l\u00e9gitime d\u00e9fense dans le drame de Minneapolis, assurant que l&rsquo;agent impliqu\u00e9 a agi pour prot\u00e9ger sa vie et celle de ses coll\u00e8gues, alors que la victime tentait de les renverser en voiture.<\/p>\n<p><a href=\"https:\/\/www.bfmtv.com\/international\/amerique-nord\/etats-unis\/cassez-vous-indignation-a-minneapolis-apres-la-mort-d-une-femme-tuee-par-un-policier-de-l-immigration-en-operation_AD-202601080306.html\" title=\"&quot;Cassez-vous!&quot;: indignation \u00e0 Minneapolis apr\u00e8s la mort d&#039;une femme tu\u00e9e par un policier de l&#039;immigration en op\u00e9ration\" class=\"internal_link\" target=\"_blank\" rel=\"noopener\">Mais cette version est fermement contest\u00e9e par l&rsquo;opposition locale d\u00e9mocrate<\/a>, qui s&rsquo;appuie sur plusieurs vid\u00e9os montrant la femme \u00e0 bord d&rsquo;une voiture et le policier se tenant \u00e0 c\u00f4t\u00e9 du v\u00e9hicule.<\/p>\n<p>\u00ab\u00a0\u00c0 peine un jour apr\u00e8s les violences horribles commises par des agents f\u00e9d\u00e9raux dans le Minnesota, notre communaut\u00e9 ici \u00e0 Portland est d\u00e9sormais confront\u00e9e \u00e0 un autre incident profond\u00e9ment troublant\u00a0\u00bb, a d\u00e9plor\u00e9 le maire de Portland, Keith Wilson, dans un communiqu\u00e9.<\/p>\n<p>\u00ab\u00a0Nous ne pouvons rester les bras crois\u00e9s alors que les protections constitutionnelles s&rsquo;\u00e9rodent et que les effusions de sang se multiplient\u00a0\u00bb, a-t-il ajout\u00e9. \u00ab\u00a0Portland n&rsquo;est pas un &lsquo;terrain d&rsquo;entra\u00eenement&rsquo; pour les agents militaris\u00e9s, et la &lsquo;force totale&rsquo; brandie par l&rsquo;administration a des cons\u00e9quences mortelles.\u00a0\u00bb<\/p>\n<p>L&rsquo;\u00e9dile d\u00e9mocrate a appel\u00e9 l&rsquo;ICE \u00e0 \u00ab\u00a0mettre fin \u00e0 toutes ses op\u00e9rations \u00e0 Portland jusqu&rsquo;\u00e0 ce qu&rsquo;une enqu\u00eate approfondie puisse \u00eatre men\u00e9e\u00a0\u00bb. Il a \u00e9galement appel\u00e9 les habitants au \u00ab\u00a0calme\u00a0\u00bb, dans cette ville qui avait connu des manifestations violentes lors du premier mandat de Donald Trump.<\/p>\n","protected":false},"excerpt":{"rendered":"Cet incident survient quelques heures apr\u00e8s qu&rsquo;une femme a \u00e9t\u00e9 abattue \u00e0 Minneapolis par un autre agent de&hellip;\n","protected":false},"author":2,"featured_media":650740,"comment_status":"","ping_status":"","sticky":false,"template":"","format":"standard","meta":{"footnotes":""},"categories":[1589],"tags":[11,73,1866,12,1864,1865,1863,308],"class_list":{"0":"post-650739","1":"post","2":"type-post","3":"status-publish","4":"format-standard","5":"has-post-thumbnail","7":"category-etats-unis","8":"tag-actualites","9":"tag-etats-unis","10":"tag-etats-unis-damerique","11":"tag-news","12":"tag-united-states","13":"tag-united-states-of-america","14":"tag-us","15":"tag-usa"},"share_on_mastodon":{"url":"https:\/\/pubeurope.com\/@fr\/115862773693167135","error":""},"_links":{"self":[{"href":"https:\/\/www.europesays.com\/fr\/wp-json\/wp\/v2\/posts\/650739","targetHints":{"allow":["GET"]}}],"collection":[{"href":"https:\/\/www.europesays.com\/fr\/wp-json\/wp\/v2\/posts"}],"about":[{"href":"https:\/\/www.europesays.com\/fr\/wp-json\/wp\/v2\/types\/post"}],"author":[{"embeddable":true,"href":"https:\/\/www.europesays.com\/fr\/wp-json\/wp\/v2\/users\/2"}],"replies":[{"embeddable":true,"href":"https:\/\/www.europesays.com\/fr\/wp-json\/wp\/v2\/comments?post=650739"}],"version-history":[{"count":0,"href":"https:\/\/www.europesays.com\/fr\/wp-json\/wp\/v2\/posts\/650739\/revisions"}],"wp:featuredmedia":[{"embeddable":true,"href":"https:\/\/www.europesays.com\/fr\/wp-json\/wp\/v2\/media\/650740"}],"wp:attachment":[{"href":"https:\/\/www.europesays.com\/fr\/wp-json\/wp\/v2\/media?parent=650739"}],"wp:term":[{"taxonomy":"category","embeddable":true,"href":"https:\/\/www.europesays.com\/fr\/wp-json\/wp\/v2\/categories?post=650739"},{"taxonomy":"post_tag","embeddable":true,"href":"https:\/\/www.europesays.com\/fr\/wp-json\/wp\/v2\/tags?post=650739"}],"curies":[{"name":"wp","href":"https:\/\/api.w.org\/{rel}","templated":true}]}}