{"id":650763,"date":"2026-01-09T02:42:08","date_gmt":"2026-01-09T02:42:08","guid":{"rendered":"https:\/\/www.europesays.com\/fr\/650763\/"},"modified":"2026-01-09T02:42:08","modified_gmt":"2026-01-09T02:42:08","slug":"mazarine-pingeot-fille-de-francois-mitterrand-raconte-lhomme-de-lettres-jai-hesite-a-ecrire-ce-documentaire-la-provence","status":"publish","type":"post","link":"https:\/\/www.europesays.com\/fr\/650763\/","title":{"rendered":"Mazarine Pingeot, fille de Fran\u00e7ois Mitterrand, raconte l&#039;homme de lettres : &quot;J&#039;ai h\u00e9sit\u00e9 \u00e0 \u00e9crire ce documentaire&quot; &#8211; La Provence"},"content":{"rendered":"<ol>\n<li><a href=\"https:\/\/news.google.com\/rss\/articles\/CBMi-wFBVV95cUxNZGV1ZUNGMDUzbTRNSG1MME9XeW5lUl9PT0UxZ0NNV2xBSEVVZUVlMW03VXgtWktwcHdPX1o2U2h4dWdOTEtmbnFWWDJOOXJMZnZXU0VwNFJ4MmVURUI2cWNCX18xeEVRckoxUnlSOUhFQlcyTEhTeFVWRmFPY3hBUlk4Umt3TDlidlk5dWh4WW5DNDR4YTd0OVRxUWZ1bmVYMEx0MldKbjVuSC12SzdtUnlMaHZ3QjI4QWxjYXJQVlY3a0NVWFF5U3hNZUdzZjFRWEZCSDlfTXpfckpUUXdudjFXODNUVjZtaER1aUVIcXV5Vkl5U3BfUzNkQQ?oc=5\" target=\"_blank\" rel=\"noopener\">Mazarine Pingeot, fille de Fran\u00e7ois Mitterrand, raconte l&rsquo;homme de lettres : \u00ab\u00a0J&rsquo;ai h\u00e9sit\u00e9 \u00e0 \u00e9crire ce documentaire\u00a0\u00bb<\/a>&nbsp;&nbsp;La Provence<\/li>\n<li><a href=\"https:\/\/news.google.com\/rss\/articles\/CBMitwFBVV95cUxNbmFGQjhhZk5HOUlJRnhuLVAxOHJ2QWZGWFkyTWpCa0dXZjBWSllLOHBaVVJicWdVaVN0MXZqaG8zcENxQlhtNmEtbS1KRFAzak14WFdvdWtHQ0d3ak5iT1lkQUF1ZkJfd2dqQXh3U3NncGJUdGE1c0JCN1RsNks2dUNJSVZxT3NKY3FtZDY1VGRJdG5OZjBPSmFfeEk4cWJPUU9Oa3o2WE9JMU9pbVZGQThublAyU00?oc=5\" target=\"_blank\" rel=\"noopener\">Mitterrand, un h\u00e9ritage qui s\u2019efface \u00e0 gauche<\/a>&nbsp;&nbsp;Le Monde.fr<\/li>\n<li><a href=\"https:\/\/news.google.com\/rss\/articles\/CBMikgJBVV95cUxOWUIzSnJhRWNBY1hDMmdPUklaUlFWU1A4M1JuLUlTTE42R05RRWNlcDkyZEVuSjZqeVZXbDktSE13czBOZWxWakVraGJiOThDQnc3NXRPckhNWW1YaVNNY0k4bDFOb04wOXlPQnhfdmZvVk4xR2FfWEpTNjdhMEtXZHdpMFc4RDl1cEdXQ2lKaklENi11eWxrSlU2NWotMFpaM3lFNmJoaUh0OWZkeFZTYUFuelJsZ3NPUkJsVHF3b0Y2Q2ZreTVkS1dSRGZLQUNkbUY1b1dfS1MxWnlDX0Zlc0syYXB6c1ZiM2VaYXI5bkFiY1piMThhR0hsMzN4aVc1bkktOS1RUTlrTDQtVEduYk9B?oc=5\" target=\"_blank\" rel=\"noopener\">Pyramide du Louvre, BnF, arche de La D\u00e9fense&#8230; Comment vont les \u00ab\u00a0Grands travaux\u00a0\u00bb de Mitterrand, trente ans apr\u00e8s sa mort ?<\/a>&nbsp;&nbsp;Franceinfo<\/li>\n<li><a href=\"https:\/\/news.google.com\/rss\/articles\/CBMi3AFBVV95cUxOSG1PRFFma1Z1NFRabUNPSjZLR21kSVVLek5Xb0JGS0dJUXlQWEc2cUJJNzMzeGZUM3VIY05LQXBPXzNwcUtnOEV0QVEzeHYwd2YwanpmdXlycnoydFRrWnc0M2Zudm1zUG91WkxMVGFNTVNIZG00UzJMM21XeUFtSm5LSWZYVUx1QURZRFpweWVuRkcwbVRoUkZhbHVidzVyNGdzYWFvcEoxUkgtUnU0RFpDeVJCYnN2RDlaX3dJUW41R2FDUV9OTjBMLTMyeXBUR2ZDNW5rZ2hoTzhN?oc=5\" target=\"_blank\" rel=\"noopener\">EXCLUSIF &#8211; Dans les archives photos du Docteur Gubler, le m\u00e9decin personnel de Fran\u00e7ois Mitterrand<\/a>&nbsp;&nbsp;parismatch.com<\/li>\n<li><a href=\"https:\/\/news.google.com\/rss\/articles\/CBMiuwFBVV95cUxNSFlIWVN5Uks2WmJhVlQ5aHJYcUJINWlvZkFyZ1E1Nm8tZGdiR1lIcDZtU2VNeXFscHZrcE1XY1RKd2JUc2I2WHhpNzFic09QS1FrMkpDeFBfNDZpc0dDcC1iQXczVDdBTWNtNlhEVjVMNWE5ZnNUanN1UUNEZmpoZjJQVXR6X0xaaU9YYThRT2pQRDJPd19YeGxjbEZqRmR1dzhBY3hLZ045SGk2eTRpdWEyTjRvWUE5bkJN?oc=5\" target=\"_blank\" rel=\"noopener\">Faut-il r\u00e9\u00e9valuer le bilan de Fran\u00e7ois Mitterrand ? La r\u00e9ponse de deux historiens<\/a>&nbsp;&nbsp;Le Point<\/li>\n<\/ol>\n","protected":false},"excerpt":{"rendered":"Mazarine Pingeot, fille de Fran\u00e7ois Mitterrand, raconte l&rsquo;homme de lettres : \u00ab\u00a0J&rsquo;ai h\u00e9sit\u00e9 \u00e0 \u00e9crire ce documentaire\u00a0\u00bb&nbsp;&nbsp;La Provence&hellip;\n","protected":false},"author":2,"featured_media":395849,"comment_status":"","ping_status":"","sticky":false,"template":"","format":"standard","meta":{"footnotes":""},"categories":[1359],"tags":[58,59,1011,27,973],"class_list":{"0":"post-650763","1":"post","2":"type-post","3":"status-publish","4":"format-standard","5":"has-post-thumbnail","7":"category-people","8":"tag-divertissement","9":"tag-entertainment","10":"tag-fr","11":"tag-france","12":"tag-people"},"share_on_mastodon":{"url":"https:\/\/pubeurope.com\/@fr\/115862840842839647","error":""},"_links":{"self":[{"href":"https:\/\/www.europesays.com\/fr\/wp-json\/wp\/v2\/posts\/650763","targetHints":{"allow":["GET"]}}],"collection":[{"href":"https:\/\/www.europesays.com\/fr\/wp-json\/wp\/v2\/posts"}],"about":[{"href":"https:\/\/www.europesays.com\/fr\/wp-json\/wp\/v2\/types\/post"}],"author":[{"embeddable":true,"href":"https:\/\/www.europesays.com\/fr\/wp-json\/wp\/v2\/users\/2"}],"replies":[{"embeddable":true,"href":"https:\/\/www.europesays.com\/fr\/wp-json\/wp\/v2\/comments?post=650763"}],"version-history":[{"count":0,"href":"https:\/\/www.europesays.com\/fr\/wp-json\/wp\/v2\/posts\/650763\/revisions"}],"wp:featuredmedia":[{"embeddable":true,"href":"https:\/\/www.europesays.com\/fr\/wp-json\/wp\/v2\/media\/395849"}],"wp:attachment":[{"href":"https:\/\/www.europesays.com\/fr\/wp-json\/wp\/v2\/media?parent=650763"}],"wp:term":[{"taxonomy":"category","embeddable":true,"href":"https:\/\/www.europesays.com\/fr\/wp-json\/wp\/v2\/categories?post=650763"},{"taxonomy":"post_tag","embeddable":true,"href":"https:\/\/www.europesays.com\/fr\/wp-json\/wp\/v2\/tags?post=650763"}],"curies":[{"name":"wp","href":"https:\/\/api.w.org\/{rel}","templated":true}]}}