{"id":650782,"date":"2026-01-09T02:53:10","date_gmt":"2026-01-09T02:53:10","guid":{"rendered":"https:\/\/www.europesays.com\/fr\/650782\/"},"modified":"2026-01-09T02:53:10","modified_gmt":"2026-01-09T02:53:10","slug":"consistoire-les-cardinaux-choisissent-de-reflechir-a-la-synodalite-et-a-la-mission","status":"publish","type":"post","link":"https:\/\/www.europesays.com\/fr\/650782\/","title":{"rendered":"Consistoire: les cardinaux choisissent de r\u00e9fl\u00e9chir \u00e0 la synodalit\u00e9 et \u00e0 la mission"},"content":{"rendered":"<p>La premi\u00e8re session du Consistoire extraordinaire convoqu\u00e9 par le Pape a d\u00e9but\u00e9 ce mercredi 7 janvier. Environ 170 cardinaux \u00e9taient pr\u00e9sents \u00e0 son ouverture dans la salle du Synode, puis lors des travaux en groupes en salle Paul VI, selon la m\u00e9thode synodale du dialogue et de l&rsquo;\u00e9coute. Dans sa m\u00e9ditation, le cardinal Radcliffe a rappel\u00e9 que Dieu appelle \u00ab\u00e0 affronter avec v\u00e9rit\u00e9 et courage\u00bb les temp\u00eates. Le Pape a conclu la journ\u00e9e en affirmant avoir besoin de pouvoir compter sur les cardinaux.<\/p>\n<p><b>Salvatore Cernuzio \u2013 Cit\u00e9 du Vatican<\/b><\/p>\n<p>\u00c0 une \u00abnette majorit\u00e9\u00bb, les quelque 170 cardinaux r\u00e9unis pour le consistoire extraordinaire convoqu\u00e9 par le Pape L\u00e9on XIV au Vatican \u2013 le premier de son pontificat \u2013 ont vot\u00e9 en faveur de deux des quatre th\u00e8mes propos\u00e9s pour ces deux jours de travail: \u00abSynode et synodalit\u00e9\u00bb et \u00ab\u00c9vang\u00e9lisation et mission dans l&rsquo;\u00c9glise \u00e0 la lumi\u00e8re de l&rsquo;Evangelii gaudium\u00bb. Ils devaient n\u2019en choisir que deux pour des questions de temps et afin de garantir un meilleur approfondissement. La liturgie et la constitution apostolique Praedicate Evangelium sur la Curie romaine et son service aux \u00c9glises locales n\u2019ont pas \u00e9t\u00e9 des th\u00e8mes retenus prioritaires.<\/p>\n<p>\u00abUn sujet n&rsquo;exclut pas un autre\u00bb, a expliqu\u00e9 le directeur de la Salle de presse du Saint-Si\u00e8ge, Matteo Bruni, lors d&rsquo;un briefing en soir\u00e9e avec les journalistes. \u00abLe Pape a \u00e9t\u00e9 inform\u00e9 de l&rsquo;urgence ou de la n\u00e9cessit\u00e9 per\u00e7ue de certains th\u00e8mes\u00bb. En r\u00e9ponse aux questions des journalistes qui insistaient pour savoir pourquoi le th\u00e8me de la liturgie n&rsquo;avait pas \u00e9t\u00e9 inclus, Matteo Bruni a assur\u00e9 que les sujets \u00e9cart\u00e9s seront \u00ababord\u00e9s dans le cadre des autres th\u00e8mes choisis\u00bb.<\/p>\n<p><b>M\u00e9thodologie synodale<\/b> <\/p>\n<p>La synodalit\u00e9, n&rsquo;\u00e9tait pas seulement un des th\u00e8mes s\u00e9lectionn\u00e9s, ce fut \u00e9galement la m\u00e9thodologie mise en place pour les travaux de l&rsquo;apr\u00e8s-midi: dialogue et \u00e9coute, tous assis autour d&rsquo;une table circulaire, r\u00e9partis en 20 groupes selon la langue, avec des interventions d&rsquo;environ 3 minutes chacune. En somme, la proc\u00e9dure des deux derniers synodes sur la synodalit\u00e9. D&rsquo;ailleurs, \u00abla synodalit\u00e9 est le chemin que Dieu attend de l&rsquo;\u00c9glise du troisi\u00e8me mill\u00e9naire\u00bb, avait d\u00e9clar\u00e9 le Pape aux cardinaux \u00e0 l\u2019ouverture du consistoire en salle du Synode.<\/p>\n<p>    <img decoding=\"async\" src=\"data:image\/gif;base64,R0lGODlhAQABAIAAAAAAAP\/\/\/yH5BAEAAAAALAAAAAABAAEAAAIBRAA7\" data-original=\"https:\/\/www.vaticannews.va\/content\/dam\/vaticannews\/agenzie\/images\/srv\/2026\/01\/07\/2026-01-07-concistoro-straordinario\/1767808598880.jpg\/_jcr_content\/renditions\/cq5dam.thumbnail.cropped.750.422.jpeg\" alt=\"Les travaux dans la salle Paul VI.\" title=\"Les travaux dans la salle Paul VI.\"\/><\/p>\n<p>\n   Les travaux dans la salle Paul VI. \u00a0 (@Vatican Media)\n  <\/p>\n<p><b>Travaux en groupes\u00a0<\/b> <\/p>\n<p>Le consistoire s\u2019est en effet d\u00e9roul\u00e9 en plusieurs temps. D\u2019abord en salle du Synode pour la partie introductive, pr\u00e9sid\u00e9e par le cardinal \u00c1ngel Fern\u00e1ndez Artime, pro-pr\u00e9fet du dicast\u00e8re pour la Vie consacr\u00e9e, rythm\u00e9e par le chant du Veni Creator, la lecture d&rsquo;un passage du chapitre 6 de l&rsquo;\u00c9vangile de Marc, deux minutes de silence, un bref salut du cardinal Giovanni Battista Re, doyen du Coll\u00e8ge cardinalice, et la m\u00e9ditation du cardinal dominicain Timothy Radcliffe.<\/p>\n<p>Les cardinaux se sont ensuite rendus dans la salle Paul VI, vers 16h20 et jusqu&rsquo;\u00e0 18h, pour les travaux en groupe, auxquels le Souverain pontife n&rsquo;a pas particip\u00e9, revenant seulement pour \u00e9couter les rapports finaux. Pour des raisons de temps, seuls les secr\u00e9taires des neuf premiers groupes comprenant des cardinaux des \u00c9glises locales (ceux de la Curie, comme l&rsquo;a expliqu\u00e9 le Pape lui-m\u00eame, peuvent \u00eatre consult\u00e9s plus facilement) ont pu, en trois minutes, pr\u00e9senter le travail accompli et les raisons qui ont conduit au choix de deux des quatre th\u00e8mes. Les secr\u00e9taires des onze autres tables ont quant \u00e0 eux fourni uniquement les titres des th\u00e8mes choisis.<\/p>\n<p>Ce jeudi, la discussion et la r\u00e9flexion se poursuivront pendant la session matinale, pr\u00e9c\u00e9d\u00e9e d&rsquo;une messe \u00e0 l&rsquo;autel de la chaire de Saint-Pierre conc\u00e9l\u00e9br\u00e9e par le Pape avec les cardinaux. L&rsquo;apr\u00e8s-midi, se tiendront la troisi\u00e8me session de travail et la conclusion de cette journ\u00e9e et demie de r\u00e9flexion et de pri\u00e8re. Il n&rsquo;y aura pas de texte final, comme l&rsquo;a dit le Pape dans son discours, l&rsquo;objectif est d&rsquo;apprendre un style coll\u00e9gial et synodal pour \u00abtravailler ensemble\u00bb et \u00abcr\u00e9er quelque chose de nouveau\u00bb.<\/p>\n<p>     <a href=\"https:\/\/www.vaticannews.va\/fr\/pape\/news\/2026-01\/le-pape-leon-xiv-ouvre-le-consistoire-ecoute-synodalite.html\" title=\"\u00c0 l&#039;\u00e9coute, L\u00e9on XIV a ouvert le consistoire, proposant aux cardinaux de travailler ensemble\" target=\"_blank\" rel=\"noopener\"><\/p>\n<p>        <img decoding=\"async\" src=\"data:image\/gif;base64,R0lGODlhAQABAIAAAAAAAP\/\/\/yH5BAEAAAAALAAAAAABAAEAAAIBRAA7\" data-original=\"https:\/\/www.vaticannews.va\/content\/dam\/vaticannews\/agenzie\/images\/srv\/2026\/01\/07\/2026-01-07-concistoro-straordinario\/1767806801447.JPG\/_jcr_content\/renditions\/cq5dam.thumbnail.cropped.500.281.jpeg\" alt=\"\u00c0 l'\u00e9coute, L\u00e9on XIV a ouvert le consistoire, proposant aux cardinaux de travailler ensemble\"\/><\/p>\n<p>      <\/a><\/p>\n<p>\n      Le Pape a donn\u00e9 le coup d&rsquo;envoi des travaux du consistoire extraordinaire, le 7 janvier, au Vatican. Dans un discours aux membres du Coll\u00e8ge cardinalice, L\u00e9on XIV se dit \u00e0 &#8230;\n     <\/p>\n<p><b>Les mots de conclusion de L\u00e9on XIV<\/b> <\/p>\n<p>\u00abLe chemin est aussi important que la conclusion\u00bb, a r\u00e9affirm\u00e9 L\u00e9on XIV dans son discours de cl\u00f4ture, soulignant une fois de plus l&rsquo;importance de \u00abl&rsquo;exp\u00e9rience de coll\u00e9gialit\u00e9\u00bb pour chercher ensemble \u00e0 comprendre ce que le Saint-Esprit veut pour l&rsquo;\u00c9glise aujourd&rsquo;hui et demain. \u00abLe temps est tr\u00e8s court\u00bb, mais il est important, m\u00eame pour le Pape. \u00abJe ressens le besoin de compter sur vous. Vous avez appel\u00e9 ce serviteur \u00e0 cette mission, il est important que nous discernions ensemble\u00bb, a ajout\u00e9 L\u00e9on XIV, reprenant de larges passages de son hom\u00e9lie d&rsquo;hier pour la messe de la solennit\u00e9 de l&rsquo;\u00c9piphanie. Parmi ceux-ci, la question: \u00abY a-t-il de la vie dans notre \u00c9glise ?\u00bb. Une \u00ab\u00c9glise missionnaire\u00bb \u00abqui regarde au-del\u00e0 d&rsquo;elle-m\u00eame\u00bb et dont la raison d&rsquo;\u00eatre est d&rsquo;annoncer l&rsquo;\u00c9vangile.<\/p>\n<p>    <img decoding=\"async\" src=\"data:image\/gif;base64,R0lGODlhAQABAIAAAAAAAP\/\/\/yH5BAEAAAAALAAAAAABAAEAAAIBRAA7\" data-original=\"https:\/\/www.vaticannews.va\/content\/dam\/vaticannews\/agenzie\/images\/srv\/2026\/01\/07\/2026-01-07-concistoro-straordinario\/1767808601621.jpg\/_jcr_content\/renditions\/cq5dam.thumbnail.cropped.750.422.jpeg\" alt=\"Le Pape lors de son discours de cl\u00f4ture de la premi\u00e8re journ\u00e9e du consistoire..\" title=\"Le Pape lors de son discours de cl\u00f4ture de la premi\u00e8re journ\u00e9e du consistoire..\"\/><\/p>\n<p>\n   Le Pape lors de son discours de cl\u00f4ture de la premi\u00e8re journ\u00e9e du consistoire.. \u00a0 (@Vatican Media)\n  <\/p>\n<p><b>La m\u00e9ditation du cardinal Radcliffe<\/b> <\/p>\n<p>Dans sa m\u00e9ditation, le cardinal Radcliffe est \u00e9galement parti d&rsquo;une question: \u00abNous sommes r\u00e9unis pour offrir notre aide au Saint-P\u00e8re dans l&rsquo;exercice de son minist\u00e8re au service de l&rsquo;\u00c9glise universelle. Mais comment pouvons-nous le faire ?\u00bb. La paix et l&rsquo;amour, telle est la r\u00e9ponse que le cardinal a donn\u00e9e en paraphrasant l&rsquo;\u00c9vangile de Jean: \u00abSi le bateau de Pierre \u00e9tait rempli de disciples qui se disputent entre eux, nous ne serions d&rsquo;aucune utilit\u00e9 pour le Saint-P\u00e8re. Si, au contraire, nous vivons entre nous dans la paix et l&rsquo;amour, m\u00eame lorsque des divergences apparaissent, Dieu sera r\u00e9ellement pr\u00e9sent, m\u00eame lorsqu&rsquo;il semble absent\u00bb.<\/p>\n<p>Le cardinal s&rsquo;est \u00e9galement concentr\u00e9 sur l&rsquo;actualit\u00e9: ces temps de \u00abtemp\u00eates terribles\u00bb, marqu\u00e9s par \u00abune violence croissante, allant du crime arm\u00e9 \u00e0 la guerre\u00bb, par le foss\u00e9 entre riches et pauvres qui \u00abne cesse de se creuser\u00bb, par l&rsquo;effritement progressif de l&rsquo;ordre mondial n\u00e9 apr\u00e8s la derni\u00e8re guerre mondiale, par l&rsquo;intelligence artificielle dont nous ne savons pas \u00abquels effets elle produira\u00bb. \u00abSi nous ne sommes pas d\u00e9j\u00e0 inquiets, nous devrions l&rsquo;\u00eatre\u00bb, a-t-il d\u00e9clar\u00e9. Face \u00e0 tout cela, nous pouvons nous sentir \u00abseuls, \u00e9puis\u00e9s, \u00e0 bout de forces\u00bb, mais \u00abnous ne devons pas avoir peur\u00bb, a rassur\u00e9 Mgr Radcliffe, car \u00abJ\u00e9sus veille sur nous et se fera plus proche que jamais\u00bb. Il en va de m\u00eame pour l&rsquo;\u00c9glise, elle aussi \u00absecou\u00e9e\u00bb par les \u00abtemp\u00eates\u00bb des \u00ababus sexuels et des divisions id\u00e9ologiques\u00bb. \u00abLe Seigneur \u2013 a encourag\u00e9 le cardinal \u2013 nous appelle \u00e0 naviguer dans ces temp\u00eates et \u00e0 les affronter avec v\u00e9rit\u00e9 et courage, sans rester timidement \u00e0 attendre sur le rivage. Si nous le faisons dans ce Consistoire, nous le verrons venir \u00e0 notre rencontre. Si, au contraire, nous restons cach\u00e9s sur le rivage, nous ne le rencontrerons pas\u00bb.<\/p>\n","protected":false},"excerpt":{"rendered":"La premi\u00e8re session du Consistoire extraordinaire convoqu\u00e9 par le Pape a d\u00e9but\u00e9 ce mercredi 7 janvier. Environ 170&hellip;\n","protected":false},"author":2,"featured_media":650783,"comment_status":"","ping_status":"","sticky":false,"template":"","format":"standard","meta":{"footnotes":""},"categories":[5],"tags":[11,18362,72395,8305,1011,27,14,64048,12,75344,28],"class_list":{"0":"post-650782","1":"post","2":"type-post","3":"status-publish","4":"format-standard","5":"has-post-thumbnail","7":"category-international","8":"tag-actualites","9":"tag-cardinaux","10":"tag-consistoire","11":"tag-eglise-catholique","12":"tag-fr","13":"tag-france","14":"tag-international","15":"tag-missionnaires","16":"tag-news","17":"tag-synodalite","18":"tag-world"},"share_on_mastodon":{"url":"https:\/\/pubeurope.com\/@fr\/115862883774372702","error":""},"_links":{"self":[{"href":"https:\/\/www.europesays.com\/fr\/wp-json\/wp\/v2\/posts\/650782","targetHints":{"allow":["GET"]}}],"collection":[{"href":"https:\/\/www.europesays.com\/fr\/wp-json\/wp\/v2\/posts"}],"about":[{"href":"https:\/\/www.europesays.com\/fr\/wp-json\/wp\/v2\/types\/post"}],"author":[{"embeddable":true,"href":"https:\/\/www.europesays.com\/fr\/wp-json\/wp\/v2\/users\/2"}],"replies":[{"embeddable":true,"href":"https:\/\/www.europesays.com\/fr\/wp-json\/wp\/v2\/comments?post=650782"}],"version-history":[{"count":0,"href":"https:\/\/www.europesays.com\/fr\/wp-json\/wp\/v2\/posts\/650782\/revisions"}],"wp:featuredmedia":[{"embeddable":true,"href":"https:\/\/www.europesays.com\/fr\/wp-json\/wp\/v2\/media\/650783"}],"wp:attachment":[{"href":"https:\/\/www.europesays.com\/fr\/wp-json\/wp\/v2\/media?parent=650782"}],"wp:term":[{"taxonomy":"category","embeddable":true,"href":"https:\/\/www.europesays.com\/fr\/wp-json\/wp\/v2\/categories?post=650782"},{"taxonomy":"post_tag","embeddable":true,"href":"https:\/\/www.europesays.com\/fr\/wp-json\/wp\/v2\/tags?post=650782"}],"curies":[{"name":"wp","href":"https:\/\/api.w.org\/{rel}","templated":true}]}}