{"id":650788,"date":"2026-01-09T02:58:23","date_gmt":"2026-01-09T02:58:23","guid":{"rendered":"https:\/\/www.europesays.com\/fr\/650788\/"},"modified":"2026-01-09T02:58:23","modified_gmt":"2026-01-09T02:58:23","slug":"nouvelle-convocation-en-equipe-de-france-u16-pour-eden-alzamora","status":"publish","type":"post","link":"https:\/\/www.europesays.com\/fr\/650788\/","title":{"rendered":"Nouvelle convocation en \u00c9quipe de France U16 pour Eden Alzamora"},"content":{"rendered":"<p>Joueuse U16 r\u00e9guli\u00e8rement align\u00e9e avec les U19 f\u00e9minines de l&rsquo;ASSE, <a href=\"https:\/\/www.asse.fr\/fr\/actualites\/les-u19f-qualifiees-pour-la-phase-elite-ac39659\" target=\"_blank\" rel=\"noopener\">d&rsquo;ailleurs qualifi\u00e9es pour la phase \u00c9lite du championnat de France<\/a>, Eden Alzamora est convoqu\u00e9e par Peggy Provost pour un nouveau rendez-vous \u00e0 Clairefontaine avec la s\u00e9lection U16F. \u00a0<\/p>\n<p>Pr\u00e9sente au CNF du 19 au 22 janvier, la Verte pr\u00e9parera un prochain rassemblement en f\u00e9vrier prochain, marqu\u00e9 par un double rendez-vous de pr\u00e9paration face \u00e0 l&rsquo;Italie.\u00a0<\/p>\n","protected":false},"excerpt":{"rendered":"Joueuse U16 r\u00e9guli\u00e8rement align\u00e9e avec les U19 f\u00e9minines de l&rsquo;ASSE, d&rsquo;ailleurs qualifi\u00e9es pour la phase \u00c9lite du championnat&hellip;\n","protected":false},"author":2,"featured_media":650789,"comment_status":"","ping_status":"","sticky":false,"template":"","format":"standard","meta":{"footnotes":""},"categories":[9653],"tags":[1111,11,2430,1777,674,1011,27,12,25,4001],"class_list":{"0":"post-650788","1":"post","2":"type-post","3":"status-publish","4":"format-standard","5":"has-post-thumbnail","7":"category-saint-etienne","8":"tag-actu","9":"tag-actualites","10":"tag-auvergne-rhone-alpes","11":"tag-eu","12":"tag-europe","13":"tag-fr","14":"tag-france","15":"tag-news","16":"tag-republique-francaise","17":"tag-saint-etienne"},"share_on_mastodon":{"url":"https:\/\/pubeurope.com\/@fr\/115862903363676261","error":""},"_links":{"self":[{"href":"https:\/\/www.europesays.com\/fr\/wp-json\/wp\/v2\/posts\/650788","targetHints":{"allow":["GET"]}}],"collection":[{"href":"https:\/\/www.europesays.com\/fr\/wp-json\/wp\/v2\/posts"}],"about":[{"href":"https:\/\/www.europesays.com\/fr\/wp-json\/wp\/v2\/types\/post"}],"author":[{"embeddable":true,"href":"https:\/\/www.europesays.com\/fr\/wp-json\/wp\/v2\/users\/2"}],"replies":[{"embeddable":true,"href":"https:\/\/www.europesays.com\/fr\/wp-json\/wp\/v2\/comments?post=650788"}],"version-history":[{"count":0,"href":"https:\/\/www.europesays.com\/fr\/wp-json\/wp\/v2\/posts\/650788\/revisions"}],"wp:featuredmedia":[{"embeddable":true,"href":"https:\/\/www.europesays.com\/fr\/wp-json\/wp\/v2\/media\/650789"}],"wp:attachment":[{"href":"https:\/\/www.europesays.com\/fr\/wp-json\/wp\/v2\/media?parent=650788"}],"wp:term":[{"taxonomy":"category","embeddable":true,"href":"https:\/\/www.europesays.com\/fr\/wp-json\/wp\/v2\/categories?post=650788"},{"taxonomy":"post_tag","embeddable":true,"href":"https:\/\/www.europesays.com\/fr\/wp-json\/wp\/v2\/tags?post=650788"}],"curies":[{"name":"wp","href":"https:\/\/api.w.org\/{rel}","templated":true}]}}