{"id":650818,"date":"2026-01-09T03:24:16","date_gmt":"2026-01-09T03:24:16","guid":{"rendered":"https:\/\/www.europesays.com\/fr\/650818\/"},"modified":"2026-01-09T03:24:16","modified_gmt":"2026-01-09T03:24:16","slug":"nehia-sagrandit-a-toulouse-face-a-la-montee-des-cadences","status":"publish","type":"post","link":"https:\/\/www.europesays.com\/fr\/650818\/","title":{"rendered":"Nehia s&rsquo;agrandit \u00e0 Toulouse face \u00e0 la mont\u00e9e des cadences"},"content":{"rendered":"<p>La PME va investir pr\u00e8s de 800 000 euros pour se doter d&rsquo;un tiers de surface suppl\u00e9mentaire, soit 560 m\u00b2 d\u2019ateliers et 900 m\u00b3 de capacit\u00e9 de stockage en plus. Les travaux d\u00e9buteront en juin 2026 pour une livraison en fin d\u2019ann\u00e9e. Cet investissement permettra d\u2019accompagner la dynamique de mont\u00e9e en cadence dans la fili\u00e8re a\u00e9ronautique.\u00a0<\/p>\n<p>Fond\u00e9 dans les ann\u00e9es 1980 par Jean-Marc Hod\u00e9, artisan peintre en lettres et cr\u00e9ateur des enseignes Hod\u00e9 \u00e0 Toulouse, Nehia s&rsquo;est depuis structur\u00e9 sous l\u2019impulsion de son repreneur Philippe Dubois, arriv\u00e9 en 2018. La PME, qui emploie 80 salari\u00e9s entre Toulouse et Montpellier, a atteint en 2025 un chiffre d&rsquo;affaires de pr\u00e8s de 14 millions d&rsquo;euros et pr\u00e9voit 20% de croissance suppl\u00e9mentaire cette ann\u00e9e, avec une demi-douzaine de recrutements, port\u00e9 notamment par les niveaux de production in\u00e9dits dans l&rsquo;histoire de l&rsquo;aviation annonc\u00e9s d\u00e8s 2027 par le g\u00e9ant europ\u00e9en.<\/p>\n","protected":false},"excerpt":{"rendered":"La PME va investir pr\u00e8s de 800 000 euros pour se doter d&rsquo;un tiers de surface suppl\u00e9mentaire, soit&hellip;\n","protected":false},"author":2,"featured_media":650819,"comment_status":"","ping_status":"","sticky":false,"template":"","format":"standard","meta":{"footnotes":""},"categories":[2816],"tags":[5734,1111,11,296,75204,75205,56827,1777,674,2823,1011,27,17297,75513,12,2680,25,75514,2312],"class_list":{"0":"post-650818","1":"post","2":"type-post","3":"status-publish","4":"format-standard","5":"has-post-thumbnail","7":"category-toulouse","8":"tag-5734","9":"tag-actu","10":"tag-actualites","11":"tag-aeronautique","12":"tag-cadences","13":"tag-dairbus","14":"tag-defense-et-aerospatiale","15":"tag-eu","16":"tag-europe","17":"tag-face","18":"tag-fr","19":"tag-france","20":"tag-montee","21":"tag-nehia","22":"tag-news","23":"tag-occitanie","24":"tag-republique-francaise","25":"tag-sagrandit","26":"tag-toulouse"},"share_on_mastodon":{"url":"https:\/\/pubeurope.com\/@fr\/115863005582047568","error":""},"_links":{"self":[{"href":"https:\/\/www.europesays.com\/fr\/wp-json\/wp\/v2\/posts\/650818","targetHints":{"allow":["GET"]}}],"collection":[{"href":"https:\/\/www.europesays.com\/fr\/wp-json\/wp\/v2\/posts"}],"about":[{"href":"https:\/\/www.europesays.com\/fr\/wp-json\/wp\/v2\/types\/post"}],"author":[{"embeddable":true,"href":"https:\/\/www.europesays.com\/fr\/wp-json\/wp\/v2\/users\/2"}],"replies":[{"embeddable":true,"href":"https:\/\/www.europesays.com\/fr\/wp-json\/wp\/v2\/comments?post=650818"}],"version-history":[{"count":0,"href":"https:\/\/www.europesays.com\/fr\/wp-json\/wp\/v2\/posts\/650818\/revisions"}],"wp:featuredmedia":[{"embeddable":true,"href":"https:\/\/www.europesays.com\/fr\/wp-json\/wp\/v2\/media\/650819"}],"wp:attachment":[{"href":"https:\/\/www.europesays.com\/fr\/wp-json\/wp\/v2\/media?parent=650818"}],"wp:term":[{"taxonomy":"category","embeddable":true,"href":"https:\/\/www.europesays.com\/fr\/wp-json\/wp\/v2\/categories?post=650818"},{"taxonomy":"post_tag","embeddable":true,"href":"https:\/\/www.europesays.com\/fr\/wp-json\/wp\/v2\/tags?post=650818"}],"curies":[{"name":"wp","href":"https:\/\/api.w.org\/{rel}","templated":true}]}}