{"id":650822,"date":"2026-01-09T03:27:13","date_gmt":"2026-01-09T03:27:13","guid":{"rendered":"https:\/\/www.europesays.com\/fr\/650822\/"},"modified":"2026-01-09T03:27:13","modified_gmt":"2026-01-09T03:27:13","slug":"ferdinandea-lile-fantome-qui-emerge-a-marseille-reprend-vie-au-mucem","status":"publish","type":"post","link":"https:\/\/www.europesays.com\/fr\/650822\/","title":{"rendered":"Ferdinandea, l\u2019\u00eele fant\u00f4me qui \u00e9merge \u00e0 Marseille reprend vie au Mucem"},"content":{"rendered":"<p>Elle n\u2019aura exist\u00e9 que quelques mois, tout au plus, avant d\u2019\u00eatre engloutie par les eaux au large de la Sicile. L\u2019incroyable \u00e9pop\u00e9e d\u2019une \u00eele myst\u00e9rieuse au c\u0153ur de la M\u00e9diterran\u00e9e qui ne pouvait \u00e9chapper au Mucem, le mus\u00e9e des civilisations marseillais, naturellement connect\u00e9e \u00e0 cette \u201cmare nostrum\u201d omnipr\u00e9sente o\u00f9 surgissent des mythes contemporains.<\/p>\n<p>Cette exposition singuli\u00e8re, Ferdinandea l\u2019\u00eele \u00e9ph\u00e9m\u00e8re , embarque le visiteur vers cet \u00e9peron rocheux fant\u00f4me&#8230;<\/p>\n","protected":false},"excerpt":{"rendered":"Elle n\u2019aura exist\u00e9 que quelques mois, tout au plus, avant d\u2019\u00eatre engloutie par les eaux au large de&hellip;\n","protected":false},"author":2,"featured_media":650823,"comment_status":"","ping_status":"","sticky":false,"template":"","format":"standard","meta":{"footnotes":""},"categories":[2814],"tags":[1111,11,885,1687,1777,674,2271,1011,27,329,884,12,882,25,4604,273],"class_list":{"0":"post-650822","1":"post","2":"type-post","3":"status-publish","4":"format-standard","5":"has-post-thumbnail","7":"category-marseille","8":"tag-actu","9":"tag-actualites","10":"tag-bouches-du-rhone","11":"tag-culture-loisirs","12":"tag-eu","13":"tag-europe","14":"tag-exposition-arts-plastiques","15":"tag-fr","16":"tag-france","17":"tag-france-monde","18":"tag-marseille","19":"tag-news","20":"tag-provence-alpes-cote-dazur","21":"tag-republique-francaise","22":"tag-selection-abonne","23":"tag-selection-de-la-redaction"},"share_on_mastodon":{"url":"https:\/\/pubeurope.com\/@fr\/115863017420715659","error":""},"_links":{"self":[{"href":"https:\/\/www.europesays.com\/fr\/wp-json\/wp\/v2\/posts\/650822","targetHints":{"allow":["GET"]}}],"collection":[{"href":"https:\/\/www.europesays.com\/fr\/wp-json\/wp\/v2\/posts"}],"about":[{"href":"https:\/\/www.europesays.com\/fr\/wp-json\/wp\/v2\/types\/post"}],"author":[{"embeddable":true,"href":"https:\/\/www.europesays.com\/fr\/wp-json\/wp\/v2\/users\/2"}],"replies":[{"embeddable":true,"href":"https:\/\/www.europesays.com\/fr\/wp-json\/wp\/v2\/comments?post=650822"}],"version-history":[{"count":0,"href":"https:\/\/www.europesays.com\/fr\/wp-json\/wp\/v2\/posts\/650822\/revisions"}],"wp:featuredmedia":[{"embeddable":true,"href":"https:\/\/www.europesays.com\/fr\/wp-json\/wp\/v2\/media\/650823"}],"wp:attachment":[{"href":"https:\/\/www.europesays.com\/fr\/wp-json\/wp\/v2\/media?parent=650822"}],"wp:term":[{"taxonomy":"category","embeddable":true,"href":"https:\/\/www.europesays.com\/fr\/wp-json\/wp\/v2\/categories?post=650822"},{"taxonomy":"post_tag","embeddable":true,"href":"https:\/\/www.europesays.com\/fr\/wp-json\/wp\/v2\/tags?post=650822"}],"curies":[{"name":"wp","href":"https:\/\/api.w.org\/{rel}","templated":true}]}}