{"id":650826,"date":"2026-01-09T03:29:19","date_gmt":"2026-01-09T03:29:19","guid":{"rendered":"https:\/\/www.europesays.com\/fr\/650826\/"},"modified":"2026-01-09T03:29:19","modified_gmt":"2026-01-09T03:29:19","slug":"gregory-doucet-propose-la-gratuite-des-fournitures-scolaires-pour-32-000-eleves","status":"publish","type":"post","link":"https:\/\/www.europesays.com\/fr\/650826\/","title":{"rendered":"Gr\u00e9gory Doucet propose la gratuit\u00e9 des fournitures scolaires pour 32 000 \u00e9l\u00e8ves"},"content":{"rendered":"<p>Alors que <a href=\"https:\/\/www.lyonmag.com\/profil-personnalite-lyonnaise\/8\/jean-michel-aulas\" target=\"_blank\" rel=\"noopener\">Jean-Michel Aulas<\/a> a cibl\u00e9 les TCL et la cantine scolaire, <a href=\"https:\/\/www.lyonmag.com\/profil-personnalite-lyonnaise\/504\/gregory-doucet\" target=\"_blank\" rel=\"noopener\">Gr\u00e9gory Doucet<\/a> lui r\u00e9pond ce jeudi soir.<\/p>\n<p>Le maire sortant de Lyon annonce vouloir instaurer la gratuit\u00e9 des fournitures scolaires pour l\u2019ensemble des \u00e9l\u00e8ves de primaire, soit environ 32 000 enfants, sans condition de ressources.<\/p>\n<p>La mesure est pr\u00e9sent\u00e9e comme une r\u00e9ponse directe \u00e0 la hausse continue du co\u00fbt de la rentr\u00e9e scolaire. \u00ab\u00a0La gratuit\u00e9 des fournitures scolaires est une mesure n\u00e9cessaire pour garantir l\u2019\u00e9galit\u00e9 r\u00e9publicaine entre tous les enfants\u00a0\u00bb, affirme l&rsquo;\u00e9dile \u00e9cologiste, qui y voit un moyen de permettre \u00e0 chaque \u00e9l\u00e8ve de\u00a0\u00ab\u00a0commencer l\u2019ann\u00e9e scolaire sur le m\u00eame pied\u00a0\u00bb.<\/p>\n<p>Aujourd\u2019hui, la Ville de Lyon verse d\u00e9j\u00e0 une dotation d\u2019environ 59 euros par \u00e9l\u00e8ve aux \u00e9coles, destin\u00e9e notamment \u00e0 l\u2019achat de livres et de certaines fournitures. Mais une liste compl\u00e9mentaire reste \u00e0 la charge des familles, g\u00e9n\u00e9rant des in\u00e9galit\u00e9s selon les moyens financiers. Avec la gratuit\u00e9 propos\u00e9e, l\u2019ensemble du mat\u00e9riel scolaire serait fourni directement, garantissant \u00ab\u00a0des fournitures de qualit\u00e9, de mani\u00e8re \u00e9quitable\u00a0\u00bb.<\/p>\n<blockquote class=\"instagram-media\" style=\"background: #FFF; border: 0; border-radius: 3px; box-shadow: 0 0 1px 0 rgba(0,0,0,0.5),0 1px 10px 0 rgba(0,0,0,0.15); margin: 1px; max-width: 540px; min-width: 326px; padding: 0; width: calc(100% - 2px);\" data-instgrm-captioned=\"\" data-instgrm-permalink=\"https:\/\/www.instagram.com\/reel\/DTQg1xxAse0\/?utm_source=ig_embed&amp;utm_campaign=loading\" data-instgrm-version=\"14\"><p>&#13;<br \/>\n&#13;\n<\/p><\/blockquote>\n<p>L&rsquo;adjointe au maire charg\u00e9e de l&rsquo;Education <a href=\"https:\/\/www.lyonmag.com\/profil-personnalite-lyonnaise\/643\/stephanie-leger\" target=\"_blank\" rel=\"noopener\">St\u00e9phanie L\u00e9ger<\/a> \u00e9voque pour sa part \u00ab\u00a0un r\u00e9el report de la charge financi\u00e8re et mentale\u00a0\u00bb pour les familles.<\/p>\n<p>Gr\u00e9gory Doucet rappelle enfin que d\u2019autres grandes villes fran\u00e7aises, comme Lille, Bordeaux ou Marseille, ont d\u00e9j\u00e0 mis en place la gratuit\u00e9 des fournitures scolaires.<\/p>\n<p>\t\t  <script async src=\"\/\/www.instagram.com\/embed.js\"><\/script><\/p>\n","protected":false},"excerpt":{"rendered":"Alors que Jean-Michel Aulas a cibl\u00e9 les TCL et la cantine scolaire, Gr\u00e9gory Doucet lui r\u00e9pond ce jeudi&hellip;\n","protected":false},"author":2,"featured_media":650827,"comment_status":"","ping_status":"","sticky":false,"template":"","format":"standard","meta":{"footnotes":""},"categories":[1889],"tags":[1111,11,2813,2190,2430,1109,251,1112,2811,1777,674,118,1011,27,1922,1110,1114,2428,2810,12,241,316,25,2812,517,800],"class_list":{"0":"post-650826","1":"post","2":"type-post","3":"status-publish","4":"format-standard","5":"has-post-thumbnail","7":"category-lyon","8":"tag-actu","9":"tag-actualites","10":"tag-article","11":"tag-asvel","12":"tag-auvergne-rhone-alpes","13":"tag-breves","14":"tag-culture","15":"tag-depeches","16":"tag-economique","17":"tag-eu","18":"tag-europe","19":"tag-faits-divers","20":"tag-fr","21":"tag-france","22":"tag-info","23":"tag-informations","24":"tag-infos","25":"tag-lyon","26":"tag-lyonmag","27":"tag-news","28":"tag-ol","29":"tag-politique","30":"tag-republique-francaise","31":"tag-sociale","32":"tag-sport","33":"tag-transports"},"share_on_mastodon":{"url":"https:\/\/pubeurope.com\/@fr\/115863025375275481","error":""},"_links":{"self":[{"href":"https:\/\/www.europesays.com\/fr\/wp-json\/wp\/v2\/posts\/650826","targetHints":{"allow":["GET"]}}],"collection":[{"href":"https:\/\/www.europesays.com\/fr\/wp-json\/wp\/v2\/posts"}],"about":[{"href":"https:\/\/www.europesays.com\/fr\/wp-json\/wp\/v2\/types\/post"}],"author":[{"embeddable":true,"href":"https:\/\/www.europesays.com\/fr\/wp-json\/wp\/v2\/users\/2"}],"replies":[{"embeddable":true,"href":"https:\/\/www.europesays.com\/fr\/wp-json\/wp\/v2\/comments?post=650826"}],"version-history":[{"count":0,"href":"https:\/\/www.europesays.com\/fr\/wp-json\/wp\/v2\/posts\/650826\/revisions"}],"wp:featuredmedia":[{"embeddable":true,"href":"https:\/\/www.europesays.com\/fr\/wp-json\/wp\/v2\/media\/650827"}],"wp:attachment":[{"href":"https:\/\/www.europesays.com\/fr\/wp-json\/wp\/v2\/media?parent=650826"}],"wp:term":[{"taxonomy":"category","embeddable":true,"href":"https:\/\/www.europesays.com\/fr\/wp-json\/wp\/v2\/categories?post=650826"},{"taxonomy":"post_tag","embeddable":true,"href":"https:\/\/www.europesays.com\/fr\/wp-json\/wp\/v2\/tags?post=650826"}],"curies":[{"name":"wp","href":"https:\/\/api.w.org\/{rel}","templated":true}]}}