{"id":650828,"date":"2026-01-09T03:30:15","date_gmt":"2026-01-09T03:30:15","guid":{"rendered":"https:\/\/www.europesays.com\/fr\/650828\/"},"modified":"2026-01-09T03:30:15","modified_gmt":"2026-01-09T03:30:15","slug":"gregory-doucet-nexiste-pas-tacle-nathalie-perrin-gilbert","status":"publish","type":"post","link":"https:\/\/www.europesays.com\/fr\/650828\/","title":{"rendered":"\u00ab\u00a0Gr\u00e9gory Doucet n\u2019existe pas\u00a0\u00bb, tacle Nathalie Perrin-Gilbert"},"content":{"rendered":"<p>                    Par<br \/>\n        <strong><br \/>\n            <a href=\"https:\/\/actu.fr\/auteur\/nicolas-zaugra\" title=\"Consulter tous les articles de Nicolas Zaugra\" target=\"_blank\" rel=\"noopener\">Nicolas Zaugra<\/a><br \/>\n                    <\/strong><\/p>\n<p>        Publi\u00e9 le<\/p>\n<p>            8 janv. 2026 \u00e0 17h50        <\/p>\n<p>Elle \u00ab\u2009ira jusqu\u2019au bout\u2009\u00bb\u2009: coinc\u00e9e entre un duel annonc\u00e9 et tr\u00e8s m\u00e9diatique entre le maire sortant <a href=\"https:\/\/actu.fr\/auvergne-rhone-alpes\/lyon_69123\/municipales-2026-a-lyon-gregory-doucet-promet-la-gratuite-des-fournitures-scolaires_63670187.html\" target=\"_blank\" rel=\"noopener\">Gr\u00e9gory Doucet<\/a> et <a href=\"https:\/\/actu.fr\/auvergne-rhone-alpes\/lyon_69123\/lyon-insecurite-sur-le-reseau-tcl-aulas-et-sarselli-degainent-une-police-de-200-agents_63667511.html\" target=\"_blank\" rel=\"noopener\">Jean-Michel Aulas<\/a>, l\u2019ancienne adjointe \u00e0 la culture <a href=\"https:\/\/actu.fr\/auvergne-rhone-alpes\/lyon_69123\/lyon-fete-des-lumieres-sur-deux-semaines-le-projet-ambitieux-de-nathalie-perrin-gilbert_63525084.html\" target=\"_blank\" rel=\"noopener\">Nathalie Perrin Gilbert<\/a>, qui a quitt\u00e9 l\u2019ex\u00e9cutif municipal, a confirm\u00e9 ce jeudi 8\u00a0janvier qu\u2019elle compte aller jusqu\u2019au 1er tour. Elle a d\u00e9taill\u00e9 <strong>ses 10 priorit\u00e9s<\/strong> pour <a href=\"https:\/\/actu.fr\/auvergne-rhone-alpes\/lyon_69123\" target=\"_blank\" rel=\"noopener\">Lyon<\/a> et tacl\u00e9 au passage le candidat favori des sondages, mais ne s\u2019est pas priv\u00e9e de coups de griffes acerbes contre le maire de Lyon.<\/p>\n<p>Aller \u00ab\u2009jusqu\u2019au bout\u2009\u00bb et sans alliance pour l\u2019instant avec K\u00e9p\u00e9n\u00e9kian<\/p>\n<p class=\" wall-content\">\u00ab\u2009Si certains en doutaient nous irons jusqu\u2019au bout. Je donne rendez-vous le jour du premier tour le 15\u00a0mars\u2009\u00bb, a affirm\u00e9 la candidate lors d\u2019une conf\u00e9rence de presse o\u00f9 elle a annonc\u00e9 de nouveaux soutiens et des membres de son \u00e9quipe. Autour d\u2019elle, une militante et avocate, un militant anti-pollution, un sp\u00e9cialiste de l\u2019\u00e9conomie sociale et solidaire, d\u2019anciens membres d\u00e9\u00e7us du PS\u2026<\/p>\n<p class=\" wall-content\">Elle assure discuter avec Georges K\u00e9p\u00e9n\u00e9kian, candidat ind\u00e9pendant qui m\u00e8ne sa barque, mais en coulisses les deux personnalit\u00e9s ne semblent pas pr\u00eates \u00e0 s\u2019entendre. Les sondages sont pourtant clairs\u2009: en duo, la barre des 10\u2009% et de la qualification au second tour est envisageable. Seuls, c\u2019est plus dur\u2026<\/p>\n<p class=\" wall-content\">La candidate a aussi conc\u00e9d\u00e9 des difficult\u00e9s \u00e0 boucler des listes dans les 6e et 2e arrondissements. \u00ab\u2009Nous avons quasiment boucl\u00e9 6 arrondissements sur 9\u2009\u00bb, dit-elle. Son mouvement pr\u00e9sentera aussi des listes sur six des 14 circonscriptions de la M\u00e9tropole pour les \u00e9lections m\u00e9tropolitaines.<\/p>\n<p>\u00ab\u2009Gr\u00e9gory Doucet n\u2019existe pas sur la sc\u00e8ne politique de Lyon\u2009\u00bb<\/p>\n<p class=\" wall-content\">Interrog\u00e9e sur une possible alliance avec Gr\u00e9gory Doucet au second tour, son ancienne adjointe n\u2019exclut rien. Mais elle a vivement attaqu\u00e9 son concurrent au passage.<\/p>\n<blockquote class=\"ac-article-quote wall-content\">\n<p>Tout le monde sait que le dialogue ne se fera pas avec Gr\u00e9gory Doucet, il se fera avec Bruno Bernard. Gr\u00e9gory Doucet n\u2019existe pas sur la sc\u00e8ne politique de Lyon. C\u2019est Bruno Bernard qui d\u00e9cide et sera \u00e0 la man\u0153uvre des discussions. Le maire est une t\u00eate de liste par affichage.<\/p>\n<p>    <strong>Nathalie Perrin-Gilbert<\/strong>\n            <\/p><\/blockquote>\n<p>Votre r\u00e9gion, votre actu !<\/p>\n<p>Recevez chaque jour les infos qui comptent pour vous.<\/p>\n<p>\t<a href=\"https:\/\/actu.fr\/newsletter\" class=\"ac-btn ac-btn--corner ac-btn--medium ac-btn--blue800\" target=\"_blank\" rel=\"noopener\">S&rsquo;incrire<\/a><\/p>\n<p class=\" wall-content\">Elle a aussi assur\u00e9 qu\u2019elle ne se sentait pas comptable du bilan du maire malgr\u00e9 son poste d\u2019adjointe tout en disant\u2009: \u00ab\u2009Tout ce qui a \u00e9t\u00e9 fait n\u2019est pas mauvais, il ne s\u2019agit pas de tout d\u00e9faire\u2009\u00bb.<\/p>\n<p class=\" wall-content\">Sur LFI, elle n\u2019a pas exclu une alliance large \u00e0 gauche au second tour tout en assurant\u2009: \u00ab\u2009Nos diff\u00e9rences sont assez marqu\u00e9es, notre ADN est diff\u00e9rent\u2009\u00bb. Le Parti Radical de gauche (PRG) qui la soutient est plus direct\u2009: \u00ab\u2009LFI est une ligne rouge pour nous\u2009\u00bb. Si NPG se range dans une alliance avec la France insoumise, le petit parti de gauche renoncera \u00e0 son soutien\u2026<\/p>\n<p>Pas contre la mesure de gratuit\u00e9 des cantines de Jean-Michel Aulas<\/p>\n<p class=\" wall-content\">Nathalie Perrin Gilbert assure aussi \u00eatre favorable sur le principe \u00e0 la mesure de gratuit\u00e9 pour tous de la <a href=\"https:\/\/actu.fr\/auvergne-rhone-alpes\/lyon_69123\/municipales-a-lyon-la-cantine-et-le-periscolaire-gratuits-pour-tous-la-mesure-choc-d-aulas_63663259.html\" target=\"_blank\" rel=\"noopener\">cantine scolaire pouss\u00e9e par Jean-Michel Aulas mercredi<\/a>. Mais NPG s\u2019interroge sur sa faisabilit\u00e9.<\/p>\n<p class=\" wall-content\">\u00ab\u2009J\u2019aimerais que Jean-Michel Aulas nous explique sur quoi il va agir et si c\u2019est \u00e0 qualit\u00e9 \u00e9quivalente, sur quel budget va-t-il prendre\u2009? Je m\u2019engage \u00e0 ne pas faire des annonces que nous ne pourrons pas financer raisonnablement demain\u2009\u00bb, a-t-elle tacl\u00e9.<\/p>\n<p class=\" wall-content\">La candidate n\u2019a pas avanc\u00e9 de nouvelles mesures majeures \u00e0 ce stade d\u00e9taillant des principes g\u00e9n\u00e9raux si elle est \u00e9lue maire\u2009: ne pas vendre au priv\u00e9 de grands b\u00e2timents lyonnais, gouverner en \u00ab\u2009transparence\u2009\u00bb, revoir le cadre des concertations. Elle a confirm\u00e9 son intention de <a href=\"https:\/\/actu.fr\/auvergne-rhone-alpes\/lyon_69123\/lyon-fete-des-lumieres-sur-deux-semaines-le-projet-ambitieux-de-nathalie-perrin-gilbert_63525084.html\" target=\"_blank\" rel=\"noopener\">changer la F\u00eate des Lumi\u00e8res<\/a>, am\u00e9nager une m\u00e9diath\u00e8que \u00e0 la Guilloti\u00e8re et transformer le <a href=\"https:\/\/actu.fr\/auvergne-rhone-alpes\/lyon_69123\/lyon-municipales-nathalie-perrin-gilbert-devoile-son-grand-projet-pour-ce-lieu-ferme-depuis-18-ans_62826172.html\" target=\"_blank\" rel=\"noopener\">mus\u00e9e Guimet en \u00ab\u2009exploratorium\u2009\u00bb sur la science<\/a>\u2026<\/p>\n<p class=\" wall-content\">Personnalisez votre actualit\u00e9 en ajoutant vos villes et m\u00e9dias en favori avec <a href=\"https:\/\/moncompte.actu.fr\" title=\"D\u00e9couvez Mon Actu\" rel=\"nofollow noopener\" data-trk=\"{&quot;cta&quot;:{&quot;action&quot;:&quot;https:\\\/\\\/moncompte.actu.fr&quot;,&quot;category&quot;:&quot;mon compte&quot;,&quot;from&quot;:&quot;article footer&quot;,&quot;name&quot;:&quot;Mon actu&quot;,&quot;type&quot;:&quot;cta&quot;}}\" target=\"_blank\">Mon Actu<\/a>.<\/p>\n","protected":false},"excerpt":{"rendered":"Par Nicolas Zaugra Publi\u00e9 le 8 janv. 2026 \u00e0 17h50 Elle \u00ab\u2009ira jusqu\u2019au bout\u2009\u00bb\u2009: coinc\u00e9e entre un duel&hellip;\n","protected":false},"author":2,"featured_media":650829,"comment_status":"","ping_status":"","sticky":false,"template":"","format":"standard","meta":{"footnotes":""},"categories":[1889],"tags":[1111,11,2430,4188,1777,674,1011,27,2428,3434,12,316,25],"class_list":{"0":"post-650828","1":"post","2":"type-post","3":"status-publish","4":"format-standard","5":"has-post-thumbnail","7":"category-lyon","8":"tag-actu","9":"tag-actualites","10":"tag-auvergne-rhone-alpes","11":"tag-elections-municipales","12":"tag-eu","13":"tag-europe","14":"tag-fr","15":"tag-france","16":"tag-lyon","17":"tag-municipales-2026","18":"tag-news","19":"tag-politique","20":"tag-republique-francaise"},"share_on_mastodon":{"url":"https:\/\/pubeurope.com\/@fr\/115863029172678280","error":""},"_links":{"self":[{"href":"https:\/\/www.europesays.com\/fr\/wp-json\/wp\/v2\/posts\/650828","targetHints":{"allow":["GET"]}}],"collection":[{"href":"https:\/\/www.europesays.com\/fr\/wp-json\/wp\/v2\/posts"}],"about":[{"href":"https:\/\/www.europesays.com\/fr\/wp-json\/wp\/v2\/types\/post"}],"author":[{"embeddable":true,"href":"https:\/\/www.europesays.com\/fr\/wp-json\/wp\/v2\/users\/2"}],"replies":[{"embeddable":true,"href":"https:\/\/www.europesays.com\/fr\/wp-json\/wp\/v2\/comments?post=650828"}],"version-history":[{"count":0,"href":"https:\/\/www.europesays.com\/fr\/wp-json\/wp\/v2\/posts\/650828\/revisions"}],"wp:featuredmedia":[{"embeddable":true,"href":"https:\/\/www.europesays.com\/fr\/wp-json\/wp\/v2\/media\/650829"}],"wp:attachment":[{"href":"https:\/\/www.europesays.com\/fr\/wp-json\/wp\/v2\/media?parent=650828"}],"wp:term":[{"taxonomy":"category","embeddable":true,"href":"https:\/\/www.europesays.com\/fr\/wp-json\/wp\/v2\/categories?post=650828"},{"taxonomy":"post_tag","embeddable":true,"href":"https:\/\/www.europesays.com\/fr\/wp-json\/wp\/v2\/tags?post=650828"}],"curies":[{"name":"wp","href":"https:\/\/api.w.org\/{rel}","templated":true}]}}