{"id":650832,"date":"2026-01-09T03:33:30","date_gmt":"2026-01-09T03:33:30","guid":{"rendered":"https:\/\/www.europesays.com\/fr\/650832\/"},"modified":"2026-01-09T03:33:30","modified_gmt":"2026-01-09T03:33:30","slug":"tempete-goretti-le-cable-c1-interrompu-jusqua-demain-en-prevision-des-vents-forts-dans-le-val-de-marne","status":"publish","type":"post","link":"https:\/\/www.europesays.com\/fr\/650832\/","title":{"rendered":"Temp\u00eate Goretti. Le C\u00e2ble C1 interrompu jusqu&rsquo;\u00e0 demain en pr\u00e9vision des vents forts dans le Val-de-Marne"},"content":{"rendered":"<p>                    Par<br \/>\n        <strong><br \/>\n            <a href=\"https:\/\/actu.fr\/auteur\/marie-amelie-marchal\" title=\"Consulter tous les articles de Marie Amelie Marchal\" target=\"_blank\" rel=\"noopener\">Marie Amelie Marchal<\/a><br \/>\n                    <\/strong><\/p>\n<p>        Publi\u00e9 le<\/p>\n<p>            8 janv. 2026 \u00e0 17h14        <\/p>\n<p>D\u00e9cid\u00e9ment, la semaine est compliqu\u00e9e pour le jeune <a href=\"https:\/\/actu.fr\/tag\/cable-c1\" target=\"_blank\" rel=\"noopener\">C\u00e2ble C1<\/a> inaugur\u00e9 en <a href=\"https:\/\/actu.fr\/societe\/video-on-etait-presses-que-ca-arrive-l-ile-de-france-decouvre-son-premier-telepherique-le-cable-c1_63573734.html\" target=\"_blank\" rel=\"noopener\">d\u00e9cembre dernier<\/a> dans le Val-de-Marne. Apr\u00e8s un <a href=\"https:\/\/actu.fr\/ile-de-france\/paris_75056\/jusqu-a-7-centimetres-attendus-voici-ou-et-quand-tombera-la-neige-a-paris-et-en-ile-de-france_63661196.html\" target=\"_blank\" rel=\"noopener\">\u00e9pisode neigeux<\/a> in\u00e9dit en \u00cele-de-France, provoquant son <strong>interruption<\/strong> le 7\u00a0janvier 2026, c\u2019est la<a href=\"https:\/\/actu.fr\/ile-de-france\/paris_75056\/meteo-la-tempete-goretti-s-apprete-a-frapper-paris-et-l-ile-de-france-a-quoi-s-attendre_63664842.html\" target=\"_blank\" rel=\"noopener\"> temp\u00eate Goretti<\/a> \u00e0 venir qui signe l<strong>\u2019arr\u00eat temporaire du t\u00e9l\u00e9ph\u00e9rique<\/strong> ce jeudi 8\u00a0janvier.<\/p>\n<p>Reprise estim\u00e9e vers midi<\/p>\n<p class=\" wall-content\">En raison des <strong>vents exc\u00e9dant les 90\u00a0km\/h<\/strong>, les <a href=\"https:\/\/actu.fr\/ile-de-france\/limeil-brevannes_94044\/en-images-la-future-cabine-du-premier-telepherique-d-ile-de-france-devoilee_59766476.html\" target=\"_blank\" rel=\"noopener\">105 cabines<\/a> du C\u00e2ble C1 resteront au garage. Comme pr\u00e9vu dans le protocole, des<strong> bus de substitution<\/strong> assureront la desserte entre Cr\u00e9teil \u2013 Pointe du Lac et Villeneuve-Saint-Georges.<\/p>\n<p class=\" wall-content\">\n<p class=\" wall-content\">Interrompu \u00e0 partir de 21\u00a0heures ce soir, le trafic devrait reprendre vers midi demain. En temps normal, le C1 fonctionne de 5h30 \u00e0 00h30 au plus tard le week-end.<\/p>\n<p class=\" wall-content\">Personnalisez votre actualit\u00e9 en ajoutant vos villes et m\u00e9dias en favori avec <a href=\"https:\/\/moncompte.actu.fr\" title=\"D\u00e9couvez Mon Actu\" rel=\"nofollow noopener\" data-trk=\"{&quot;cta&quot;:{&quot;action&quot;:&quot;https:\\\/\\\/moncompte.actu.fr&quot;,&quot;category&quot;:&quot;mon compte&quot;,&quot;from&quot;:&quot;article footer&quot;,&quot;name&quot;:&quot;Mon actu&quot;,&quot;type&quot;:&quot;cta&quot;}}\" target=\"_blank\">Mon Actu<\/a>.<\/p>\n","protected":false},"excerpt":{"rendered":"Par Marie Amelie Marchal Publi\u00e9 le 8 janv. 2026 \u00e0 17h14 D\u00e9cid\u00e9ment, la semaine est compliqu\u00e9e pour le&hellip;\n","protected":false},"author":2,"featured_media":650833,"comment_status":"","ping_status":"","sticky":false,"template":"","format":"standard","meta":{"footnotes":""},"categories":[1888],"tags":[1111,1928,11,1927,69713,1777,674,1011,27,2357,12,1926,626,1925,25,104,75296],"class_list":{"0":"post-650832","1":"post","2":"type-post","3":"status-publish","4":"format-standard","5":"has-post-thumbnail","7":"category-paris","8":"tag-actu","9":"tag-actu-paris","10":"tag-actualites","11":"tag-actualites-paris","12":"tag-cable-c1","13":"tag-eu","14":"tag-europe","15":"tag-fr","16":"tag-france","17":"tag-meteo-france","18":"tag-news","19":"tag-news-paris","20":"tag-paris","21":"tag-paris-news","22":"tag-republique-francaise","23":"tag-societe","24":"tag-tempete-goretti"},"share_on_mastodon":{"url":"https:\/\/pubeurope.com\/@fr\/115863041019029942","error":""},"_links":{"self":[{"href":"https:\/\/www.europesays.com\/fr\/wp-json\/wp\/v2\/posts\/650832","targetHints":{"allow":["GET"]}}],"collection":[{"href":"https:\/\/www.europesays.com\/fr\/wp-json\/wp\/v2\/posts"}],"about":[{"href":"https:\/\/www.europesays.com\/fr\/wp-json\/wp\/v2\/types\/post"}],"author":[{"embeddable":true,"href":"https:\/\/www.europesays.com\/fr\/wp-json\/wp\/v2\/users\/2"}],"replies":[{"embeddable":true,"href":"https:\/\/www.europesays.com\/fr\/wp-json\/wp\/v2\/comments?post=650832"}],"version-history":[{"count":0,"href":"https:\/\/www.europesays.com\/fr\/wp-json\/wp\/v2\/posts\/650832\/revisions"}],"wp:featuredmedia":[{"embeddable":true,"href":"https:\/\/www.europesays.com\/fr\/wp-json\/wp\/v2\/media\/650833"}],"wp:attachment":[{"href":"https:\/\/www.europesays.com\/fr\/wp-json\/wp\/v2\/media?parent=650832"}],"wp:term":[{"taxonomy":"category","embeddable":true,"href":"https:\/\/www.europesays.com\/fr\/wp-json\/wp\/v2\/categories?post=650832"},{"taxonomy":"post_tag","embeddable":true,"href":"https:\/\/www.europesays.com\/fr\/wp-json\/wp\/v2\/tags?post=650832"}],"curies":[{"name":"wp","href":"https:\/\/api.w.org\/{rel}","templated":true}]}}