{"id":650843,"date":"2026-01-09T03:39:11","date_gmt":"2026-01-09T03:39:11","guid":{"rendered":"https:\/\/www.europesays.com\/fr\/650843\/"},"modified":"2026-01-09T03:39:11","modified_gmt":"2026-01-09T03:39:11","slug":"trump-devrait-rencontrer-lopposante-venezuelienne-machado-la-semaine-prochaine-aux-usa-09-01-2026-a-0405","status":"publish","type":"post","link":"https:\/\/www.europesays.com\/fr\/650843\/","title":{"rendered":"Trump devrait rencontrer l&rsquo;opposante v\u00e9n\u00e9zu\u00e9lienne Machado la semaine prochaine aux USA &#8211; 09\/01\/2026 \u00e0 04:05"},"content":{"rendered":"<p>\n Le pr\u00e9sident am\u00e9ricain<br \/>\nDonald Trump a laiss\u00e9 entendre jeudi soir lors d&rsquo;une interview<br \/>\nsur la cha\u00eene de t\u00e9l\u00e9vision Fox News que la cheffe de file de<br \/>\nl&rsquo;opposition v\u00e9n\u00e9zu\u00e9lienne Maria Corina Machado se rendrait \u00e0<br \/>\nWashington la semaine prochaine et qu&rsquo;il la rencontrerait \u00e0<br \/>\ncette occasion.\n<\/p>\n<p>\n Il a effectu\u00e9 ces commentaires cinq jours apr\u00e8s avoir<br \/>\nannonc\u00e9 la capture de Nicolas Maduro lors d&rsquo;une op\u00e9ration<br \/>\nmilitaire am\u00e9ricaine \u00e0 Caracas, dont des experts juridiques ont<br \/>\nmis en doute la l\u00e9galit\u00e9. Vis\u00e9 par des accusations de<br \/>\nnarcoterrorisme, qu&rsquo;il rejette, le pr\u00e9sident v\u00e9n\u00e9zu\u00e9lien d\u00e9chu a<br \/>\n\u00e9t\u00e9 pr\u00e9sent\u00e9 en d\u00e9but de semaine devant la justice am\u00e9ricaine.\n<\/p>\n<p>\n La Maison blanche n&rsquo;a pas r\u00e9pondu dans l&rsquo;imm\u00e9diat \u00e0 une<br \/>\ndemande de pr\u00e9cisions sur cette rencontre, qui serait la<br \/>\npremi\u00e8re entre Donald Trump et Maria Corina Machado.\n<\/p>\n<p>\n Vis\u00e9e depuis une d\u00e9cennie par une interdiction de voyage<br \/>\nimpos\u00e9e par le gouvernement de Nicolas Maduro, qu&rsquo;elle a brav\u00e9e<br \/>\nle mois dernier pour se rendre \u00e0 Oslo dans la foul\u00e9e de la<br \/>\nc\u00e9r\u00e9monie de remise du prix Nobel de la paix qui lui a \u00e9t\u00e9<br \/>\nd\u00e9cern\u00e9, Maria Corina Machado vit dans la clandestinit\u00e9. Apr\u00e8s<br \/>\nla capture de Maduro, elle a exprim\u00e9 son intention de revenir au<br \/>\nVenezuela, sans r\u00e9v\u00e9ler le lieu o\u00f9 elle se trouvait.\n<\/p>\n<p>\n La cheffe de file de l&rsquo;opposition v\u00e9n\u00e9zu\u00e9lienne a \u00e9galement<br \/>\ndit vouloir acc\u00e9l\u00e9rer la transition dans le pays avec la tenue<br \/>\nd&rsquo;\u00e9lections libres, une perspective toutefois douch\u00e9e par Donald<br \/>\nTrump, qui semble notamment se satisfaire que des loyalistes de<br \/>\nNicolas Maduro assurent l&rsquo;int\u00e9rim \u00e0 Caracas.\n<\/p>\n<p>\n Alors qu&rsquo;il a \u00e9cart\u00e9 l&rsquo;hypoth\u00e8se de la tenue de nouvelles<br \/>\n\u00e9lections au Venezuela \u00e0 court terme, le pr\u00e9sident am\u00e9ricain a<br \/>\nd\u00e9clar\u00e9 dans une interview donn\u00e9e mercredi New York Times que la<br \/>\nsupervision par Washington du pays d&rsquo;Am\u00e9rique latine pourrait<br \/>\ndurer \u00ab\u00a0bien plus longtemps\u00a0\u00bb qu&rsquo;un an.\n<\/p>\n<p>\n Donald Trump a r\u00e9it\u00e9r\u00e9 sa position jeudi soir sur Fox News.<br \/>\n\u00ab\u00a0Nous devons reb\u00e2tir (le Venezuela)\u00a0\u00bb, a-t-il d\u00e9clar\u00e9. \u00ab\u00a0Ils ne<br \/>\npourraient pas avoir une \u00e9lection. Ils ne sauraient m\u00eame pas<br \/>\ncomment faire, dans l&rsquo;imm\u00e9diat\u00a0\u00bb.\n<\/p>\n<p>\n Interrog\u00e9 sur une potentielle rencontre avec Maria Corina<br \/>\nMachado, il a dit avoir \u00e9t\u00e9 inform\u00e9 que cette derni\u00e8re allait<br \/>\nvenir aux Etats-Unis la semaine prochaine. \u00ab\u00a0J&rsquo;ai h\u00e2te de lui<br \/>\ndire bonjour\u00a0\u00bb, a-t-il ajout\u00e9 sur Fox News.\n<\/p>\n<p>\n Maria Corina Machado et Donald Trump ne se sont plus<br \/>\nentretenus depuis le 10 octobre dernier, jour de l&rsquo;attribution<br \/>\ndu prix Nobel de la paix, a d\u00e9clar\u00e9 plus t\u00f4t cette semaine<br \/>\nl&rsquo;opposante v\u00e9n\u00e9zu\u00e9lienne.\n<\/p>\n<p>\n Le pr\u00e9sident am\u00e9ricain a jug\u00e9 mardi que celle-ci ne<br \/>\nb\u00e9n\u00e9ficiait \u00ab\u00a0ni de soutien, ni de respect\u00a0\u00bb au Venezuela.\n<\/p>\n<p>\n (Jasper Ward, avec la contribution de Trevor Hunnicutt; version<br \/>\nfran\u00e7aise Jean Terzian)<\/p>\n","protected":false},"excerpt":{"rendered":"Le pr\u00e9sident am\u00e9ricain Donald Trump a laiss\u00e9 entendre jeudi soir lors d&rsquo;une interview sur la cha\u00eene de t\u00e9l\u00e9vision&hellip;\n","protected":false},"author":2,"featured_media":2486,"comment_status":"","ping_status":"","sticky":false,"template":"","format":"standard","meta":{"footnotes":""},"categories":[1589],"tags":[400,11,398,408,405,73,1866,403,402,399,404,12,401,406,1864,1865,1863,308,407],"class_list":{"0":"post-650843","1":"post","2":"type-post","3":"status-publish","4":"format-standard","5":"has-post-thumbnail","7":"category-etats-unis","8":"tag-action-cac-40","9":"tag-actualites","10":"tag-bourse-de-paris","11":"tag-boursorama","12":"tag-cotations","13":"tag-etats-unis","14":"tag-etats-unis-damerique","15":"tag-indices-devises","16":"tag-investir","17":"tag-investissement","18":"tag-marche-boursier","19":"tag-news","20":"tag-sicav","21":"tag-trackers","22":"tag-united-states","23":"tag-united-states-of-america","24":"tag-us","25":"tag-usa","26":"tag-warrants"},"share_on_mastodon":{"url":"https:\/\/pubeurope.com\/@fr\/115863064655074568","error":""},"_links":{"self":[{"href":"https:\/\/www.europesays.com\/fr\/wp-json\/wp\/v2\/posts\/650843","targetHints":{"allow":["GET"]}}],"collection":[{"href":"https:\/\/www.europesays.com\/fr\/wp-json\/wp\/v2\/posts"}],"about":[{"href":"https:\/\/www.europesays.com\/fr\/wp-json\/wp\/v2\/types\/post"}],"author":[{"embeddable":true,"href":"https:\/\/www.europesays.com\/fr\/wp-json\/wp\/v2\/users\/2"}],"replies":[{"embeddable":true,"href":"https:\/\/www.europesays.com\/fr\/wp-json\/wp\/v2\/comments?post=650843"}],"version-history":[{"count":0,"href":"https:\/\/www.europesays.com\/fr\/wp-json\/wp\/v2\/posts\/650843\/revisions"}],"wp:featuredmedia":[{"embeddable":true,"href":"https:\/\/www.europesays.com\/fr\/wp-json\/wp\/v2\/media\/2486"}],"wp:attachment":[{"href":"https:\/\/www.europesays.com\/fr\/wp-json\/wp\/v2\/media?parent=650843"}],"wp:term":[{"taxonomy":"category","embeddable":true,"href":"https:\/\/www.europesays.com\/fr\/wp-json\/wp\/v2\/categories?post=650843"},{"taxonomy":"post_tag","embeddable":true,"href":"https:\/\/www.europesays.com\/fr\/wp-json\/wp\/v2\/tags?post=650843"}],"curies":[{"name":"wp","href":"https:\/\/api.w.org\/{rel}","templated":true}]}}