{"id":650846,"date":"2026-01-09T03:41:22","date_gmt":"2026-01-09T03:41:22","guid":{"rendered":"https:\/\/www.europesays.com\/fr\/650846\/"},"modified":"2026-01-09T03:41:22","modified_gmt":"2026-01-09T03:41:22","slug":"zalando-ferme-un-site-en-allemagne-2700-emplois-supprimes","status":"publish","type":"post","link":"https:\/\/www.europesays.com\/fr\/650846\/","title":{"rendered":"Zalando ferme un site en Allemagne, 2700 emplois supprim\u00e9s"},"content":{"rendered":"<p class=\"lede\">Le g\u00e9ant allemand de la mode en ligne Zalando a annonc\u00e9 jeudi fermer un centre de distribution dans l&rsquo;Est de l&rsquo;Allemagne, qui emploie 2700 personnes, afin de moderniser son r\u00e9seau logistique europ\u00e9en menac\u00e9 par la rude concurrence des plateformes chinoises.<\/p>\n<p>Le site d&rsquo;Erfurt, qui repr\u00e9sente un sixi\u00e8me des effectifs de Zalando et constituait un \u00ab\u00a0pilier logistique crucial\u00a0\u00bb selon un communiqu\u00e9, fermera \u00e0 la fin septembre.<\/p>\n<p>\u00ab\u00a0Nous allons imm\u00e9diatement entamer des n\u00e9gociations avec le comit\u00e9 d&rsquo;entreprise d&rsquo;Erfurt pour \u00e9laborer un accord d&rsquo;int\u00e9r\u00eat et un plan social\u00a0\u00bb, d\u00e9taille l&rsquo;entreprise bas\u00e9e \u00e0 Berlin.<\/p>\n<p>Trois autres entrep\u00f4ts en Europe, exploit\u00e9s par des prestataires externes, cesseront aussi toute activit\u00e9.<\/p>\n<p>Contact\u00e9 par l&rsquo;AFP, le syndicat des services Ver.di n&rsquo;a pas r\u00e9pondu dans l&rsquo;imm\u00e9diat.<\/p>\n<p>Fond\u00e9 en 2008, ce groupe phare en Europe de la vente en ligne de v\u00eatements emploie 16&rsquo;000 personnes, dont pr\u00e8s de la moiti\u00e9 dans la capitale allemande.<\/p>\n<p>Selon Zalando, ce plan lui permettra de poursuivre sa strat\u00e9gie de croissance, avec une hausse annuelle de 5 \u00e0 10% des ventes r\u00e9alis\u00e9es sur son site et de son chiffre d&rsquo;affaires.<\/p>\n<p>A terme, le groupe comptera 14 centres de distribution, contre 12 aujourd&rsquo;hui, r\u00e9partis dans 7 pays.<\/p>\n<p>Il devrait ouvrir \u00e0 l&rsquo;\u00e9t\u00e9 un site \u00e0 Giessen, dans l&rsquo;ouest de l&rsquo;Allemagne, employant 1700 personnes.<\/p>\n<p>\u00ab\u00a0Nous continuerons d&rsquo;investir dans des technologies logistiques de pointe, l&rsquo;automatisation et des pratiques plus durables \u00e0 travers notre r\u00e9seau logistique paneurop\u00e9en\u00a0\u00bb, ajoute l&rsquo;entreprise cot\u00e9e \u00e0 la Bourse de Francfort.<\/p>\n<p>\u00ab\u00a0La fermeture du site d&rsquo;Erfurt n&rsquo;a aucun impact sur les activit\u00e9s en Suisse\u00a0\u00bb, a confirm\u00e9 un porte-parole \u00e0 AWP. Le g\u00e9ant allemand n&rsquo;a pas de centre logistique propre en Suisse et s&rsquo;appuie sur des prestataires externes, a-t-il ajout\u00e9.<\/p>\n<p>Vers 11H00 GMT, les investisseurs r\u00e9agissaient froidement \u00e0 cette annonce et l&rsquo;action perdait 2,35% dans un indice Dax en recul de 0,09%.<\/p>\n<p>Zalando doit aujourd&rsquo;hui composer avec la rude concurrence des plateformes chinoises Shein et Temu, qui renouvellent sans cesse leurs produits \u00e0 des prix cass\u00e9s et p\u00e9n\u00e8trent sans mal le march\u00e9 europ\u00e9en.<\/p>\n<p>Pour mieux rivaliser, Zalando avait rachet\u00e9 l&rsquo;an dernier son rival hambourgeois About you pour 1,1 milliards d&rsquo;euros, soit environ 1,0 milliards de francs.<\/p>\n<p>En 2023, le groupe avait aussi supprim\u00e9 plusieurs centaines d&#8217;emplois dans des branches ayant connu une croissance trop rapide, \u00e0 l&rsquo;image d&rsquo;autres mastodontes du secteur.<\/p>\n<p>Si le communiqu\u00e9 de Zalando mentionne aussi la question de l&rsquo;automatisation des syst\u00e8mes, il n&rsquo;aborde pas celle l&rsquo;Intelligence artificielle qui a conduit \u00e0 des suppressions de poste ailleurs, \u00e0 l&rsquo;instar du g\u00e9ant am\u00e9ricain du commerce en ligne Amazon.<\/p>\n<p>Cet article a \u00e9t\u00e9 publi\u00e9 automatiquement. Sources : ats \/ awp \/ afp<\/p>\n","protected":false},"excerpt":{"rendered":"Le g\u00e9ant allemand de la mode en ligne Zalando a annonc\u00e9 jeudi fermer un centre de distribution dans&hellip;\n","protected":false},"author":2,"featured_media":650847,"comment_status":"","ping_status":"","sticky":false,"template":"","format":"standard","meta":{"footnotes":""},"categories":[1587],"tags":[11,672,1804,1805,1803,1777,674,1801,12,1802],"class_list":{"0":"post-650846","1":"post","2":"type-post","3":"status-publish","4":"format-standard","5":"has-post-thumbnail","7":"category-allemagne","8":"tag-actualites","9":"tag-allemagne","10":"tag-bundesrepublik-deutschland","11":"tag-de","12":"tag-deutschland","13":"tag-eu","14":"tag-europe","15":"tag-germany","16":"tag-news","17":"tag-republique-federale-dallemagne"},"share_on_mastodon":{"url":"https:\/\/pubeurope.com\/@fr\/115863072523225305","error":""},"_links":{"self":[{"href":"https:\/\/www.europesays.com\/fr\/wp-json\/wp\/v2\/posts\/650846","targetHints":{"allow":["GET"]}}],"collection":[{"href":"https:\/\/www.europesays.com\/fr\/wp-json\/wp\/v2\/posts"}],"about":[{"href":"https:\/\/www.europesays.com\/fr\/wp-json\/wp\/v2\/types\/post"}],"author":[{"embeddable":true,"href":"https:\/\/www.europesays.com\/fr\/wp-json\/wp\/v2\/users\/2"}],"replies":[{"embeddable":true,"href":"https:\/\/www.europesays.com\/fr\/wp-json\/wp\/v2\/comments?post=650846"}],"version-history":[{"count":0,"href":"https:\/\/www.europesays.com\/fr\/wp-json\/wp\/v2\/posts\/650846\/revisions"}],"wp:featuredmedia":[{"embeddable":true,"href":"https:\/\/www.europesays.com\/fr\/wp-json\/wp\/v2\/media\/650847"}],"wp:attachment":[{"href":"https:\/\/www.europesays.com\/fr\/wp-json\/wp\/v2\/media?parent=650846"}],"wp:term":[{"taxonomy":"category","embeddable":true,"href":"https:\/\/www.europesays.com\/fr\/wp-json\/wp\/v2\/categories?post=650846"},{"taxonomy":"post_tag","embeddable":true,"href":"https:\/\/www.europesays.com\/fr\/wp-json\/wp\/v2\/tags?post=650846"}],"curies":[{"name":"wp","href":"https:\/\/api.w.org\/{rel}","templated":true}]}}