{"id":650854,"date":"2026-01-09T03:45:25","date_gmt":"2026-01-09T03:45:25","guid":{"rendered":"https:\/\/www.europesays.com\/fr\/650854\/"},"modified":"2026-01-09T03:45:25","modified_gmt":"2026-01-09T03:45:25","slug":"intemperies-hivernales-le-departement-du-finistere-mobilise-pour-votre-securite","status":"publish","type":"post","link":"https:\/\/www.europesays.com\/fr\/650854\/","title":{"rendered":"Intemp\u00e9ries hivernales : le D\u00e9partement du Finist\u00e8re mobilis\u00e9 pour votre s\u00e9curit\u00e9"},"content":{"rendered":"<p>Chaque hiver, le Finist\u00e8re est r\u00e9guli\u00e8rement confront\u00e9 \u00e0 des al\u00e9as climatiques parfois intenses : temp\u00eates, fortes pluies, inondations, neige, verglas ou encore vagues de submersion. Ces ph\u00e9nom\u00e8nes peuvent impacter la circulation, l\u2019acc\u00e8s aux services et la s\u00e9curit\u00e9 des habitants.<\/p>\n<p><strong>Se tenir inform\u00e9 est essentiel.<\/strong> Le D\u00e9partement invite l\u2019ensemble des usagers \u00e0 suivre attentivement les pr\u00e9visions m\u00e9t\u00e9orologiques, les vigilances en cours et l\u2019\u00e9tat du r\u00e9seau routier, en particulier lors d\u2019\u00e9pisodes m\u00e9t\u00e9orologiques d\u00e9grad\u00e9s.<\/p>\n<p>Se tenir inform\u00e9 en temps r\u00e9el<\/p>\n<p>Avant tout d\u00e9placement, il est recommand\u00e9 de consulter r\u00e9guli\u00e8rement :<\/p>\n<p>Le site <strong>Inforoute29<\/strong>, d\u00e9velopp\u00e9 par le D\u00e9partement du Finist\u00e8re, permet de suivre en temps r\u00e9el :<\/p>\n<ul class=\"wp-block-list\">\n<li>l\u2019\u00e9tat du r\u00e9seau routier d\u00e9partemental ;<\/li>\n<li>les conditions de circulation ;<\/li>\n<li>les fermetures de routes, accidents, travaux ou congestions ;<\/li>\n<li>les arr\u00eat\u00e9s pr\u00e9fectoraux et les itin\u00e9raires de transports exceptionnels\u2026<\/li>\n<\/ul>\n<p>Il est \u00e9galement possible de <a href=\"https:\/\/www.inforoute29.fr\/inscription-multicanal.php\" target=\"_blank\" rel=\"noopener\">s\u2019abonner aux alertes<\/a> pour <strong>\u00eatre inform\u00e9 rapidement de toute \u00e9volution<\/strong>.<\/p>\n<p>Pendant l\u2019hiver, le D\u00e9partement s\u00e9curise vos routes<\/p>\n<p>Gestionnaire de plus de <strong>3 500 km de routes d\u00e9partementales<\/strong>, le D\u00e9partement du Finist\u00e8re assure quotidiennement l\u2019exploitation, l\u2019entretien et la s\u00e9curisation du r\u00e9seau.<\/p>\n<p>En p\u00e9riode hivernale, un dispositif sp\u00e9cifique est activ\u00e9 :<\/p>\n<ul class=\"wp-block-list\">\n<li><strong>1 600 tonnes de sel<\/strong> sont stock\u00e9es dans les centres routiers du D\u00e9partement ;<\/li>\n<li><strong>25 saleuses et leurs \u00e9quipages<\/strong> sont mobilisables \u00e0 tout moment ;<\/li>\n<li>un <strong>plan de viabilit\u00e9 hivernale renforc\u00e9<\/strong> peut \u00eatre activ\u00e9 d\u00e8s que les conditions m\u00e9t\u00e9orologiques l\u2019exigent.<\/li>\n<\/ul>\n<p>Temp\u00eates et \u00e9pisodes climatiques : une mobilisation permanente<\/p>\n<p>Chutes d\u2019arbres, routes inond\u00e9es ou obstru\u00e9es, vents violents et fortes pr\u00e9cipitations peuvent perturber la circulation. D\u00e8s l\u2019annonce d\u2019une vigilance m\u00e9t\u00e9o, les <strong>\u00e9quipes techniques du D\u00e9partement se mobilisent<\/strong> :<\/p>\n<ul class=\"wp-block-list\">\n<li>interventions rapides pour d\u00e9gager les routes ;<\/li>\n<li>s\u00e9curisation des axes de circulation ;<\/li>\n<li>surveillance renforc\u00e9e des points sensibles du r\u00e9seau.<\/li>\n<\/ul>\n<p>L\u2019ensemble des services d\u00e9partementaux reste en alerte afin de <strong>garantir la s\u00e9curit\u00e9 des usagers et la continuit\u00e9 des d\u00e9placements<\/strong>, dans la mesure du possible.<\/p>\n<p>Le D\u00e9partement du Finist\u00e8re agit <strong>en \u00e9troite collaboration avec les collectivit\u00e9s locales, les services de l\u2019\u00c9tat<\/strong>, et <strong>de secours<\/strong>. Cette coordination permet une gestion efficace des situations de crise, une information fiable du public et une intervention rapide sur le terrain.<\/p>\n<p>Anticiper et g\u00e9rer les crises : un guide \u00e0 destination des \u00e9lus locaux<\/p>\n<p>Face \u00e0 la multiplication des \u00e9v\u00e9nements climatiques extr\u00eames, le D\u00e9partement du Finist\u00e8re accompagne les communes et intercommunalit\u00e9s. Un <strong>guide de gestion de crise<\/strong> est mis \u00e0 disposition des \u00e9lus locaux. Con\u00e7u comme une <strong>bo\u00eete \u00e0 outils op\u00e9rationnelle<\/strong>, il propose :<\/p>\n<ul class=\"wp-block-list\">\n<li>des rep\u00e8res pour anticiper et organiser la gestion de crise ;<\/li>\n<li>des bonnes pratiques et retours d\u2019exp\u00e9rience d\u2019\u00e9lus finist\u00e9riens ;<\/li>\n<li>des outils concrets : organigramme de crise, r\u00e9pertoire, main courante, suivi des actions et des appels, fiches missions\u2026<\/li>\n<\/ul>\n<p><strong>Ce guide est disponible en ligne<\/strong>, <a href=\"https:\/\/www.finistere.fr\/aides-et-services\/environnement\/tempete-gestion-de-crise\/\" target=\"_blank\" rel=\"noopener\">dans cette rubrique de notre site internet<\/a>.<\/p>\n<p>Ensemble, restons vigilants<\/p>\n<p>Le D\u00e9partement du Finist\u00e8re reste pleinement mobilis\u00e9 pour maintenir les routes et les services accessibles, accompagner les communes et assurer la s\u00e9curit\u00e9 de tous. En p\u00e9riode d\u2019intemp\u00e9ries :<\/p>\n<ul class=\"wp-block-list\">\n<li>informez-vous r\u00e9guli\u00e8rement,<\/li>\n<li>adaptez vos d\u00e9placements,<\/li>\n<li>respectez les consignes de s\u00e9curit\u00e9.<\/li>\n<\/ul>\n<p><strong>La vigilance de chacun contribue \u00e0 la s\u00e9curit\u00e9 de tous<\/strong>.<\/p>\n<p><a data-fancybox=\"gallery\" data-type=\"image\" class=\"lift lift-lg rounded\" href=\"https:\/\/www.europesays.com\/fr\/wp-content\/uploads\/2026\/01\/1-En-cas-de-tempete-les-bons-reflexes.jpg\"><img loading=\"lazy\" decoding=\"async\" width=\"1810\" height=\"2560\" data-id=\"13298\" src=\"https:\/\/www.europesays.com\/fr\/wp-content\/uploads\/2026\/01\/1-En-cas-de-tempete-les-bons-reflexes.jpg\" alt=\"\" class=\"wp-image-13298 img-fluid img-fluid\"  \/><\/a><\/p>\n<p><a data-fancybox=\"gallery\" data-type=\"image\" class=\"lift lift-lg rounded\" href=\"https:\/\/www.europesays.com\/fr\/wp-content\/uploads\/2026\/01\/2-Kit-durgence-72-heures.jpg\"><img loading=\"lazy\" decoding=\"async\" width=\"1810\" height=\"2560\" data-id=\"13299\" src=\"https:\/\/www.europesays.com\/fr\/wp-content\/uploads\/2026\/01\/2-Kit-durgence-72-heures.jpg\" alt=\"\" class=\"wp-image-13299 img-fluid img-fluid\"  \/><\/a><\/p>\n<p><a data-fancybox=\"gallery\" data-type=\"image\" class=\"lift lift-lg rounded\" href=\"https:\/\/www.europesays.com\/fr\/wp-content\/uploads\/2026\/01\/3-Elaguer-pour-la-securite-de-tous.jpg\"><img loading=\"lazy\" decoding=\"async\" width=\"1810\" height=\"2560\" data-id=\"13300\" src=\"https:\/\/www.europesays.com\/fr\/wp-content\/uploads\/2026\/01\/3-Elaguer-pour-la-securite-de-tous.jpg\" alt=\"\" class=\"wp-image-13300 img-fluid img-fluid\"  \/><\/a><\/p>\n<p><a data-fancybox=\"gallery\" data-type=\"image\" class=\"lift lift-lg rounded\" href=\"https:\/\/www.europesays.com\/fr\/wp-content\/uploads\/2026\/01\/4-Personnes-vulnerables-faites-vous-connaitre.jpg\"><img loading=\"lazy\" decoding=\"async\" width=\"1810\" height=\"2560\" data-id=\"13301\" src=\"https:\/\/www.europesays.com\/fr\/wp-content\/uploads\/2026\/01\/4-Personnes-vulnerables-faites-vous-connaitre.jpg\" alt=\"\" class=\"wp-image-13301 img-fluid img-fluid\"  \/><\/a><\/p>\n<p><a data-fancybox=\"gallery\" data-type=\"image\" class=\"lift lift-lg rounded\" href=\"https:\/\/www.europesays.com\/fr\/wp-content\/uploads\/2026\/01\/5-Prevention-des-incendies.jpg\"><img loading=\"lazy\" decoding=\"async\" width=\"1810\" height=\"2560\" data-id=\"13302\" src=\"https:\/\/www.europesays.com\/fr\/wp-content\/uploads\/2026\/01\/5-Prevention-des-incendies.jpg\" alt=\"\" class=\"wp-image-13302 img-fluid img-fluid\"  \/><\/a><\/p>\n<p><a data-fancybox=\"gallery\" data-type=\"image\" class=\"lift lift-lg rounded\" href=\"https:\/\/www.europesays.com\/fr\/wp-content\/uploads\/2026\/01\/6-Respectez-vos-elus-et-les-agents-du-service-public.jpg\"><img loading=\"lazy\" decoding=\"async\" width=\"1810\" height=\"2560\" data-id=\"13303\" src=\"https:\/\/www.europesays.com\/fr\/wp-content\/uploads\/2026\/01\/6-Respectez-vos-elus-et-les-agents-du-service-public.jpg\" alt=\"\" class=\"wp-image-13303 img-fluid img-fluid\"  \/><\/a><\/p>\n","protected":false},"excerpt":{"rendered":"Chaque hiver, le Finist\u00e8re est r\u00e9guli\u00e8rement confront\u00e9 \u00e0 des al\u00e9as climatiques parfois intenses : temp\u00eates, fortes pluies, inondations,&hellip;\n","protected":false},"author":2,"featured_media":650855,"comment_status":"","ping_status":"","sticky":false,"template":"","format":"standard","meta":{"footnotes":""},"categories":[2],"tags":[11,1011,27,12,25],"class_list":{"0":"post-650854","1":"post","2":"type-post","3":"status-publish","4":"format-standard","5":"has-post-thumbnail","7":"category-actualites","8":"tag-actualites","9":"tag-fr","10":"tag-france","11":"tag-news","12":"tag-republique-francaise"},"share_on_mastodon":{"url":"https:\/\/pubeurope.com\/@fr\/115863088471476806","error":""},"_links":{"self":[{"href":"https:\/\/www.europesays.com\/fr\/wp-json\/wp\/v2\/posts\/650854","targetHints":{"allow":["GET"]}}],"collection":[{"href":"https:\/\/www.europesays.com\/fr\/wp-json\/wp\/v2\/posts"}],"about":[{"href":"https:\/\/www.europesays.com\/fr\/wp-json\/wp\/v2\/types\/post"}],"author":[{"embeddable":true,"href":"https:\/\/www.europesays.com\/fr\/wp-json\/wp\/v2\/users\/2"}],"replies":[{"embeddable":true,"href":"https:\/\/www.europesays.com\/fr\/wp-json\/wp\/v2\/comments?post=650854"}],"version-history":[{"count":0,"href":"https:\/\/www.europesays.com\/fr\/wp-json\/wp\/v2\/posts\/650854\/revisions"}],"wp:featuredmedia":[{"embeddable":true,"href":"https:\/\/www.europesays.com\/fr\/wp-json\/wp\/v2\/media\/650855"}],"wp:attachment":[{"href":"https:\/\/www.europesays.com\/fr\/wp-json\/wp\/v2\/media?parent=650854"}],"wp:term":[{"taxonomy":"category","embeddable":true,"href":"https:\/\/www.europesays.com\/fr\/wp-json\/wp\/v2\/categories?post=650854"},{"taxonomy":"post_tag","embeddable":true,"href":"https:\/\/www.europesays.com\/fr\/wp-json\/wp\/v2\/tags?post=650854"}],"curies":[{"name":"wp","href":"https:\/\/api.w.org\/{rel}","templated":true}]}}