{"id":650865,"date":"2026-01-09T03:56:11","date_gmt":"2026-01-09T03:56:11","guid":{"rendered":"https:\/\/www.europesays.com\/fr\/650865\/"},"modified":"2026-01-09T03:56:11","modified_gmt":"2026-01-09T03:56:11","slug":"la-maison-gainsbourg-en-redressement-judiciaire-reprise-par-un-proche-de-charlotte-actualites","status":"publish","type":"post","link":"https:\/\/www.europesays.com\/fr\/650865\/","title":{"rendered":"La Maison Gainsbourg, en redressement judiciaire, reprise par un proche de Charlotte : Actualit\u00e9s"},"content":{"rendered":"<p class=\"lead \">Un nouveau souffle pour la Maison Gainsbourg: l&rsquo;adresse mythique du chanteur, ouverte au public mais en redressement judiciaire \u00e0 cause d&rsquo;importantes difficult\u00e9s financi\u00e8res, va \u00eatre reprise par un ami de Charlotte Gainsbourg, a d\u00e9cid\u00e9 jeudi le tribunal des activit\u00e9s \u00e9conomiques de Paris.<\/p>\n<p class=\"lead \">Inaugur\u00e9 en septembre 2023, le lieu avait vite connu la d\u00e9route: la soci\u00e9t\u00e9 d&rsquo;exploitation de l&rsquo;h\u00f4tel particulier de Serge Gainsbourg et de ses annexes (SEHPSGA), qui pilote le projet, avait \u00e9t\u00e9 en cessation de paiement d\u00e8s ao\u00fbt 2024, puis plac\u00e9e en redressement.<\/p>\n<p class=\"lead \">Derri\u00e8re un succ\u00e8s touristique, les tensions \u00e9taient \u00e0 leur comble entre les deux associ\u00e9s: d&rsquo;un c\u00f4t\u00e9 l&rsquo;actrice Charlotte Gainsbourg, fille de Serge et de Jane Birkin, de l&rsquo;autre Dominique Dutreix, promoteur immobilier, via sa soci\u00e9t\u00e9 Coffim.<\/p>\n<p class=\"lead \">Charg\u00e9 de trancher entre plusieurs propositions sur l&rsquo;avenir du lieu, le tribunal a valid\u00e9 la vente de la soci\u00e9t\u00e9 d&rsquo;exploitation \u00e0 l&rsquo;entreprise Avoda, selon un jugement consult\u00e9 par l&rsquo;AFP.<\/p>\n<p class=\"lead \">Cette entreprise est pr\u00e9sid\u00e9e par Philippe Dabi, un ami de Charlotte Gainsbourg, fondateur du groupe de biologie m\u00e9dicale Bioclinic, par ailleurs administrateur du Paris FC, club de Ligue 1.<\/p>\n<p class=\"lead \">Ce repreneur avait d\u00e9pos\u00e9 une offre en septembre, pour un montant de 850.000 euros, couvrant l&rsquo;ensemble des actifs de la soci\u00e9t\u00e9 d&rsquo;exploitation, selon ce jugement.<\/p>\n<p class=\"lead \">Propri\u00e9taire de la Maison Gainsbourg, situ\u00e9e au 5 bis rue de Verneuil \u00e0 Paris, la fille du c\u00e9l\u00e8bre chanteur demeure partie prenante de ce nouveau montage. Le tribunal l&rsquo;a en effet autoris\u00e9e \u00e0 entrer au capital d&rsquo;une soci\u00e9t\u00e9 en cours de cr\u00e9ation par Adova pour organiser cette reprise.<\/p>\n<p class=\"lead \">L&rsquo;actrice a reproch\u00e9 \u00e0 Dominique Dutreix des op\u00e9rations financi\u00e8res non conformes et des irr\u00e9gularit\u00e9s ayant mis les comptes dans le rouge d\u00e8s le d\u00e9marrage, avec plus d&rsquo;un million d&rsquo;euros de dettes envers des fournisseurs.<\/p>\n<p class=\"lead \">D\u00e9sormais \u00e9cart\u00e9 de l&rsquo;affaire, l&rsquo;ancien associ\u00e9, qui conteste les faits reproch\u00e9s, fait en parall\u00e8le l&rsquo;objet de plusieurs proc\u00e9dures dont l&rsquo;une au p\u00e9nal pour abus de bien social.<\/p>\n<p class=\"lead \">Soutenue par des partenaires publics et la marque de luxe Saint Laurent, la Maison Gainsbourg, \u00e0 la jauge tr\u00e8s r\u00e9duite, est pris\u00e9e pour son int\u00e9rieur intimiste, conserv\u00e9 intact. <\/p>\n<p class=\"lead \">Le chanteur-po\u00e8te aux titres cultes comme \u00ab\u00a0La Javanaise\u00a0\u00bb, \u00ab\u00a0Je t&rsquo;aime moi non plus\u00a0\u00bb et \u00ab\u00a0Bonnie and Clyde\u00a0\u00bb, avec Brigitte Bardot, y v\u00e9cut pendant 22 ans et y mourut en 1991.<\/p>\n<p class=\"lead \">Juste en face, au 14, se trouvent un mus\u00e9e qui retrace l\u2019\u0153uvre de l&rsquo;artiste et le Gainsbarre, piano-bar.<\/p>\n<p class=\"lead \">Malgr\u00e9 ces tribulations judiciaires en coulisses, la Maison comme le mus\u00e9e sont toujours rest\u00e9s accessibles.<\/p>\n<p class=\"small font-weight-bold text-gray3 \"> publi\u00e9 le 8 janvier \u00e0 18h38, AFP<\/p>\n<p>                             Partager<\/p>\n","protected":false},"excerpt":{"rendered":"Un nouveau souffle pour la Maison Gainsbourg: l&rsquo;adresse mythique du chanteur, ouverte au public mais en redressement judiciaire&hellip;\n","protected":false},"author":2,"featured_media":650866,"comment_status":"","ping_status":"","sticky":false,"template":"","format":"standard","meta":{"footnotes":""},"categories":[1359],"tags":[1971,6327,58,59,590,1011,27,303,873,2551,973],"class_list":{"0":"post-650865","1":"post","2":"type-post","3":"status-publish","4":"format-standard","5":"has-post-thumbnail","7":"category-people","8":"tag-clbrits","9":"tag-dette","10":"tag-divertissement","11":"tag-entertainment","12":"tag-finance","13":"tag-fr","14":"tag-france","15":"tag-justice","16":"tag-musique","17":"tag-patrimoine","18":"tag-people"},"share_on_mastodon":{"url":"https:\/\/pubeurope.com\/@fr\/115863131474208589","error":""},"_links":{"self":[{"href":"https:\/\/www.europesays.com\/fr\/wp-json\/wp\/v2\/posts\/650865","targetHints":{"allow":["GET"]}}],"collection":[{"href":"https:\/\/www.europesays.com\/fr\/wp-json\/wp\/v2\/posts"}],"about":[{"href":"https:\/\/www.europesays.com\/fr\/wp-json\/wp\/v2\/types\/post"}],"author":[{"embeddable":true,"href":"https:\/\/www.europesays.com\/fr\/wp-json\/wp\/v2\/users\/2"}],"replies":[{"embeddable":true,"href":"https:\/\/www.europesays.com\/fr\/wp-json\/wp\/v2\/comments?post=650865"}],"version-history":[{"count":0,"href":"https:\/\/www.europesays.com\/fr\/wp-json\/wp\/v2\/posts\/650865\/revisions"}],"wp:featuredmedia":[{"embeddable":true,"href":"https:\/\/www.europesays.com\/fr\/wp-json\/wp\/v2\/media\/650866"}],"wp:attachment":[{"href":"https:\/\/www.europesays.com\/fr\/wp-json\/wp\/v2\/media?parent=650865"}],"wp:term":[{"taxonomy":"category","embeddable":true,"href":"https:\/\/www.europesays.com\/fr\/wp-json\/wp\/v2\/categories?post=650865"},{"taxonomy":"post_tag","embeddable":true,"href":"https:\/\/www.europesays.com\/fr\/wp-json\/wp\/v2\/tags?post=650865"}],"curies":[{"name":"wp","href":"https:\/\/api.w.org\/{rel}","templated":true}]}}