{"id":650867,"date":"2026-01-09T03:57:19","date_gmt":"2026-01-09T03:57:19","guid":{"rendered":"https:\/\/www.europesays.com\/fr\/650867\/"},"modified":"2026-01-09T03:57:19","modified_gmt":"2026-01-09T03:57:19","slug":"les-ecoles-dart-un-pari-pour-lavenir-episode-4-4-du-podcast-la-culture-sous-pression","status":"publish","type":"post","link":"https:\/\/www.europesays.com\/fr\/650867\/","title":{"rendered":"Les \u00e9coles d\u2019art, un pari pour l\u2019avenir : \u00e9pisode 4\/4 du podcast La culture sous pression"},"content":{"rendered":"<p class=\"PopSlotParagraph qg-tx2 qg-xtra-lh svelte-1r0pyek\">A l\u2019ombre des plus prestigieuses institutions, comme l\u2019\u00e9cole des Arts D\u00e9coratifs ou les Beaux-Arts de Paris, la France est maill\u00e9e d\u2019\u00e9coles territoriales dont certaines h\u00e9ritent d\u2019une tradition plus de bicentenaire.<\/p>\n<p class=\"PopSlotParagraph qg-tx2 qg-xtra-lh svelte-1r0pyek\">Mais la parenth\u00e8se qui a souhait\u00e9 d\u00e9mocratiser les carri\u00e8res artistiques pour tous semble doucement se refermer. Pr\u00e9sent\u00e9e comme trop nombreuses, voire comme anachroniques par certaines collectivit\u00e9s, ces \u00e9coles se voient rattraper par des imp\u00e9ratifs de performance et des restrictions budg\u00e9taires qui fragilisent l\u2019existence de certaines d\u2019entre elles. Eric Jourdan, directeur de l\u2019Esadse \u00e0 Saint-Etienne, rappelle qu\u2019il faut quand m\u00eame expliquer tous les ans ce qu\u2019on fait dans cette \u00e9cole (&#8230;) une \u00e9cole d\u2019ing\u00e9nieurs ou de marketing, c\u2019est facile \u00e0 d\u00e9fendre car on voit tout de suite ce que cela va produire. (&#8230;) Nous il faut convaincre chaque ann\u00e9e\u201d.<\/p>\n<p class=\"PopSlotParagraph qg-tx2 qg-xtra-lh svelte-1r0pyek\">En diversifiant leurs fili\u00e8res, notamment avec de l\u2019alternance, les \u00e9coles d\u2019art montrent sur tout le territoire leur souci d\u2019employabilit\u00e9 pour leurs \u00e9tudiants\u00a0: \u201cJe ressens une anxi\u00e9t\u00e9 diffuse chez les \u00e9tudiants plus grande qu\u2019\u00e0 mon \u00e9poque\u201d explique le professeur Thierry Froger aux Beaux-Arts de Nantes, \u201cils sont plus pr\u00e9occup\u00e9s par l\u2019apr\u00e8s-\u00e9cole\u201d.<\/p>\n<p class=\"PopSlotParagraph qg-tx2 qg-xtra-lh svelte-1r0pyek\">Mais, alors quel r\u00f4le ces \u00e9coles et leurs \u00e9tudiants entendent prendre dans la soci\u00e9t\u00e9 \u00e0 venir et \u00e0 construire\u00a0? Et si une partie des solutions de nos crises environnementales et sociales se trouvaient dans les ateliers de ces \u00e9coles\u00a0?<\/p>\n<p class=\"PopSlotParagraph qg-tx2 qg-xtra-lh svelte-1r0pyek\">Un documentaire de\u00a0<strong>Bruno Benquey<\/strong>, r\u00e9alis\u00e9 par\u00a0<strong>Agn\u00e8s Cathou<\/strong>.<\/p>\n<p class=\"PopSlotParagraph qg-tx2 qg-xtra-lh svelte-1r0pyek\"><strong>Merci \u00e0<\/strong>,<\/p>\n<p class=\"PopSlotParagraph qg-tx2 qg-xtra-lh svelte-1r0pyek\"><strong>Rozenn le Merrer<\/strong>, directrice des Beaux Arts de Nantes-Saint Nazaire<\/p>\n<p class=\"PopSlotParagraph qg-tx2 qg-xtra-lh svelte-1r0pyek\"><strong>Eric Jourdan<\/strong> directeur de l\u2019\u00e9cole sup\u00e9rieure d\u2019art et de design de Saint-Etienne<\/p>\n<p class=\"PopSlotParagraph qg-tx2 qg-xtra-lh svelte-1r0pyek\"><strong>Ulrika Byttner<\/strong>, directrice de l\u2019\u00e9cole Sup\u00e9rieur d\u2019Art et de Design Le Havre &#8211; Rouen, co-directrice de l\u2019Association nationale des \u00e9coles sup\u00e9rieurs d\u2019art<\/p>\n<p class=\"PopSlotParagraph qg-tx2 qg-xtra-lh svelte-1r0pyek\"><strong>C\u00e9dric Loire<\/strong>, professeur \u00e0 l\u2019\u00e9cole sup\u00e9rieur de Clermont-M\u00e9tropole et co-directeur de l\u2019Association nationale des \u00e9coles sup\u00e9rieures d\u2019art<\/p>\n<p class=\"PopSlotParagraph qg-tx2 qg-xtra-lh svelte-1r0pyek\"><strong>J\u00e9r\u00f4me Dupeyrat<\/strong>, professeur \u00e0 l\u2019institut sup\u00e9rieur des Arts de Toulouse et membre du Snead-CGT<\/p>\n<p class=\"PopSlotParagraph qg-tx2 qg-xtra-lh svelte-1r0pyek\"><strong>Simon Muller<\/strong>, ma\u00eetre-verrier \u00e0 Nantes,<\/p>\n<p class=\"PopSlotParagraph qg-tx2 qg-xtra-lh svelte-1r0pyek\"><strong>Gregory Granados<\/strong>, designer et professeur \u00e0 Saint-Etienne<\/p>\n<p class=\"PopSlotParagraph qg-tx2 qg-xtra-lh svelte-1r0pyek\"><strong>Elen Gavillet<\/strong>, designer et professeure \u00e0 Saint-Etienne,<\/p>\n<p class=\"PopSlotParagraph qg-tx2 qg-xtra-lh svelte-1r0pyek\"><strong>Fr\u00e9d\u00e9ric Malette<\/strong>, artiste et professeur \u00e0 Nantes<\/p>\n<p class=\"PopSlotParagraph qg-tx2 qg-xtra-lh svelte-1r0pyek\"><strong>Thierry Froget<\/strong>, \u00e9crivain et professeur \u00e0 Nantes<\/p>\n<p class=\"PopSlotParagraph qg-tx2 qg-xtra-lh svelte-1r0pyek\">Merci aux personnels et aux \u00e9tudiants rencontr\u00e9s aux Beaux-Arts de Nantes et \u00e0 l\u2019Esadse de Saint-Etienne, et tout particuli\u00e8rement \u00e0 Yalhma Robette, Mathilde Garcia, H\u00e9l\u00e8na Clade, Nivine El Hachaoui, Ad\u00e8le Prad\u00e8re, No\u00e9mie Guillaume.<\/p>\n","protected":false},"excerpt":{"rendered":"A l\u2019ombre des plus prestigieuses institutions, comme l\u2019\u00e9cole des Arts D\u00e9coratifs ou les Beaux-Arts de Paris, la France&hellip;\n","protected":false},"author":2,"featured_media":650868,"comment_status":"","ping_status":"","sticky":false,"template":"","format":"standard","meta":{"footnotes":""},"categories":[1358],"tags":[1348,1384,1385,1386,58,59,1011,27],"class_list":{"0":"post-650867","1":"post","2":"type-post","3":"status-publish","4":"format-standard","5":"has-post-thumbnail","7":"category-arts-et-design","8":"tag-arts","9":"tag-arts-and-design","10":"tag-arts-et-design","11":"tag-design","12":"tag-divertissement","13":"tag-entertainment","14":"tag-fr","15":"tag-france"},"share_on_mastodon":{"url":"https:\/\/pubeurope.com\/@fr\/115863135369576864","error":""},"_links":{"self":[{"href":"https:\/\/www.europesays.com\/fr\/wp-json\/wp\/v2\/posts\/650867","targetHints":{"allow":["GET"]}}],"collection":[{"href":"https:\/\/www.europesays.com\/fr\/wp-json\/wp\/v2\/posts"}],"about":[{"href":"https:\/\/www.europesays.com\/fr\/wp-json\/wp\/v2\/types\/post"}],"author":[{"embeddable":true,"href":"https:\/\/www.europesays.com\/fr\/wp-json\/wp\/v2\/users\/2"}],"replies":[{"embeddable":true,"href":"https:\/\/www.europesays.com\/fr\/wp-json\/wp\/v2\/comments?post=650867"}],"version-history":[{"count":0,"href":"https:\/\/www.europesays.com\/fr\/wp-json\/wp\/v2\/posts\/650867\/revisions"}],"wp:featuredmedia":[{"embeddable":true,"href":"https:\/\/www.europesays.com\/fr\/wp-json\/wp\/v2\/media\/650868"}],"wp:attachment":[{"href":"https:\/\/www.europesays.com\/fr\/wp-json\/wp\/v2\/media?parent=650867"}],"wp:term":[{"taxonomy":"category","embeddable":true,"href":"https:\/\/www.europesays.com\/fr\/wp-json\/wp\/v2\/categories?post=650867"},{"taxonomy":"post_tag","embeddable":true,"href":"https:\/\/www.europesays.com\/fr\/wp-json\/wp\/v2\/tags?post=650867"}],"curies":[{"name":"wp","href":"https:\/\/api.w.org\/{rel}","templated":true}]}}