{"id":650881,"date":"2026-01-09T04:05:10","date_gmt":"2026-01-09T04:05:10","guid":{"rendered":"https:\/\/www.europesays.com\/fr\/650881\/"},"modified":"2026-01-09T04:05:10","modified_gmt":"2026-01-09T04:05:10","slug":"adieu-aux-lampes-traditionnelles-en-2026-ces-ampoules-connectees-plus-elegantes-et-pratiques-vont-tout-changer","status":"publish","type":"post","link":"https:\/\/www.europesays.com\/fr\/650881\/","title":{"rendered":"Adieu aux lampes traditionnelles : en 2026, ces ampoules connect\u00e9es plus \u00e9l\u00e9gantes et pratiques vont tout changer"},"content":{"rendered":"<p>En 2026, la petite lampe \u00e0 abat-jour pos\u00e9e au bout du canap\u00e9 n\u2019a<br \/>\nplus le monopole de la lumi\u00e8re cosy. La tendance est aux luminaires<br \/>\nqui prennent toute la sc\u00e8ne : pi\u00e8ces sculpturales, formes<br \/>\norganiques, volumes g\u00e9n\u00e9reux qui deviennent presque des \u0153uvres<br \/>\nd\u2019art. C\u00e9ramique, pl\u00e2tre, verre souffl\u00e9 ou m\u00e9tal bross\u00e9<br \/>\ntransforment d\u00e9j\u00e0 les plafonniers et lampadaires en v\u00e9ritables<br \/>\nobjets de d\u00e9coration.<\/p>\n<p>Dans cet univers tr\u00e8s d\u00e9co, la lumi\u00e8re elle-m\u00eame change de r\u00f4le.<br \/>\nElle devient diffuse, chaude, en couches, gr\u00e2ce \u00e0 des sources<br \/>\nindirectes qui rebondissent sur murs et plafonds pour cr\u00e9er des<br \/>\nambiances enveloppantes. Derri\u00e8re cette r\u00e9volution discr\u00e8te, une<br \/>\nalternative se glisse dans nos int\u00e9rieurs pour remplacer les lampes<br \/>\ntraditionnelles : de simples <strong>ampoules connect\u00e9es<\/strong><br \/>\ngliss\u00e9es dans des luminaires bien choisis.<\/p>\n<p>Pourquoi les ampoules connect\u00e9es bousculent vos lampes<br \/>\nclassiques<\/p>\n<p>Une lampe classique propose une seule intensit\u00e9, un seul type de<br \/>\nblanc, souvent assez dur. En rempla\u00e7ant l\u2019ampoule par une version<br \/>\nintelligente, on la visse sur un culot standard existant et on<br \/>\ngagne un contr\u00f4le fin : lumi\u00e8re blanche froide pour travailler,<br \/>\nblanc chaud le soir, voire couleurs pour les moments festifs, le<br \/>\ntout r\u00e9gl\u00e9 depuis un smartphone ou par la voix.<\/p>\n<p>Li\u00e9es \u00e0 un assistant vocal comme Google Home, Alexa ou Siri, ces<br \/>\nampoules s\u2019allument, s\u2019\u00e9teignent ou se tamisent sans toucher \u00e0<br \/>\nl\u2019interrupteur et d\u00e9clenchent des routines : r\u00e9veil progressif,<br \/>\nextinction des chambres, pr\u00e9sence simul\u00e9e en vacances. Comme ce<br \/>\nsont des LED, la consommation reste basse ; la connexion ajoute<br \/>\nseulement quelques centimes d\u2019euro par an.<\/p>\n<p>Wi-Fi, ZigBee, Thread : choisir son \u00e9cosyst\u00e8me en 2026<\/p>\n<p>Pour une ou deux lampes, les mod\u00e8les Wi-Fi comme Yeelight 1S ou<br \/>\nTP-Link KL110 Kasa se contentent de votre box, sans pont d\u00e9di\u00e9. D\u00e8s<br \/>\nque l\u2019on \u00e9quipe tout un logement, les syst\u00e8mes \u00e0 pont ZigBee, tels<br \/>\nque <strong>Philips Hue<\/strong> ou Ikea TR\u00c5DFRI, prennent<br \/>\nl\u2019avantage avec un r\u00e9seau maill\u00e9 plus stable capable de g\u00e9rer<br \/>\njusqu\u2019\u00e0 une cinquantaine de lampes.<\/p>\n<ul>\n<li>Wi-Fi : pour quelques lampes, installation simple.<\/li>\n<li>ZigBee : pour une maison enti\u00e8re.<\/li>\n<li>Thread : r\u00e9seau maill\u00e9 r\u00e9cent, ami des futures box Matter.<\/li>\n<\/ul>\n<p>Le protocole Thread, d\u00e9j\u00e0 pris en charge par certains produits<br \/>\nApple, Google et Nanoleaf Essentials, pr\u00e9pare une maison o\u00f9 chaque<br \/>\nluminaire sert aussi de relais pour les autres, avec moins de<br \/>\nlatence et une meilleure autonomie. Les kits Philips Hue White and<br \/>\nColor Ambiance, les ampoules filament design Hue ou Wiz E27 ST64 et<br \/>\nles gammes Ikea TR\u00c5DFRI couvrent d\u00e9j\u00e0 la plupart des usages, du<br \/>\nsalon au jardin.<\/p>\n<p>Luminaires sculpturaux et ampoules<br \/>\nintelligentes : le duo d\u00e9co de 2026<\/p>\n<p>Les tendances de 2026 misent sur des luminaires sculpturaux aux<br \/>\nlignes courbes, inspir\u00e9s de l\u2019architecture fluide. Une suspension<br \/>\nen pl\u00e2tre textur\u00e9 ou un pied de lampe en c\u00e9ramique, \u00e9quip\u00e9 d\u2019une<br \/>\nampoule filament connect\u00e9e comme une Philips Hue Filament ou une<br \/>\nWiz E27, devient aussit\u00f4t un point focal qui reste spectaculaire,<br \/>\nm\u00eame \u00e9teint.<\/p>\n<p>Autre cl\u00e9 de ce nouvel \u00e9clairage : multiplier les couches plut\u00f4t<br \/>\nqu\u2019un plafonnier unique. On associe lampes d\u2019appoint, appliques et<br \/>\nbandes LED connect\u00e9es pour modeler les ombres et r\u00e9gler la<br \/>\ntemp\u00e9rature de couleur pour une ambiance douce ou plus neutre. Une<br \/>\nseule pi\u00e8ce forte, bien plac\u00e9e et pilot\u00e9e, suffit alors \u00e0 remplacer<br \/>\nla lampe traditionnelle.<\/p>\n","protected":false},"excerpt":{"rendered":"En 2026, la petite lampe \u00e0 abat-jour pos\u00e9e au bout du canap\u00e9 n\u2019a plus le monopole de la&hellip;\n","protected":false},"author":2,"featured_media":650882,"comment_status":"","ping_status":"","sticky":false,"template":"","format":"standard","meta":{"footnotes":""},"categories":[7],"tags":[8117,1386,1011,27,142,2142,43,40,41,39,42,44,18830],"class_list":{"0":"post-650881","1":"post","2":"type-post","3":"status-publish","4":"format-standard","5":"has-post-thumbnail","7":"category-sciences-et-technologies","8":"tag-deco","9":"tag-design","10":"tag-fr","11":"tag-france","12":"tag-high-tech","13":"tag-maison","14":"tag-science","15":"tag-science-and-technology","16":"tag-sciences","17":"tag-sciences-et-technologies","18":"tag-technologies","19":"tag-technology","20":"tag-tendances"},"share_on_mastodon":{"url":"https:\/\/pubeurope.com\/@fr\/115863166915064482","error":""},"_links":{"self":[{"href":"https:\/\/www.europesays.com\/fr\/wp-json\/wp\/v2\/posts\/650881","targetHints":{"allow":["GET"]}}],"collection":[{"href":"https:\/\/www.europesays.com\/fr\/wp-json\/wp\/v2\/posts"}],"about":[{"href":"https:\/\/www.europesays.com\/fr\/wp-json\/wp\/v2\/types\/post"}],"author":[{"embeddable":true,"href":"https:\/\/www.europesays.com\/fr\/wp-json\/wp\/v2\/users\/2"}],"replies":[{"embeddable":true,"href":"https:\/\/www.europesays.com\/fr\/wp-json\/wp\/v2\/comments?post=650881"}],"version-history":[{"count":0,"href":"https:\/\/www.europesays.com\/fr\/wp-json\/wp\/v2\/posts\/650881\/revisions"}],"wp:featuredmedia":[{"embeddable":true,"href":"https:\/\/www.europesays.com\/fr\/wp-json\/wp\/v2\/media\/650882"}],"wp:attachment":[{"href":"https:\/\/www.europesays.com\/fr\/wp-json\/wp\/v2\/media?parent=650881"}],"wp:term":[{"taxonomy":"category","embeddable":true,"href":"https:\/\/www.europesays.com\/fr\/wp-json\/wp\/v2\/categories?post=650881"},{"taxonomy":"post_tag","embeddable":true,"href":"https:\/\/www.europesays.com\/fr\/wp-json\/wp\/v2\/tags?post=650881"}],"curies":[{"name":"wp","href":"https:\/\/api.w.org\/{rel}","templated":true}]}}