{"id":650885,"date":"2026-01-09T04:07:11","date_gmt":"2026-01-09T04:07:11","guid":{"rendered":"https:\/\/www.europesays.com\/fr\/650885\/"},"modified":"2026-01-09T04:07:11","modified_gmt":"2026-01-09T04:07:11","slug":"5-hommes-dont-deux-mineurs-mis-en-examen","status":"publish","type":"post","link":"https:\/\/www.europesays.com\/fr\/650885\/","title":{"rendered":"5 hommes, dont deux mineurs, mis en examen"},"content":{"rendered":"<p class=\"svelte-qfpp5o first-paragraph\">Une adolescente de 15 ans a port\u00e9 plainte, le week-end dernier, aupr\u00e8s de la gendarmerie. Elle affirme avoir \u00e9t\u00e9 victime d\u2019un viol collectif, commis par cinq gar\u00e7ons qui, de longue date, font partie de son cercle de connaissances, chez l&rsquo;un des mis en cause.<\/p>\n<p class=\"svelte-qfpp5o\">Les faits sont tr\u00e8s graves. Ils remonteraient \u00e0 la nuit du vendredi 2 au samedi 3 janvier 2026, dans la commune du Moule.<\/p>\n<p>Contr\u00f4le judiciaire avec interdiction de contact mutuels<\/p>\n<p class=\"svelte-qfpp5o\">La justice a pris tr\u00e8s au s\u00e9rieux son t\u00e9moignage, puisque les cinq suspects ont rapidement \u00e9t\u00e9 interpell\u00e9s et entendus, d\u00e8s le samedi. Ils ont d\u2019ores et d\u00e9j\u00e0 \u00e9t\u00e9 mis en examen, lundi, pour \u00ab\u00a0viol en r\u00e9union sur mineure de moins de 15 ans\u00a0\u00bb et plac\u00e9s sous contr\u00f4le judiciaire, dans l\u2019attente de leur proc\u00e8s. Il s\u2019agit de trois jeunes majeurs et de deux mineurs. Laiss\u00e9s libres, ils ont n\u00e9anmoins interdiction de se contacter mutuellement et, bien s\u00fbr, de contacter la victime.<\/p>\n<p class=\"svelte-qfpp5o\">Une information judiciaire a \u00e9t\u00e9 ouverte et confi\u00e9e \u00e0 la brigade de recherche de la gendarmerie du Moule, indique la procureure de la R\u00e9publique de Pointe-\u00e0-Pitre, Caroline Calbo. Les enqu\u00eateurs doivent confirmer la v\u00e9racit\u00e9 des \u00e9v\u00e8nements tels que d\u00e9crit par la plaignante, en d\u00e9terminer les circonstances, ainsi que le r\u00f4le et l\u2019implication de chacun des protagonistes. <\/p>\n<p class=\"svelte-qfpp5o\">Certains des mis en cause reconnaissent les faits, en les minimisant ; d&rsquo;autres les contestent.<\/p>\n<p>Un nouveau fait d&rsquo;une violence extr\u00eame en Guadeloupe<\/p>\n<p class=\"svelte-qfpp5o\">L&rsquo;instruction peut prendre une ann\u00e9e ; une ann\u00e9e durant laquelle la victime doit tenter de se reconstruire, avant de faire face \u00e0 ses bourreaux, dans une salle d&rsquo;audience.<\/p>\n<p class=\"svelte-qfpp5o\">L\u2019affaire, si elle se confirme, est source d\u2019effroi. Comment des \u00ab\u00a0amis\u00a0\u00bb ont-ils pu se transformer en agresseurs et infliger un tel traitement \u00e0 cette jeune fille, lui nuire, la souiller, l\u2019humilier, la violenter ainsi\u00a0? D\u00e9cid\u00e9ment, la violence, au fil des jours, semble franchir de nouveaux paliers, en Guadeloupe.<\/p>\n","protected":false},"excerpt":{"rendered":"Une adolescente de 15 ans a port\u00e9 plainte, le week-end dernier, aupr\u00e8s de la gendarmerie. Elle affirme avoir&hellip;\n","protected":false},"author":2,"featured_media":650886,"comment_status":"","ping_status":"","sticky":false,"template":"","format":"standard","meta":{"footnotes":""},"categories":[5],"tags":[11,1011,27,14,12,28],"class_list":{"0":"post-650885","1":"post","2":"type-post","3":"status-publish","4":"format-standard","5":"has-post-thumbnail","7":"category-international","8":"tag-actualites","9":"tag-fr","10":"tag-france","11":"tag-international","12":"tag-news","13":"tag-world"},"share_on_mastodon":{"url":"https:\/\/pubeurope.com\/@fr\/115863174743013603","error":""},"_links":{"self":[{"href":"https:\/\/www.europesays.com\/fr\/wp-json\/wp\/v2\/posts\/650885","targetHints":{"allow":["GET"]}}],"collection":[{"href":"https:\/\/www.europesays.com\/fr\/wp-json\/wp\/v2\/posts"}],"about":[{"href":"https:\/\/www.europesays.com\/fr\/wp-json\/wp\/v2\/types\/post"}],"author":[{"embeddable":true,"href":"https:\/\/www.europesays.com\/fr\/wp-json\/wp\/v2\/users\/2"}],"replies":[{"embeddable":true,"href":"https:\/\/www.europesays.com\/fr\/wp-json\/wp\/v2\/comments?post=650885"}],"version-history":[{"count":0,"href":"https:\/\/www.europesays.com\/fr\/wp-json\/wp\/v2\/posts\/650885\/revisions"}],"wp:featuredmedia":[{"embeddable":true,"href":"https:\/\/www.europesays.com\/fr\/wp-json\/wp\/v2\/media\/650886"}],"wp:attachment":[{"href":"https:\/\/www.europesays.com\/fr\/wp-json\/wp\/v2\/media?parent=650885"}],"wp:term":[{"taxonomy":"category","embeddable":true,"href":"https:\/\/www.europesays.com\/fr\/wp-json\/wp\/v2\/categories?post=650885"},{"taxonomy":"post_tag","embeddable":true,"href":"https:\/\/www.europesays.com\/fr\/wp-json\/wp\/v2\/tags?post=650885"}],"curies":[{"name":"wp","href":"https:\/\/api.w.org\/{rel}","templated":true}]}}