{"id":650888,"date":"2026-01-09T04:09:12","date_gmt":"2026-01-09T04:09:12","guid":{"rendered":"https:\/\/www.europesays.com\/fr\/650888\/"},"modified":"2026-01-09T04:09:12","modified_gmt":"2026-01-09T04:09:12","slug":"le-onze-de-depart-pour-le-trophee-des-champions-paris-saint-germain","status":"publish","type":"post","link":"https:\/\/www.europesays.com\/fr\/650888\/","title":{"rendered":"Le Onze de d\u00e9part pour le Troph\u00e9e des Champions &#8211; Paris Saint-Germain"},"content":{"rendered":"<ol>\n<li><a href=\"https:\/\/news.google.com\/rss\/articles\/CBMisgFBVV95cUxNaTdqQmYxaDJBOHVWcVJqSDlJU3otQUdHcXFVLXBoM2RrZGttQ0g4QllVWEdDZTdVcW9YV2VLVkNOQl9aTFhzR3ZDRmhCZ1J2MUJFWGJ3SXNGWGFTTXVEN1RQTHBXcTZCaFJWRmVHb1gwMTc4akZBcFd4MzZfc2c2U00yclU0Q2d5bk5LU0xxMmtxYWY1MWhQbXpjU041ZjFBMHVoX19IZVRXUGFzNEpkSUx3?oc=5\" target=\"_blank\" rel=\"noopener\">Le Onze de d\u00e9part pour le Troph\u00e9e des Champions<\/a>&nbsp;&nbsp;Paris Saint-Germain<\/li>\n<li><a href=\"https:\/\/news.google.com\/rss\/articles\/CBMi9wFBVV95cUxQNElOOC1JSDlXclAzaC02SGVLX2FsNFEzcWFKSWw2YkNCUTNERnJjcTdwb1Y3SGNkSHhIRmU0Z05zTkk1Nm5TVmUxNTB3TjhlLWpQRUJad0JQc2FYaFdaYnQ0TENNTE9DQmx5ZlZLbGxkS0pVYlBvUjRkTGRFYXZuS2J6RFJTNld6WHc3YXZsU19MX2xkc21tQnVzRl9Wbk9kYzJRNVZfRFBIYW9LTEs4TU9oT1VjTE1XVmQ4Vnp3WkxSeUN6ekJyNkFxVFBPdXhRWWd1cDBMaUZqTEt5MUVNLVZlT2RySWJIZFFWc1B2UEV6ZWdIMUF3?oc=5\" target=\"_blank\" rel=\"noopener\">Khvitcha Kvaratskhelia de retour c\u00f4t\u00e9 PSG et Amine Gouiri titularis\u00e9 par l&rsquo;OM : les compos du Troph\u00e9e des champions<\/a>&nbsp;&nbsp;L&rsquo;\u00c9quipe<\/li>\n<li><a href=\"https:\/\/news.google.com\/rss\/articles\/CBMiiwFBVV95cUxPRG5faDh3bjA3THN5ZF9CWUZJaHo4N3dDQ1poT1o0YU9CMFliYU5vV1JpSmw5Z01iYWtWZ1pTTlF3UzJfU0wtNE1uay03OEZvRkF5UVl4eHg5MlN1MEVDZmFRRVh6a0RzTmhaZ0t0UzJkemQ3Y0M4aUdFUHByOGpkcUhTaFBwVVRoTmlr0gGQAUFVX3lxTFBZYzM2dDh5NnpURm40bVpodHpta2JobGc5OExseEFUZEJkcEhjQlhBYm5ZUGNrS2szazZFSUJ4SkE3aDFVQkxxc3k4MGN0bXBXdnBsS3JaWDg0Q1ZXSlJRUUZtUHdhdEstWHg5RXZMRk9tc3VpVmQ4OWJ6LV8xX1dPRk5yZ1NSS1hPSjU4ZFFLag?oc=5\" target=\"_blank\" rel=\"noopener\">Kvaratskhelia de retour dans le onze contre Marseille ?<\/a>&nbsp;&nbsp;Canal Supporters PSG 24-7<\/li>\n<li><a href=\"https:\/\/news.google.com\/rss\/articles\/CBMi0AFBVV95cUxOVTNDYmp0R0dqX0NMTTY1akdXNExYaUVwbDFtejB3RjZmSE1Vd0N3UDA3ejZyYklCcGlaUWVIWGMya2kxS1Vqb1h3VTREN3BOdjUzUWNjcHAzS1d0cnNsWU5qbWtEY1ZhTHlBbmY4MXJIZ1B3eVh2ZTNEUkV5TjhlM2w2R2VsZTk4SDRHSGVEakpmYm5qN2ZrdkFGS2VBOGFlUnBHX3o0ek1uUk9qeUZJa0ZsY3pRNWRoWlQxajJqRE5tT20tSno5WlpzUkQ4ZW5I?oc=5\" target=\"_blank\" rel=\"noopener\">Pas de \u00ab nouveaux \u00bb bless\u00e9s avant le derby contre le Paris FC &#8211; Foot &#8211; Ligue 1<\/a>&nbsp;&nbsp;Sports &#8211; Orange<\/li>\n<li><a href=\"https:\/\/news.google.com\/rss\/articles\/CBMijAFBVV95cUxOOTJKTXFsZHBISUVCNTEzVm52ZG5yME5TRzQxWHFDQ3VhRFAxcFJLbng3dXkwM3UxdDZLZHljbmFtOEN3SGkwdS05ZG5jbmw1Z0lzc1NPRnhTN256Q2tSd1dWTEREQ0xHUmpwRU9wU3RzZExsNWJVZERnXzFDRUswb1Bfck9yLXJfNWlDcA?oc=5\" target=\"_blank\" rel=\"noopener\">Kvaratskhelia absent du PSG apr\u00e8s une blessure \u00e0 l\u2019entra\u00eenement<\/a>&nbsp;&nbsp;Mali Actu<\/li>\n<\/ol>\n","protected":false},"excerpt":{"rendered":"Le Onze de d\u00e9part pour le Troph\u00e9e des Champions&nbsp;&nbsp;Paris Saint-Germain Khvitcha Kvaratskhelia de retour c\u00f4t\u00e9 PSG et Amine&hellip;\n","protected":false},"author":2,"featured_media":650889,"comment_status":"","ping_status":"","sticky":false,"template":"","format":"standard","meta":{"footnotes":""},"categories":[2],"tags":[11,1011,27,12],"class_list":{"0":"post-650888","1":"post","2":"type-post","3":"status-publish","4":"format-standard","5":"has-post-thumbnail","7":"category-actualites","8":"tag-actualites","9":"tag-fr","10":"tag-france","11":"tag-news"},"share_on_mastodon":{"url":"https:\/\/pubeurope.com\/@fr\/115863182509082474","error":""},"_links":{"self":[{"href":"https:\/\/www.europesays.com\/fr\/wp-json\/wp\/v2\/posts\/650888","targetHints":{"allow":["GET"]}}],"collection":[{"href":"https:\/\/www.europesays.com\/fr\/wp-json\/wp\/v2\/posts"}],"about":[{"href":"https:\/\/www.europesays.com\/fr\/wp-json\/wp\/v2\/types\/post"}],"author":[{"embeddable":true,"href":"https:\/\/www.europesays.com\/fr\/wp-json\/wp\/v2\/users\/2"}],"replies":[{"embeddable":true,"href":"https:\/\/www.europesays.com\/fr\/wp-json\/wp\/v2\/comments?post=650888"}],"version-history":[{"count":0,"href":"https:\/\/www.europesays.com\/fr\/wp-json\/wp\/v2\/posts\/650888\/revisions"}],"wp:featuredmedia":[{"embeddable":true,"href":"https:\/\/www.europesays.com\/fr\/wp-json\/wp\/v2\/media\/650889"}],"wp:attachment":[{"href":"https:\/\/www.europesays.com\/fr\/wp-json\/wp\/v2\/media?parent=650888"}],"wp:term":[{"taxonomy":"category","embeddable":true,"href":"https:\/\/www.europesays.com\/fr\/wp-json\/wp\/v2\/categories?post=650888"},{"taxonomy":"post_tag","embeddable":true,"href":"https:\/\/www.europesays.com\/fr\/wp-json\/wp\/v2\/tags?post=650888"}],"curies":[{"name":"wp","href":"https:\/\/api.w.org\/{rel}","templated":true}]}}